{"id":2738068,"date":"2024-12-03T12:44:50","date_gmt":"2024-12-03T17:44:50","guid":{"rendered":"https:\/\/www.amom.net\/?p=2738068"},"modified":"2024-12-03T13:03:07","modified_gmt":"2024-12-03T18:03:07","slug":"sante-quebec-another-layer-of-wool-on-the-mammoth","status":"publish","type":"post","link":"https:\/\/www.amom.net\/en\/sante-quebec-another-layer-of-wool-on-the-mammoth\/","title":{"rendered":"Sant\u00e9 Qu\u00e9bec: another layer of wool on the mammoth"},"content":{"rendered":"\t\t<div data-elementor-type=\"wp-post\" data-elementor-id=\"2738068\" class=\"elementor elementor-2738068 elementor-2738051\" data-elementor-post-type=\"post\">\n\t\t\t\t\n\n\n\n<div data-particle_enable=\"false\" data-particle-mobile-disabled=\"false\" class=\"elementor-element elementor-element-394a585 e-flex e-con-boxed e-con e-parent\" data-id=\"394a585\" data-element_type=\"container\">\n\t\t\t\t\t<div class=\"e-con-inner\">\n\t\t\t\t<div class=\"elementor-element elementor-element-50b9dfd elementor-widget elementor-widget-accordion_oktane\" data-id=\"50b9dfd\" data-element_type=\"widget\" data-widget_type=\"accordion_oktane.default\">\n\t\t\t\t<div class=\"elementor-widget-container\">\n\t\t\t\t\t\n        <div class=\"Accordion\">\n            <div class=\"page-section page-section__wrapper\">\n                                    <div class=\"Accordion__item\">\n                        <div class=\"Accordion__content-wrapper\">\n                            <input type=\"checkbox\" id=\"faq-8461\" data-tab=\"1\" role=\"tabpanel\" aria-labelledby=\"accordion-title-8461\">\n                            <h4 class=\"Accordion__head-title\">\n                                <label for=\"faq-8461\">Table of Contents<\/label>\n                                <div class=\"Accordion__head-icon\">\n                                <\/div>\n                            <\/h4>\n                            <div class=\"Accordion__wysiwyg-content\">\n                                <div class=\"wp-content\">\n                                    <ul><li><a href=\"#manchette\">Headlines<\/a><\/li><li><a href=\"#Politique\">Healthcare Policy and Network Management<\/a><\/li><li><a href=\"#Etudes\">Studies, Discoveries and Medications<\/a><\/li><li><a href=\"#Autres\">Other Healthcare Professionals<\/a><\/li><li><a href=\"#Patients\">Patients and Personal Health<\/a><\/li><li><a href=\"#ailleurs\">Elsewhere in Qu\u00e9bec <\/a><\/li><li><a href=\"#Sante\">Healthcare in Canada and Beyond<\/a><\/li><li><a href=\"#Visionner\">Watch<\/a><\/li><li><a href=\"#Ecouter\">Listen<\/a><\/li><li><a href=\"#Caricature\">Caricatures and Social Media<\/a><\/li><\/ul>                                                                    <\/div>\n                            <\/div>\n                        <\/div>\n                    <\/div>\n                            <\/div>\n        <\/div>\n    \t\t\t\t<\/div>\n\t\t\t\t<\/div>\n\t\t\t\t\t<\/div>\n\t\t\t\t<\/div>\n\t\t<div data-particle_enable=\"false\" data-particle-mobile-disabled=\"false\" class=\"elementor-element elementor-element-5fbe63c e-flex e-con-boxed e-con e-parent\" data-id=\"5fbe63c\" data-element_type=\"container\">\n\t\t\t\t\t<div class=\"e-con-inner\">\n\t\t\t\t<div class=\"elementor-element elementor-element-85c94fb elementor-widget elementor-widget-menu-anchor\" data-id=\"85c94fb\" data-element_type=\"widget\" data-widget_type=\"menu-anchor.default\">\n\t\t\t\t<div class=\"elementor-widget-container\">\n\t\t\t\t\t\t\t<div class=\"elementor-menu-anchor\" id=\"manchette\"><\/div>\n\t\t\t\t\t\t<\/div>\n\t\t\t\t<\/div>\n\t\t\t\t<div class=\"elementor-element elementor-element-c8494f5 elementor-widget elementor-widget-wysiwyg_oktane\" data-id=\"c8494f5\" data-element_type=\"widget\" data-widget_type=\"wysiwyg_oktane.default\">\n\t\t\t\t<div class=\"elementor-widget-container\">\n\t\t\t\t\t\t\t<div class=\"wysiwyg\"\n        >\n            <div class=\"page-section page-section__wrapper\">\n                <div class=\"wysiwyg__wrapper\">\n                    <div class=\"wysiwyg__content wp-content\">\n                        <h2>Headlines<\/h2>                    <\/div>\n                <\/div>\n            <\/div>\n\t\t<\/div>\n\t\t\t\t\t\t<\/div>\n\t\t\t\t<\/div>\n\t\t\t\t<div class=\"elementor-element elementor-element-192f176 elementor-widget elementor-widget-wysiwyg_oktane\" data-id=\"192f176\" data-element_type=\"widget\" data-widget_type=\"wysiwyg_oktane.default\">\n\t\t\t\t<div class=\"elementor-widget-container\">\n\t\t\t\t\t\t\t<div class=\"wysiwyg\"\n        >\n            <div class=\"page-section page-section__wrapper\">\n                <div class=\"wysiwyg__wrapper\">\n                    <div class=\"wysiwyg__content wp-content\">\n                        <p><a href=\"https:\/\/www.journaldemontreal.com\/2024\/12\/03\/sante-quebec-la-tempete-parfaite\" target=\"_blank\" rel=\"noopener\"><strong> Sant\u00e9 Qu\u00e9bec: la temp\u00eate parfaite\u00a0 <\/strong><\/a><br \/>Journal de Montr\u00e9al<br \/>\u00a0<br \/><a href=\"https:\/\/www.tvanouvelles.ca\/2024\/12\/02\/sante-quebec-deja-il-y-a-un-espece-de-manque-de-transparence-dit-isabelle-marechal\" target=\"_blank\" rel=\"noopener\"><strong>Sant\u00e9 Qu\u00e9bec : \u2018D\u00e9j\u00e0, il y a une esp\u00e8ce de manque de transparence\u2019, dit Isabelle Mar\u00e9chal <\/strong><\/a><br \/>TVA Nouvelles<br \/>\u00a0<br \/><a href=\"https:\/\/www.enbeauce.com\/actualites\/chroniques\/626995\/jai-fait-un-beau-reve-2\" target=\"_blank\" rel=\"noopener\"><strong>J'ai fait un beau r\u00eave<\/strong><\/a><br \/>En Beauce<\/p>                    <\/div>\n                <\/div>\n            <\/div>\n\t\t<\/div>\n\t\t\t\t\t\t<\/div>\n\t\t\t\t<\/div>\n\t\t\t\t\t<\/div>\n\t\t\t\t<\/div>\n\t\t<div data-particle_enable=\"false\" data-particle-mobile-disabled=\"false\" class=\"elementor-element elementor-element-f2e0eb4 e-flex e-con-boxed e-con e-parent\" data-id=\"f2e0eb4\" data-element_type=\"container\">\n\t\t\t\t\t<div class=\"e-con-inner\">\n\t\t\t\t<div class=\"elementor-element elementor-element-80ff00d elementor-widget elementor-widget-menu-anchor\" data-id=\"80ff00d\" data-element_type=\"widget\" data-widget_type=\"menu-anchor.default\">\n\t\t\t\t<div class=\"elementor-widget-container\">\n\t\t\t\t\t\t\t<div class=\"elementor-menu-anchor\" id=\"Politique\"><\/div>\n\t\t\t\t\t\t<\/div>\n\t\t\t\t<\/div>\n\t\t\t\t<div class=\"elementor-element elementor-element-365a088 elementor-widget elementor-widget-wysiwyg_oktane\" data-id=\"365a088\" data-element_type=\"widget\" data-widget_type=\"wysiwyg_oktane.default\">\n\t\t\t\t<div class=\"elementor-widget-container\">\n\t\t\t\t\t\t\t<div class=\"wysiwyg\"\n        >\n            <div class=\"page-section page-section__wrapper\">\n                <div class=\"wysiwyg__wrapper\">\n                    <div class=\"wysiwyg__content wp-content\">\n                        <h2>Healthcare Policy and Network Management\u00a0<\/h2>                    <\/div>\n                <\/div>\n            <\/div>\n\t\t<\/div>\n\t\t\t\t\t\t<\/div>\n\t\t\t\t<\/div>\n\t\t\t\t<div class=\"elementor-element elementor-element-4319768 elementor-widget elementor-widget-wysiwyg_oktane\" data-id=\"4319768\" data-element_type=\"widget\" data-widget_type=\"wysiwyg_oktane.default\">\n\t\t\t\t<div class=\"elementor-widget-container\">\n\t\t\t\t\t\t\t<div class=\"wysiwyg\"\n        >\n            <div class=\"page-section page-section__wrapper\">\n                <div class=\"wysiwyg__wrapper\">\n                    <div class=\"wysiwyg__content wp-content\">\n                        <p><a href=\"https:\/\/www.tvanouvelles.ca\/2024\/11\/30\/sante-quebec-une-couche-de-laine-de-plus-sur-le-mammouth\" target=\"_blank\" rel=\"noopener\"><strong> Sant\u00e9 Qu\u00e9bec: une couche de laine de plus sur le mammouth<\/strong><\/a><br \/>TVA Nouvelles<br \/>\u00a0<br \/><a href=\"https:\/\/www.ledevoir.com\/opinion\/idees\/824761\/idees-sante-quebec-ou-art-deresponsabilisation-gouvernementale\" target=\"_blank\" rel=\"noopener\"><strong>Sant\u00e9 Qu\u00e9bec, ou l\u2019art de la d\u00e9responsabilisation gouvernementale<\/strong><\/a><br \/>Le Devoir<br \/>\u00a0<br \/><a href=\"https:\/\/www.journaldemontreal.com\/2024\/12\/03\/sante-quebec-la-recette-miracle-pour-perdre-20-de-son-poids-tres-rapidement\" target=\"_blank\" rel=\"noopener\"><strong>Sant\u00e9 Qu\u00e9bec: la recette miracle pour perdre 20% de son poids tr\u00e8s rapidement\u00a0 <\/strong><\/a><br \/>Journal de Montr\u00e9al<br \/>\u00a0<br \/><a href=\"https:\/\/www.ledevoir.com\/opinion\/idees\/824772\/idees-adapter-competence\" target=\"_blank\" rel=\"noopener\"><strong>S'adapter en comp\u00e9tence avec l'arriv\u00e9e de Sant\u00e9 Qu\u00e9bec<\/strong><\/a><br \/>Le Devoir<br \/>\u00a0<br \/><a href=\"https:\/\/www.latribune.ca\/chroniques\/valerie-gaudreau\/2024\/12\/01\/sante-quebec-pour-les-nuls-BXLUHCDMEVBD5CN7OSO7ROYKNE\/\" target=\"_blank\" rel=\"noopener\"><strong>Sant\u00e9 Qu\u00e9bec pour les nuls<\/strong><\/a><br \/>La Tribune<br \/>\u00a0<br \/><a href=\"https:\/\/www.lenouvelliste.ca\/opinions\/point-de-vue\/2024\/11\/29\/tous-les-yeux-rives-sur-sante-quebec-MWCO6TG73JC2TCJZKWPUFIW4MU\/\" target=\"_blank\" rel=\"noopener\"><strong>Tous les yeux riv\u00e9s sur Sant\u00e9 Qu\u00e9bec<\/strong><\/a><br \/>Le Nouvelliste<br \/>\u00a0<br \/><a href=\"https:\/\/www.tvanouvelles.ca\/2024\/12\/03\/sante-et-services-sociaux-le-vrai-changement-demande-du-courage-politique\" target=\"_blank\" rel=\"noopener\"><strong>Sant\u00e9 et services sociaux: le vrai changement demande du courage politique<\/strong><\/a><br \/>TVA Nouvelles<\/p>                    <\/div>\n                <\/div>\n            <\/div>\n\t\t<\/div>\n\t\t\t\t\t\t<\/div>\n\t\t\t\t<\/div>\n\t\t\t\t\t<\/div>\n\t\t\t\t<\/div>\n\t\t<div data-particle_enable=\"false\" data-particle-mobile-disabled=\"false\" class=\"elementor-element elementor-element-2136413 e-flex e-con-boxed e-con e-parent\" data-id=\"2136413\" data-element_type=\"container\">\n\t\t\t\t\t<div class=\"e-con-inner\">\n\t\t\t\t<div class=\"elementor-element elementor-element-eede8d4 elementor-widget elementor-widget-menu-anchor\" data-id=\"eede8d4\" data-element_type=\"widget\" data-widget_type=\"menu-anchor.default\">\n\t\t\t\t<div class=\"elementor-widget-container\">\n\t\t\t\t\t\t\t<div class=\"elementor-menu-anchor\" id=\"Etudes\"><\/div>\n\t\t\t\t\t\t<\/div>\n\t\t\t\t<\/div>\n\t\t\t\t<div class=\"elementor-element elementor-element-cc3e37c elementor-widget elementor-widget-wysiwyg_oktane\" data-id=\"cc3e37c\" data-element_type=\"widget\" data-widget_type=\"wysiwyg_oktane.default\">\n\t\t\t\t<div class=\"elementor-widget-container\">\n\t\t\t\t\t\t\t<div class=\"wysiwyg\"\n        >\n            <div class=\"page-section page-section__wrapper\">\n                <div class=\"wysiwyg__wrapper\">\n                    <div class=\"wysiwyg__content wp-content\">\n                        <h2>Studies, Discoveries and Medications<\/h2>                    <\/div>\n                <\/div>\n            <\/div>\n\t\t<\/div>\n\t\t\t\t\t\t<\/div>\n\t\t\t\t<\/div>\n\t\t\t\t<div class=\"elementor-element elementor-element-26823cc elementor-widget elementor-widget-wysiwyg_oktane\" data-id=\"26823cc\" data-element_type=\"widget\" data-widget_type=\"wysiwyg_oktane.default\">\n\t\t\t\t<div class=\"elementor-widget-container\">\n\t\t\t\t\t\t\t<div class=\"wysiwyg\"\n        >\n            <div class=\"page-section page-section__wrapper\">\n                <div class=\"wysiwyg__wrapper\">\n                    <div class=\"wysiwyg__content wp-content\">\n                        <p><a href=\"https:\/\/www.ctvnews.ca\/world\/a-twice-yearly-shot-could-help-end-aids-but-will-it-get-to-everyone-who-needs-it-1.7129610\" target=\"_blank\" rel=\"noopener\"><strong> A twice-yearly shot could help end AIDS. But will it get to everyone who needs it?<\/strong><\/a><br \/>CTV News<br \/>\u00a0<br \/><a href=\"https:\/\/bc.ctvnews.ca\/here-s-where-canadian-experts-stand-on-fluoridating-drinking-water-1.7130212\" target=\"_blank\" rel=\"noopener\"><strong>Here's where Canadian experts stand on fluoridating drinking water<\/strong><\/a><br \/>CTV News<br \/>\u00a0<br \/><a href=\"https:\/\/nouvelles.umontreal.ca\/article\/2024\/12\/02\/traquer-le-vih-en-dormance-dans-l-organisme-pour-enfin-l-eliminer\/\" target=\"_blank\" rel=\"noopener\"><strong>Traquer le VIH en dormance dans l\u2019organisme pour enfin l\u2019\u00e9liminer <\/strong><\/a><br \/>UdeM Nouvelles<br \/>\u00a0<br \/><a href=\"https:\/\/www.lapresse.ca\/actualites\/sciences\/2024-12-02\/une-etude-souligne-l-importance-d-un-horaire-de-sommeil-regulier.php\" target=\"_blank\" rel=\"noopener\"><strong>Une \u00e9tude souligne l\u2019importance d\u2019un horaire de sommeil r\u00e9gulier<\/strong><\/a><br \/>La Presse<br \/>\u00a0<br \/><a href=\"https:\/\/ici.radio-canada.ca\/nouvelle\/2123809\/covid-vaccination-faible-desinformation-politique\" target=\"_blank\" rel=\"noopener\"><strong>Les avantages de la vaccination se perdent dans la d\u00e9sinformation, selon des experts<\/strong><\/a><br \/>Radio-Canada<\/p>                    <\/div>\n                <\/div>\n            <\/div>\n\t\t<\/div>\n\t\t\t\t\t\t<\/div>\n\t\t\t\t<\/div>\n\t\t\t\t\t<\/div>\n\t\t\t\t<\/div>\n\t\t<div data-particle_enable=\"false\" data-particle-mobile-disabled=\"false\" class=\"elementor-element elementor-element-d58b686 e-flex e-con-boxed e-con e-parent\" data-id=\"d58b686\" data-element_type=\"container\">\n\t\t\t\t\t<div class=\"e-con-inner\">\n\t\t\t\t<div class=\"elementor-element elementor-element-d2064af elementor-widget elementor-widget-menu-anchor\" data-id=\"d2064af\" data-element_type=\"widget\" data-widget_type=\"menu-anchor.default\">\n\t\t\t\t<div class=\"elementor-widget-container\">\n\t\t\t\t\t\t\t<div class=\"elementor-menu-anchor\" id=\"Autres\"><\/div>\n\t\t\t\t\t\t<\/div>\n\t\t\t\t<\/div>\n\t\t\t\t<div class=\"elementor-element elementor-element-6037e4e elementor-widget elementor-widget-wysiwyg_oktane\" data-id=\"6037e4e\" data-element_type=\"widget\" data-widget_type=\"wysiwyg_oktane.default\">\n\t\t\t\t<div class=\"elementor-widget-container\">\n\t\t\t\t\t\t\t<div class=\"wysiwyg\"\n        >\n            <div class=\"page-section page-section__wrapper\">\n                <div class=\"wysiwyg__wrapper\">\n                    <div class=\"wysiwyg__content wp-content\">\n                        <h2>Other Healthcare Professionals<\/h2>                    <\/div>\n                <\/div>\n            <\/div>\n\t\t<\/div>\n\t\t\t\t\t\t<\/div>\n\t\t\t\t<\/div>\n\t\t\t\t<div class=\"elementor-element elementor-element-06cbed9 elementor-widget elementor-widget-wysiwyg_oktane\" data-id=\"06cbed9\" data-element_type=\"widget\" data-widget_type=\"wysiwyg_oktane.default\">\n\t\t\t\t<div class=\"elementor-widget-container\">\n\t\t\t\t\t\t\t<div class=\"wysiwyg\"\n        >\n            <div class=\"page-section page-section__wrapper\">\n                <div class=\"wysiwyg__wrapper\">\n                    <div class=\"wysiwyg__content wp-content\">\n                        <p><a href=\"https:\/\/www.lapresse.ca\/actualites\/sante\/2024-12-02\/luc-mathieu-reelu-pour-un-troisieme-mandat-a-la-tete-de-l-ordre-des-infirmieres.php\" target=\"_blank\" rel=\"noopener\"><strong> Luc Mathieu r\u00e9\u00e9lu pour un troisi\u00e8me mandat \u00e0 la t\u00eate de l\u2019Ordre des infirmi\u00e8res<\/strong><\/a><br \/>La Presse<\/p>                    <\/div>\n                <\/div>\n            <\/div>\n\t\t<\/div>\n\t\t\t\t\t\t<\/div>\n\t\t\t\t<\/div>\n\t\t\t\t\t<\/div>\n\t\t\t\t<\/div>\n\t\t<div data-particle_enable=\"false\" data-particle-mobile-disabled=\"false\" class=\"elementor-element elementor-element-8b2a2bc e-flex e-con-boxed e-con e-parent\" data-id=\"8b2a2bc\" data-element_type=\"container\">\n\t\t\t\t\t<div class=\"e-con-inner\">\n\t\t\t\t<div class=\"elementor-element elementor-element-24d7d12 elementor-widget elementor-widget-menu-anchor\" data-id=\"24d7d12\" data-element_type=\"widget\" data-widget_type=\"menu-anchor.default\">\n\t\t\t\t<div class=\"elementor-widget-container\">\n\t\t\t\t\t\t\t<div class=\"elementor-menu-anchor\" id=\"Patients\"><\/div>\n\t\t\t\t\t\t<\/div>\n\t\t\t\t<\/div>\n\t\t\t\t<div class=\"elementor-element elementor-element-1ac366d elementor-widget elementor-widget-wysiwyg_oktane\" data-id=\"1ac366d\" data-element_type=\"widget\" data-widget_type=\"wysiwyg_oktane.default\">\n\t\t\t\t<div class=\"elementor-widget-container\">\n\t\t\t\t\t\t\t<div class=\"wysiwyg\"\n        >\n            <div class=\"page-section page-section__wrapper\">\n                <div class=\"wysiwyg__wrapper\">\n                    <div class=\"wysiwyg__content wp-content\">\n                        <h2>Patients and Personal Health<\/h2>                    <\/div>\n                <\/div>\n            <\/div>\n\t\t<\/div>\n\t\t\t\t\t\t<\/div>\n\t\t\t\t<\/div>\n\t\t\t\t<div class=\"elementor-element elementor-element-5c79065 elementor-widget elementor-widget-wysiwyg_oktane\" data-id=\"5c79065\" data-element_type=\"widget\" data-widget_type=\"wysiwyg_oktane.default\">\n\t\t\t\t<div class=\"elementor-widget-container\">\n\t\t\t\t\t\t\t<div class=\"wysiwyg\"\n        >\n            <div class=\"page-section page-section__wrapper\">\n                <div class=\"wysiwyg__wrapper\">\n                    <div class=\"wysiwyg__content wp-content\">\n                        <p><a href=\"https:\/\/www.lapresse.ca\/dialogue\/opinions\/2024-12-02\/en-mode-solution\/voulons-nous-des-aines-fragiles-ou-actifs.php\" target=\"_blank\" rel=\"noopener\"><strong> Voulons-nous des a\u00een\u00e9s fragiles ou actifs ?<\/strong><\/a><br \/>La Presse<\/p>                    <\/div>\n                <\/div>\n            <\/div>\n\t\t<\/div>\n\t\t\t\t\t\t<\/div>\n\t\t\t\t<\/div>\n\t\t\t\t\t<\/div>\n\t\t\t\t<\/div>\n\t\t<div data-particle_enable=\"false\" data-particle-mobile-disabled=\"false\" class=\"elementor-element elementor-element-a95f006 e-flex e-con-boxed e-con e-parent\" data-id=\"a95f006\" data-element_type=\"container\">\n\t\t\t\t\t<div class=\"e-con-inner\">\n\t\t\t\t<div class=\"elementor-element elementor-element-0bb616a elementor-widget elementor-widget-menu-anchor\" data-id=\"0bb616a\" data-element_type=\"widget\" data-widget_type=\"menu-anchor.default\">\n\t\t\t\t<div class=\"elementor-widget-container\">\n\t\t\t\t\t\t\t<div class=\"elementor-menu-anchor\" id=\"ailleurs\"><\/div>\n\t\t\t\t\t\t<\/div>\n\t\t\t\t<\/div>\n\t\t\t\t<div class=\"elementor-element elementor-element-30d21b2 elementor-widget elementor-widget-wysiwyg_oktane\" data-id=\"30d21b2\" data-element_type=\"widget\" data-widget_type=\"wysiwyg_oktane.default\">\n\t\t\t\t<div class=\"elementor-widget-container\">\n\t\t\t\t\t\t\t<div class=\"wysiwyg\"\n        >\n            <div class=\"page-section page-section__wrapper\">\n                <div class=\"wysiwyg__wrapper\">\n                    <div class=\"wysiwyg__content wp-content\">\n                        <h2>Elsewhere in Qu\u00e9bec<\/h2>                    <\/div>\n                <\/div>\n            <\/div>\n\t\t<\/div>\n\t\t\t\t\t\t<\/div>\n\t\t\t\t<\/div>\n\t\t\t\t<div class=\"elementor-element elementor-element-531488d elementor-widget elementor-widget-wysiwyg_oktane\" data-id=\"531488d\" data-element_type=\"widget\" data-widget_type=\"wysiwyg_oktane.default\">\n\t\t\t\t<div class=\"elementor-widget-container\">\n\t\t\t\t\t\t\t<div class=\"wysiwyg\"\n        >\n            <div class=\"page-section page-section__wrapper\">\n                <div class=\"wysiwyg__wrapper\">\n                    <div class=\"wysiwyg__content wp-content\">\n                        <p><a href=\"https:\/\/ici.radio-canada.ca\/nouvelle\/2123899\/hopital-ciusss-fiq-agence-publique\" target=\"_blank\" rel=\"noopener\"><strong> Des inqui\u00e9tudes et des questions \u00e0 l\u2019endroit de Sant\u00e9 Qu\u00e9bec persistent dans la r\u00e9gion <\/strong><\/a><br \/>Radio-Canada<br \/>\u00a0<br \/><a href=\"https:\/\/ici.radio-canada.ca\/nouvelle\/2123741\/sante-quebec-ciusss-mcq-syndicat\" target=\"_blank\" rel=\"noopener\"><strong>Le CIUSSS MCQ \u00e9met une s\u00e9rie de directives pour r\u00e9cup\u00e9rer pr\u00e8s de 50 M$\u00a0 <\/strong><\/a><br \/>Radio-Canada<\/p>                    <\/div>\n                <\/div>\n            <\/div>\n\t\t<\/div>\n\t\t\t\t\t\t<\/div>\n\t\t\t\t<\/div>\n\t\t\t\t\t<\/div>\n\t\t\t\t<\/div>\n\t\t<div data-particle_enable=\"false\" data-particle-mobile-disabled=\"false\" class=\"elementor-element elementor-element-2392efd e-flex e-con-boxed e-con e-parent\" data-id=\"2392efd\" data-element_type=\"container\">\n\t\t\t\t\t<div class=\"e-con-inner\">\n\t\t\t\t<div class=\"elementor-element elementor-element-e007452 elementor-widget elementor-widget-menu-anchor\" data-id=\"e007452\" data-element_type=\"widget\" data-widget_type=\"menu-anchor.default\">\n\t\t\t\t<div class=\"elementor-widget-container\">\n\t\t\t\t\t\t\t<div class=\"elementor-menu-anchor\" id=\"Sante\"><\/div>\n\t\t\t\t\t\t<\/div>\n\t\t\t\t<\/div>\n\t\t\t\t<div class=\"elementor-element elementor-element-bb3a497 elementor-widget elementor-widget-wysiwyg_oktane\" data-id=\"bb3a497\" data-element_type=\"widget\" data-widget_type=\"wysiwyg_oktane.default\">\n\t\t\t\t<div class=\"elementor-widget-container\">\n\t\t\t\t\t\t\t<div class=\"wysiwyg\"\n        >\n            <div class=\"page-section page-section__wrapper\">\n                <div class=\"wysiwyg__wrapper\">\n                    <div class=\"wysiwyg__content wp-content\">\n                        <h2>Healthcare in Canada and Beyond<\/h2>                    <\/div>\n                <\/div>\n            <\/div>\n\t\t<\/div>\n\t\t\t\t\t\t<\/div>\n\t\t\t\t<\/div>\n\t\t\t\t<div class=\"elementor-element elementor-element-02a2085 elementor-widget elementor-widget-wysiwyg_oktane\" data-id=\"02a2085\" data-element_type=\"widget\" data-widget_type=\"wysiwyg_oktane.default\">\n\t\t\t\t<div class=\"elementor-widget-container\">\n\t\t\t\t\t\t\t<div class=\"wysiwyg\"\n        >\n            <div class=\"page-section page-section__wrapper\">\n                <div class=\"wysiwyg__wrapper\">\n                    <div class=\"wysiwyg__content wp-content\">\n                        <p><a href=\"https:\/\/ici.radio-canada.ca\/nouvelle\/2082150\/hopitaux-ruraux-grey-bruce-durham-chesley-coalition-sante\" target=\"_blank\" rel=\"noopener\"><strong> \u2018Une incompr\u00e9hension des r\u00e9alit\u00e9s rurales\u2019 : la crise des petits h\u00f4pitaux ontariens <\/strong><\/a><br \/>Radio-Canada<br \/>\u00a0<br \/><a href=\"https:\/\/www.lapresse.ca\/actualites\/sante\/2024-12-02\/covid-19\/des-elus-americains-estiment-que-la-fuite-d-un-laboratoire-est-l-hypothese-la-plus-plausible.php\" target=\"_blank\" rel=\"noopener\"><strong>Des \u00e9lus am\u00e9ricains estiment que la fuite d\u2019un laboratoire est l\u2019hypoth\u00e8se \u2018la plus plausible\u2019<\/strong><\/a><br \/>La Presse<\/p>                    <\/div>\n                <\/div>\n            <\/div>\n\t\t<\/div>\n\t\t\t\t\t\t<\/div>\n\t\t\t\t<\/div>\n\t\t\t\t\t<\/div>\n\t\t\t\t<\/div>\n\t\t<div data-particle_enable=\"false\" data-particle-mobile-disabled=\"false\" class=\"elementor-element elementor-element-b907cdf e-flex e-con-boxed e-con e-parent\" data-id=\"b907cdf\" data-element_type=\"container\">\n\t\t\t\t\t<div class=\"e-con-inner\">\n\t\t\t\t<div class=\"elementor-element elementor-element-82c1116 elementor-widget elementor-widget-menu-anchor\" data-id=\"82c1116\" data-element_type=\"widget\" data-widget_type=\"menu-anchor.default\">\n\t\t\t\t<div class=\"elementor-widget-container\">\n\t\t\t\t\t\t\t<div class=\"elementor-menu-anchor\" id=\"Visionner\"><\/div>\n\t\t\t\t\t\t<\/div>\n\t\t\t\t<\/div>\n\t\t\t\t<div class=\"elementor-element elementor-element-b531867 elementor-widget elementor-widget-wysiwyg_oktane\" data-id=\"b531867\" data-element_type=\"widget\" data-widget_type=\"wysiwyg_oktane.default\">\n\t\t\t\t<div class=\"elementor-widget-container\">\n\t\t\t\t\t\t\t<div class=\"wysiwyg\"\n        >\n            <div class=\"page-section page-section__wrapper\">\n                <div class=\"wysiwyg__wrapper\">\n                    <div class=\"wysiwyg__content wp-content\">\n                        <h2>Watch<\/h2>                    <\/div>\n                <\/div>\n            <\/div>\n\t\t<\/div>\n\t\t\t\t\t\t<\/div>\n\t\t\t\t<\/div>\n\t\t\t\t<div class=\"elementor-element elementor-element-33fab04 elementor-widget elementor-widget-wysiwyg_oktane\" data-id=\"33fab04\" data-element_type=\"widget\" data-widget_type=\"wysiwyg_oktane.default\">\n\t\t\t\t<div class=\"elementor-widget-container\">\n\t\t\t\t\t\t\t<div class=\"wysiwyg\"\n        >\n            <div class=\"page-section page-section__wrapper\">\n                <div class=\"wysiwyg__wrapper\">\n                    <div class=\"wysiwyg__content wp-content\">\n                        <p><a href=\"https:\/\/www.assnat.qc.ca\/fr\/video-audio\/archives-parlementaires\/travaux-assemblee\/AudioVideo-106709.html\" target=\"_blank\" rel=\"noopener\"><strong> S\u00e9ance de l\u2019Assembl\u00e9e - P\u00e9riode de questions et r\u00e9ponses orales<\/strong><\/a><br \/>En date du 29 novembre 2024<br \/>\u00c0 partir d\u2019environ 29 minutes et 20 secondes, il est notamment question des n\u00e9gociations avec les m\u00e9decins sp\u00e9cialistes et le bilan de la CAQ en sant\u00e9<\/p>                    <\/div>\n                <\/div>\n            <\/div>\n\t\t<\/div>\n\t\t\t\t\t\t<\/div>\n\t\t\t\t<\/div>\n\t\t\t\t\t<\/div>\n\t\t\t\t<\/div>\n\t\t<div data-particle_enable=\"false\" data-particle-mobile-disabled=\"false\" class=\"elementor-element elementor-element-b7ecbbb e-flex e-con-boxed e-con e-parent\" data-id=\"b7ecbbb\" data-element_type=\"container\">\n\t\t\t\t\t<div class=\"e-con-inner\">\n\t\t\t\t<div class=\"elementor-element elementor-element-ba9461a elementor-widget elementor-widget-menu-anchor\" data-id=\"ba9461a\" data-element_type=\"widget\" data-widget_type=\"menu-anchor.default\">\n\t\t\t\t<div class=\"elementor-widget-container\">\n\t\t\t\t\t\t\t<div class=\"elementor-menu-anchor\" id=\"Ecouter\"><\/div>\n\t\t\t\t\t\t<\/div>\n\t\t\t\t<\/div>\n\t\t\t\t<div class=\"elementor-element elementor-element-23f28c3 elementor-widget elementor-widget-wysiwyg_oktane\" data-id=\"23f28c3\" data-element_type=\"widget\" data-widget_type=\"wysiwyg_oktane.default\">\n\t\t\t\t<div class=\"elementor-widget-container\">\n\t\t\t\t\t\t\t<div class=\"wysiwyg\"\n        >\n            <div class=\"page-section page-section__wrapper\">\n                <div class=\"wysiwyg__wrapper\">\n                    <div class=\"wysiwyg__content wp-content\">\n                        <h2>Listen<\/h2>                    <\/div>\n                <\/div>\n            <\/div>\n\t\t<\/div>\n\t\t\t\t\t\t<\/div>\n\t\t\t\t<\/div>\n\t\t\t\t<div class=\"elementor-element elementor-element-3409898 elementor-widget elementor-widget-wysiwyg_oktane\" data-id=\"3409898\" data-element_type=\"widget\" data-widget_type=\"wysiwyg_oktane.default\">\n\t\t\t\t<div class=\"elementor-widget-container\">\n\t\t\t\t\t\t\t<div class=\"wysiwyg\"\n        >\n            <div class=\"page-section page-section__wrapper\">\n                <div class=\"wysiwyg__wrapper\">\n                    <div class=\"wysiwyg__content wp-content\">\n                        <p><a href=\"https:\/\/www.985fm.ca\/audio\/663908\/sante-quebec-et-genevieve-biron-c-est-beaucoup-de-bla-bla\" target=\"_blank\" rel=\"noopener\"><strong> Sant\u00e9 Qu\u00e9bec et Genevi\u00e8ve Biron : \u2018C'est beaucoup de bla bla\u2019<\/strong><\/a><br \/>Discussion entre les animateurs de l\u2019\u00e9mission<br \/>Extrait de l\u2019\u00e9mission de radio \u2018La commission\u2019 au 98,5 fm<br \/>\u00a0<br \/><a href=\"https:\/\/ici.radio-canada.ca\/ohdio\/premiere\/emissions\/le-15-18\/segments\/rattrapage\/1930540\/gouvernance-avec-remy-trudel-sante-quebec-en-activite\" target=\"_blank\" rel=\"noopener\"><strong>Sant\u00e9 Qu\u00e9bec en activit\u00e9<\/strong><\/a><br \/>Entrevue avec R\u00e9my Trudel, ancien ministre de la Sant\u00e9 et des Services sociaux<br \/>Extrait de l\u2019\u00e9mission de radio \u2018Le 15-18\u2019 sur Radio-Canada Premi\u00e8re<br \/>\u00a0<br \/><a href=\"https:\/\/ici.radio-canada.ca\/ohdio\/premiere\/emissions\/penelope\/segments\/rattrapage\/1931321\/dre-sophie-vadeboncoeur-saison-qui-demange\" target=\"_blank\" rel=\"noopener\"><strong>La saison qui d\u00e9mange<\/strong><\/a><br \/>Entrevue avec Dre Sophie Vadeboncoeur, dermatologue<br \/>Extrait de l\u2019\u00e9mission de radio \u2018Le 15-18\u2019 sur Radio-Canada Premi\u00e8re<br \/>\u00a0<br \/><a href=\"https:\/\/ici.radio-canada.ca\/ohdio\/premiere\/emissions\/penelope\/segments\/rattrapage\/1931323\/dre-chantal-vallee-traitement-pour-infections-pied-diabetique\" target=\"_blank\" rel=\"noopener\"><strong>Traitement pour les infections du pied diab\u00e9tique<\/strong><\/a><br \/>Entrevue avec Dre Chantal Vall\u00e9e, interniste et cheffe du d\u00e9partement de m\u00e9decine sp\u00e9cialis\u00e9e de l\u2019h\u00f4pital Charles-Lemoyne<br \/>Extrait de l\u2019\u00e9mission de radio \u2018P\u00e9n\u00e9lope\u2019 sur Radio-Canada Premi\u00e8re<\/p>                    <\/div>\n                <\/div>\n            <\/div>\n\t\t<\/div>\n\t\t\t\t\t\t<\/div>\n\t\t\t\t<\/div>\n\t\t\t\t\t<\/div>\n\t\t\t\t<\/div>\n\t\t<div data-particle_enable=\"false\" data-particle-mobile-disabled=\"false\" class=\"elementor-element elementor-element-5a40346 e-flex e-con-boxed e-con e-parent\" data-id=\"5a40346\" data-element_type=\"container\">\n\t\t\t\t\t<div class=\"e-con-inner\">\n\t\t\t\t<div class=\"elementor-element elementor-element-8dd831d elementor-widget elementor-widget-menu-anchor\" data-id=\"8dd831d\" data-element_type=\"widget\" data-widget_type=\"menu-anchor.default\">\n\t\t\t\t<div class=\"elementor-widget-container\">\n\t\t\t\t\t\t\t<div class=\"elementor-menu-anchor\" id=\"Caricature\"><\/div>\n\t\t\t\t\t\t<\/div>\n\t\t\t\t<\/div>\n\t\t\t\t<div class=\"elementor-element elementor-element-7c812cb elementor-widget elementor-widget-wysiwyg_oktane\" data-id=\"7c812cb\" data-element_type=\"widget\" data-widget_type=\"wysiwyg_oktane.default\">\n\t\t\t\t<div class=\"elementor-widget-container\">\n\t\t\t\t\t\t\t<div class=\"wysiwyg\"\n        >\n            <div class=\"page-section page-section__wrapper\">\n                <div class=\"wysiwyg__wrapper\">\n                    <div class=\"wysiwyg__content wp-content\">\n                        <h2>Caricatures and Social Media<\/h2>                    <\/div>\n                <\/div>\n            <\/div>\n\t\t<\/div>\n\t\t\t\t\t\t<\/div>\n\t\t\t\t<\/div>\n\t\t\t\t<div class=\"elementor-element elementor-element-41ddf76 gallery-spacing-custom elementor-widget elementor-widget-image-gallery\" data-id=\"41ddf76\" data-element_type=\"widget\" data-widget_type=\"image-gallery.default\">\n\t\t\t\t<div class=\"elementor-widget-container\">\n\t\t\t\t\t\t\t<div class=\"elementor-image-gallery\">\n\t\t\t<div id='gallery-1' class='gallery galleryid-2738068 gallery-columns-1 gallery-size-large'><figure class='gallery-item'>\n\t\t\t<div class='gallery-icon landscape'>\n\t\t\t\t<a data-elementor-open-lightbox=\"yes\" data-elementor-lightbox-slideshow=\"41ddf76\" data-elementor-lightbox-title=\"caricature-ygreck-min\" data-e-action-hash=\"#elementor-action%3Aaction%3Dlightbox%26settings%3DeyJpZCI6MjczODA1NCwidXJsIjoiaHR0cHM6XC9cL3d3dy5hbW9tLm5ldFwvd3AtY29udGVudFwvdXBsb2Fkc1wvMjAyNFwvMTJcL2NhcmljYXR1cmUteWdyZWNrLW1pbi5qcGciLCJzbGlkZXNob3ciOiI0MWRkZjc2In0%3D\" href='https:\/\/www.amom.net\/wp-content\/uploads\/2024\/12\/caricature-ygreck-min.jpg'><img fetchpriority=\"high\" decoding=\"async\" width=\"1024\" height=\"715\" src=\"https:\/\/www.amom.net\/wp-content\/uploads\/2024\/12\/caricature-ygreck-min-1024x715.jpg\" class=\"attachment-large size-large\" alt=\"\" aria-describedby=\"gallery-1-2738054\" srcset=\"https:\/\/www.amom.net\/wp-content\/uploads\/2024\/12\/caricature-ygreck-min-1024x715.jpg 1024w, https:\/\/www.amom.net\/wp-content\/uploads\/2024\/12\/caricature-ygreck-min-300x209.jpg 300w, https:\/\/www.amom.net\/wp-content\/uploads\/2024\/12\/caricature-ygreck-min-768x536.jpg 768w, https:\/\/www.amom.net\/wp-content\/uploads\/2024\/12\/caricature-ygreck-min-600x419.jpg 600w, https:\/\/www.amom.net\/wp-content\/uploads\/2024\/12\/caricature-ygreck-min.jpg 1400w\" sizes=\"(max-width: 1024px) 100vw, 1024px\" \/><\/a>\n\t\t\t<\/div>\n\t\t\t\t<figcaption class='wp-caption-text gallery-caption' id='gallery-1-2738054'>\n\t\t\t\thttps:\/\/www.journaldemontreal.com\/2024\/12\/02\/la-caricature-dygreck-en-video-lagence-sante-quebec-est-nee\n\t\t\t\t<\/figcaption><\/figure><figure class='gallery-item'>\n\t\t\t<div class='gallery-icon landscape'>\n\t\t\t\t<a data-elementor-open-lightbox=\"yes\" data-elementor-lightbox-slideshow=\"41ddf76\" data-elementor-lightbox-title=\"tweet-dre-bernier-min\" data-e-action-hash=\"#elementor-action%3Aaction%3Dlightbox%26settings%3DeyJpZCI6MjczODA1NiwidXJsIjoiaHR0cHM6XC9cL3d3dy5hbW9tLm5ldFwvd3AtY29udGVudFwvdXBsb2Fkc1wvMjAyNFwvMTJcL3R3ZWV0LWRyZS1iZXJuaWVyLW1pbi5wbmciLCJzbGlkZXNob3ciOiI0MWRkZjc2In0%3D\" href='https:\/\/www.amom.net\/wp-content\/uploads\/2024\/12\/tweet-dre-bernier-min.png'><img decoding=\"async\" width=\"1024\" height=\"734\" src=\"https:\/\/www.amom.net\/wp-content\/uploads\/2024\/12\/tweet-dre-bernier-min-1024x734.png\" class=\"attachment-large size-large\" alt=\"\" srcset=\"https:\/\/www.amom.net\/wp-content\/uploads\/2024\/12\/tweet-dre-bernier-min-1024x734.png 1024w, https:\/\/www.amom.net\/wp-content\/uploads\/2024\/12\/tweet-dre-bernier-min-300x215.png 300w, https:\/\/www.amom.net\/wp-content\/uploads\/2024\/12\/tweet-dre-bernier-min-768x550.png 768w, https:\/\/www.amom.net\/wp-content\/uploads\/2024\/12\/tweet-dre-bernier-min-600x430.png 600w, https:\/\/www.amom.net\/wp-content\/uploads\/2024\/12\/tweet-dre-bernier-min.png 1172w\" sizes=\"(max-width: 1024px) 100vw, 1024px\" \/><\/a>\n\t\t\t<\/div><\/figure><figure class='gallery-item'>\n\t\t\t<div class='gallery-icon landscape'>\n\t\t\t\t<a data-elementor-open-lightbox=\"yes\" data-elementor-lightbox-slideshow=\"41ddf76\" data-elementor-lightbox-title=\"tweet-dre-boisclair-1-min\" data-e-action-hash=\"#elementor-action%3Aaction%3Dlightbox%26settings%3DeyJpZCI6MjczODA1OCwidXJsIjoiaHR0cHM6XC9cL3d3dy5hbW9tLm5ldFwvd3AtY29udGVudFwvdXBsb2Fkc1wvMjAyNFwvMTJcL3R3ZWV0LWRyZS1ib2lzY2xhaXItMS1taW4ucG5nIiwic2xpZGVzaG93IjoiNDFkZGY3NiJ9\" href='https:\/\/www.amom.net\/wp-content\/uploads\/2024\/12\/tweet-dre-boisclair-1-min.png'><img decoding=\"async\" width=\"1024\" height=\"565\" src=\"https:\/\/www.amom.net\/wp-content\/uploads\/2024\/12\/tweet-dre-boisclair-1-min-1024x565.png\" class=\"attachment-large size-large\" alt=\"\" srcset=\"https:\/\/www.amom.net\/wp-content\/uploads\/2024\/12\/tweet-dre-boisclair-1-min-1024x565.png 1024w, https:\/\/www.amom.net\/wp-content\/uploads\/2024\/12\/tweet-dre-boisclair-1-min-300x166.png 300w, https:\/\/www.amom.net\/wp-content\/uploads\/2024\/12\/tweet-dre-boisclair-1-min-768x424.png 768w, https:\/\/www.amom.net\/wp-content\/uploads\/2024\/12\/tweet-dre-boisclair-1-min-600x331.png 600w, https:\/\/www.amom.net\/wp-content\/uploads\/2024\/12\/tweet-dre-boisclair-1-min.png 1178w\" sizes=\"(max-width: 1024px) 100vw, 1024px\" \/><\/a>\n\t\t\t<\/div><\/figure><figure class='gallery-item'>\n\t\t\t<div class='gallery-icon landscape'>\n\t\t\t\t<a data-elementor-open-lightbox=\"yes\" data-elementor-lightbox-slideshow=\"41ddf76\" data-elementor-lightbox-title=\"tweet-dre-boisclair-2-min\" data-e-action-hash=\"#elementor-action%3Aaction%3Dlightbox%26settings%3DeyJpZCI6MjczODA2MCwidXJsIjoiaHR0cHM6XC9cL3d3dy5hbW9tLm5ldFwvd3AtY29udGVudFwvdXBsb2Fkc1wvMjAyNFwvMTJcL3R3ZWV0LWRyZS1ib2lzY2xhaXItMi1taW4ucG5nIiwic2xpZGVzaG93IjoiNDFkZGY3NiJ9\" href='https:\/\/www.amom.net\/wp-content\/uploads\/2024\/12\/tweet-dre-boisclair-2-min.png'><img loading=\"lazy\" decoding=\"async\" width=\"1024\" height=\"749\" src=\"https:\/\/www.amom.net\/wp-content\/uploads\/2024\/12\/tweet-dre-boisclair-2-min-1024x749.png\" class=\"attachment-large size-large\" alt=\"\" srcset=\"https:\/\/www.amom.net\/wp-content\/uploads\/2024\/12\/tweet-dre-boisclair-2-min-1024x749.png 1024w, https:\/\/www.amom.net\/wp-content\/uploads\/2024\/12\/tweet-dre-boisclair-2-min-300x219.png 300w, https:\/\/www.amom.net\/wp-content\/uploads\/2024\/12\/tweet-dre-boisclair-2-min-768x561.png 768w, https:\/\/www.amom.net\/wp-content\/uploads\/2024\/12\/tweet-dre-boisclair-2-min-600x439.png 600w, https:\/\/www.amom.net\/wp-content\/uploads\/2024\/12\/tweet-dre-boisclair-2-min.png 1182w\" sizes=\"(max-width: 1024px) 100vw, 1024px\" \/><\/a>\n\t\t\t<\/div><\/figure><figure class='gallery-item'>\n\t\t\t<div class='gallery-icon landscape'>\n\t\t\t\t<a data-elementor-open-lightbox=\"yes\" data-elementor-lightbox-slideshow=\"41ddf76\" data-elementor-lightbox-title=\"tweet-dre-boisclair-3-min\" data-e-action-hash=\"#elementor-action%3Aaction%3Dlightbox%26settings%3DeyJpZCI6MjczODA2MiwidXJsIjoiaHR0cHM6XC9cL3d3dy5hbW9tLm5ldFwvd3AtY29udGVudFwvdXBsb2Fkc1wvMjAyNFwvMTJcL3R3ZWV0LWRyZS1ib2lzY2xhaXItMy1taW4ucG5nIiwic2xpZGVzaG93IjoiNDFkZGY3NiJ9\" href='https:\/\/www.amom.net\/wp-content\/uploads\/2024\/12\/tweet-dre-boisclair-3-min.png'><img loading=\"lazy\" decoding=\"async\" width=\"1024\" height=\"604\" src=\"https:\/\/www.amom.net\/wp-content\/uploads\/2024\/12\/tweet-dre-boisclair-3-min-1024x604.png\" class=\"attachment-large size-large\" alt=\"\" srcset=\"https:\/\/www.amom.net\/wp-content\/uploads\/2024\/12\/tweet-dre-boisclair-3-min-1024x604.png 1024w, https:\/\/www.amom.net\/wp-content\/uploads\/2024\/12\/tweet-dre-boisclair-3-min-300x177.png 300w, https:\/\/www.amom.net\/wp-content\/uploads\/2024\/12\/tweet-dre-boisclair-3-min-768x453.png 768w, https:\/\/www.amom.net\/wp-content\/uploads\/2024\/12\/tweet-dre-boisclair-3-min-600x354.png 600w, https:\/\/www.amom.net\/wp-content\/uploads\/2024\/12\/tweet-dre-boisclair-3-min.png 1174w\" sizes=\"(max-width: 1024px) 100vw, 1024px\" \/><\/a>\n\t\t\t<\/div><\/figure><figure class='gallery-item'>\n\t\t\t<div class='gallery-icon landscape'>\n\t\t\t\t<a data-elementor-open-lightbox=\"yes\" data-elementor-lightbox-slideshow=\"41ddf76\" data-elementor-lightbox-title=\"tweet-dre-boisclair-4-min\" data-e-action-hash=\"#elementor-action%3Aaction%3Dlightbox%26settings%3DeyJpZCI6MjczODA2NCwidXJsIjoiaHR0cHM6XC9cL3d3dy5hbW9tLm5ldFwvd3AtY29udGVudFwvdXBsb2Fkc1wvMjAyNFwvMTJcL3R3ZWV0LWRyZS1ib2lzY2xhaXItNC1taW4ucG5nIiwic2xpZGVzaG93IjoiNDFkZGY3NiJ9\" href='https:\/\/www.amom.net\/wp-content\/uploads\/2024\/12\/tweet-dre-boisclair-4-min.png'><img loading=\"lazy\" decoding=\"async\" width=\"1024\" height=\"929\" src=\"https:\/\/www.amom.net\/wp-content\/uploads\/2024\/12\/tweet-dre-boisclair-4-min-1024x929.png\" class=\"attachment-large size-large\" alt=\"\" srcset=\"https:\/\/www.amom.net\/wp-content\/uploads\/2024\/12\/tweet-dre-boisclair-4-min-1024x929.png 1024w, https:\/\/www.amom.net\/wp-content\/uploads\/2024\/12\/tweet-dre-boisclair-4-min-300x272.png 300w, https:\/\/www.amom.net\/wp-content\/uploads\/2024\/12\/tweet-dre-boisclair-4-min-768x697.png 768w, https:\/\/www.amom.net\/wp-content\/uploads\/2024\/12\/tweet-dre-boisclair-4-min-600x544.png 600w, https:\/\/www.amom.net\/wp-content\/uploads\/2024\/12\/tweet-dre-boisclair-4-min.png 1184w\" sizes=\"(max-width: 1024px) 100vw, 1024px\" \/><\/a>\n\t\t\t<\/div><\/figure>\n\t\t<\/div>\n\t\t<\/div>\n\t\t\t\t\t\t<\/div>\n\t\t\t\t<\/div>\n\t\t\t\t\t<\/div>\n\t\t\t\t<\/div>\n\t\t\t\t<\/div>\n\t\t","protected":false},"excerpt":{"rendered":"<p>Table of Contents Headlines Healthcare Policy and Network Management Studies, Discoveries and Medications Other Healthcare Professionals Patients and Personal Health Elsewhere in Qu\u00e9bec Healthcare in Canada and Beyond Watch Listen Caricatures and Social Media Headlines Sant\u00e9 Qu\u00e9bec: la temp\u00eate parfaite\u00a0 Journal de Montr\u00e9al Sant\u00e9 Qu\u00e9bec : \u2018D\u00e9j\u00e0, il y a une esp\u00e8ce de manque de [&hellip;]<\/p>\n","protected":false},"author":252,"featured_media":0,"comment_status":"open","ping_status":"open","sticky":false,"template":"","format":"standard","meta":{"_acf_changed":false,"footnotes":""},"categories":[103],"tags":[],"class_list":["post-2738068","post","type-post","status-publish","format-standard","hentry","category-press-reviews"],"acf":[],"yoast_head":"<!-- This site is optimized with the Yoast SEO plugin v26.8 - https:\/\/yoast.com\/product\/yoast-seo-wordpress\/ -->\n<title>Sant\u00e9 Qu\u00e9bec: another layer of wool on the mammoth - Association des m\u00e9decins omnipraticiens de Montr\u00e9al<\/title>\n<meta name=\"robots\" content=\"index, follow, max-snippet:-1, max-image-preview:large, max-video-preview:-1\" \/>\n<link rel=\"canonical\" href=\"https:\/\/www.amom.net\/en\/sante-quebec-another-layer-of-wool-on-the-mammoth\/\" \/>\n<meta property=\"og:locale\" content=\"en_US\" \/>\n<meta property=\"og:type\" content=\"article\" \/>\n<meta property=\"og:title\" content=\"Sant\u00e9 Qu\u00e9bec: another layer of wool on the mammoth - Association des m\u00e9decins omnipraticiens de Montr\u00e9al\" \/>\n<meta property=\"og:description\" content=\"Table of Contents Headlines Healthcare Policy and Network Management Studies, Discoveries and Medications Other Healthcare Professionals Patients and Personal Health Elsewhere in Qu\u00e9bec Healthcare in Canada and Beyond Watch Listen Caricatures and Social Media Headlines Sant\u00e9 Qu\u00e9bec: la temp\u00eate parfaite\u00a0 Journal de Montr\u00e9al Sant\u00e9 Qu\u00e9bec : \u2018D\u00e9j\u00e0, il y a une esp\u00e8ce de manque de [&hellip;]\" \/>\n<meta property=\"og:url\" content=\"https:\/\/www.amom.net\/en\/sante-quebec-another-layer-of-wool-on-the-mammoth\/\" \/>\n<meta property=\"og:site_name\" content=\"Association des m\u00e9decins omnipraticiens de Montr\u00e9al\" \/>\n<meta property=\"article:publisher\" content=\"https:\/\/www.facebook.com\/profile.php?id=100064821276218\" \/>\n<meta property=\"article:published_time\" content=\"2024-12-03T17:44:50+00:00\" \/>\n<meta property=\"article:modified_time\" content=\"2024-12-03T18:03:07+00:00\" \/>\n<meta property=\"og:image\" content=\"https:\/\/www.amom.net\/wp-content\/uploads\/2024\/12\/caricature-ygreck-min-1024x715.jpg\" \/>\n<meta name=\"author\" content=\"Catherine Vachon, responsable des communications\" \/>\n<meta name=\"twitter:card\" content=\"summary_large_image\" \/>\n<meta name=\"twitter:label1\" content=\"Written by\" \/>\n\t<meta name=\"twitter:data1\" content=\"Catherine Vachon, responsable des communications\" \/>\n\t<meta name=\"twitter:label2\" content=\"Est. reading time\" \/>\n\t<meta name=\"twitter:data2\" content=\"4 minutes\" \/>\n<script type=\"application\/ld+json\" class=\"yoast-schema-graph\">{\"@context\":\"https:\/\/schema.org\",\"@graph\":[{\"@type\":\"Article\",\"@id\":\"https:\/\/www.amom.net\/en\/sante-quebec-another-layer-of-wool-on-the-mammoth\/#article\",\"isPartOf\":{\"@id\":\"https:\/\/www.amom.net\/en\/sante-quebec-another-layer-of-wool-on-the-mammoth\/\"},\"author\":{\"name\":\"Catherine Vachon, responsable des communications\",\"@id\":\"https:\/\/www.amom.net\/#\/schema\/person\/bdf6b293e92f24f62c11388c92549978\"},\"headline\":\"Sant\u00e9 Qu\u00e9bec: another layer of wool on the mammoth\",\"datePublished\":\"2024-12-03T17:44:50+00:00\",\"dateModified\":\"2024-12-03T18:03:07+00:00\",\"mainEntityOfPage\":{\"@id\":\"https:\/\/www.amom.net\/en\/sante-quebec-another-layer-of-wool-on-the-mammoth\/\"},\"wordCount\":564,\"commentCount\":0,\"publisher\":{\"@id\":\"https:\/\/www.amom.net\/#organization\"},\"image\":{\"@id\":\"https:\/\/www.amom.net\/en\/sante-quebec-another-layer-of-wool-on-the-mammoth\/#primaryimage\"},\"thumbnailUrl\":\"https:\/\/www.amom.net\/wp-content\/uploads\/2024\/12\/caricature-ygreck-min-1024x715.jpg\",\"articleSection\":[\"Press\u00a0Reviews\"],\"inLanguage\":\"en-US\",\"potentialAction\":[{\"@type\":\"CommentAction\",\"name\":\"Comment\",\"target\":[\"https:\/\/www.amom.net\/en\/sante-quebec-another-layer-of-wool-on-the-mammoth\/#respond\"]}]},{\"@type\":\"WebPage\",\"@id\":\"https:\/\/www.amom.net\/en\/sante-quebec-another-layer-of-wool-on-the-mammoth\/\",\"url\":\"https:\/\/www.amom.net\/en\/sante-quebec-another-layer-of-wool-on-the-mammoth\/\",\"name\":\"Sant\u00e9 Qu\u00e9bec: another layer of wool on the mammoth - Association des m\u00e9decins omnipraticiens de Montr\u00e9al\",\"isPartOf\":{\"@id\":\"https:\/\/www.amom.net\/#website\"},\"primaryImageOfPage\":{\"@id\":\"https:\/\/www.amom.net\/en\/sante-quebec-another-layer-of-wool-on-the-mammoth\/#primaryimage\"},\"image\":{\"@id\":\"https:\/\/www.amom.net\/en\/sante-quebec-another-layer-of-wool-on-the-mammoth\/#primaryimage\"},\"thumbnailUrl\":\"https:\/\/www.amom.net\/wp-content\/uploads\/2024\/12\/caricature-ygreck-min-1024x715.jpg\",\"datePublished\":\"2024-12-03T17:44:50+00:00\",\"dateModified\":\"2024-12-03T18:03:07+00:00\",\"breadcrumb\":{\"@id\":\"https:\/\/www.amom.net\/en\/sante-quebec-another-layer-of-wool-on-the-mammoth\/#breadcrumb\"},\"inLanguage\":\"en-US\",\"potentialAction\":[{\"@type\":\"ReadAction\",\"target\":[\"https:\/\/www.amom.net\/en\/sante-quebec-another-layer-of-wool-on-the-mammoth\/\"]}]},{\"@type\":\"ImageObject\",\"inLanguage\":\"en-US\",\"@id\":\"https:\/\/www.amom.net\/en\/sante-quebec-another-layer-of-wool-on-the-mammoth\/#primaryimage\",\"url\":\"https:\/\/www.amom.net\/wp-content\/uploads\/2024\/12\/caricature-ygreck-min-1024x715.jpg\",\"contentUrl\":\"https:\/\/www.amom.net\/wp-content\/uploads\/2024\/12\/caricature-ygreck-min-1024x715.jpg\"},{\"@type\":\"BreadcrumbList\",\"@id\":\"https:\/\/www.amom.net\/en\/sante-quebec-another-layer-of-wool-on-the-mammoth\/#breadcrumb\",\"itemListElement\":[{\"@type\":\"ListItem\",\"position\":1,\"name\":\"Accueil\",\"item\":\"https:\/\/www.amom.net\/\"},{\"@type\":\"ListItem\",\"position\":2,\"name\":\"Sant\u00e9 Qu\u00e9bec: another layer of wool on the mammoth\"}]},{\"@type\":\"WebSite\",\"@id\":\"https:\/\/www.amom.net\/#website\",\"url\":\"https:\/\/www.amom.net\/\",\"name\":\"Association des m\u00e9decins omnipraticiens de Montr\u00e9al\",\"description\":\"\",\"publisher\":{\"@id\":\"https:\/\/www.amom.net\/#organization\"},\"potentialAction\":[{\"@type\":\"SearchAction\",\"target\":{\"@type\":\"EntryPoint\",\"urlTemplate\":\"https:\/\/www.amom.net\/?s={search_term_string}\"},\"query-input\":{\"@type\":\"PropertyValueSpecification\",\"valueRequired\":true,\"valueName\":\"search_term_string\"}}],\"inLanguage\":\"en-US\"},{\"@type\":\"Organization\",\"@id\":\"https:\/\/www.amom.net\/#organization\",\"name\":\"Association des m\u00e9decins omnipraticiens de Montr\u00e9al\",\"url\":\"https:\/\/www.amom.net\/\",\"logo\":{\"@type\":\"ImageObject\",\"inLanguage\":\"en-US\",\"@id\":\"https:\/\/www.amom.net\/#\/schema\/logo\/image\/\",\"url\":\"https:\/\/www.amom.net\/wp-content\/uploads\/2023\/09\/logo-amom-1.svg\",\"contentUrl\":\"https:\/\/www.amom.net\/wp-content\/uploads\/2023\/09\/logo-amom-1.svg\",\"width\":281,\"height\":129,\"caption\":\"Association des m\u00e9decins omnipraticiens de Montr\u00e9al\"},\"image\":{\"@id\":\"https:\/\/www.amom.net\/#\/schema\/logo\/image\/\"},\"sameAs\":[\"https:\/\/www.facebook.com\/profile.php?id=100064821276218\"]},{\"@type\":\"Person\",\"@id\":\"https:\/\/www.amom.net\/#\/schema\/person\/bdf6b293e92f24f62c11388c92549978\",\"name\":\"Catherine Vachon, responsable des communications\",\"image\":{\"@type\":\"ImageObject\",\"inLanguage\":\"en-US\",\"@id\":\"https:\/\/www.amom.net\/#\/schema\/person\/image\/\",\"url\":\"https:\/\/secure.gravatar.com\/avatar\/875f8cc9ba46e8298385f0b18b815b56a1ef0cdde318a62dd90e2b5b83f44a30?s=96&d=mm&r=g\",\"contentUrl\":\"https:\/\/secure.gravatar.com\/avatar\/875f8cc9ba46e8298385f0b18b815b56a1ef0cdde318a62dd90e2b5b83f44a30?s=96&d=mm&r=g\",\"caption\":\"Catherine Vachon, responsable des communications\"},\"url\":\"https:\/\/www.amom.net\/en\/author\/cvachon\/\"}]}<\/script>\n<!-- \/ Yoast SEO plugin. -->","yoast_head_json":{"title":"Sant\u00e9 Qu\u00e9bec: another layer of wool on the mammoth - Association des m\u00e9decins omnipraticiens de Montr\u00e9al","robots":{"index":"index","follow":"follow","max-snippet":"max-snippet:-1","max-image-preview":"max-image-preview:large","max-video-preview":"max-video-preview:-1"},"canonical":"https:\/\/www.amom.net\/en\/sante-quebec-another-layer-of-wool-on-the-mammoth\/","og_locale":"en_US","og_type":"article","og_title":"Sant\u00e9 Qu\u00e9bec: another layer of wool on the mammoth - Association des m\u00e9decins omnipraticiens de Montr\u00e9al","og_description":"Table of Contents Headlines Healthcare Policy and Network Management Studies, Discoveries and Medications Other Healthcare Professionals Patients and Personal Health Elsewhere in Qu\u00e9bec Healthcare in Canada and Beyond Watch Listen Caricatures and Social Media Headlines Sant\u00e9 Qu\u00e9bec: la temp\u00eate parfaite\u00a0 Journal de Montr\u00e9al Sant\u00e9 Qu\u00e9bec : \u2018D\u00e9j\u00e0, il y a une esp\u00e8ce de manque de [&hellip;]","og_url":"https:\/\/www.amom.net\/en\/sante-quebec-another-layer-of-wool-on-the-mammoth\/","og_site_name":"Association des m\u00e9decins omnipraticiens de Montr\u00e9al","article_publisher":"https:\/\/www.facebook.com\/profile.php?id=100064821276218","article_published_time":"2024-12-03T17:44:50+00:00","article_modified_time":"2024-12-03T18:03:07+00:00","og_image":[{"url":"https:\/\/www.amom.net\/wp-content\/uploads\/2024\/12\/caricature-ygreck-min-1024x715.jpg","type":"","width":"","height":""}],"author":"Catherine Vachon, responsable des communications","twitter_card":"summary_large_image","twitter_misc":{"Written by":"Catherine Vachon, responsable des communications","Est. reading time":"4 minutes"},"schema":{"@context":"https:\/\/schema.org","@graph":[{"@type":"Article","@id":"https:\/\/www.amom.net\/en\/sante-quebec-another-layer-of-wool-on-the-mammoth\/#article","isPartOf":{"@id":"https:\/\/www.amom.net\/en\/sante-quebec-another-layer-of-wool-on-the-mammoth\/"},"author":{"name":"Catherine Vachon, responsable des communications","@id":"https:\/\/www.amom.net\/#\/schema\/person\/bdf6b293e92f24f62c11388c92549978"},"headline":"Sant\u00e9 Qu\u00e9bec: another layer of wool on the mammoth","datePublished":"2024-12-03T17:44:50+00:00","dateModified":"2024-12-03T18:03:07+00:00","mainEntityOfPage":{"@id":"https:\/\/www.amom.net\/en\/sante-quebec-another-layer-of-wool-on-the-mammoth\/"},"wordCount":564,"commentCount":0,"publisher":{"@id":"https:\/\/www.amom.net\/#organization"},"image":{"@id":"https:\/\/www.amom.net\/en\/sante-quebec-another-layer-of-wool-on-the-mammoth\/#primaryimage"},"thumbnailUrl":"https:\/\/www.amom.net\/wp-content\/uploads\/2024\/12\/caricature-ygreck-min-1024x715.jpg","articleSection":["Press\u00a0Reviews"],"inLanguage":"en-US","potentialAction":[{"@type":"CommentAction","name":"Comment","target":["https:\/\/www.amom.net\/en\/sante-quebec-another-layer-of-wool-on-the-mammoth\/#respond"]}]},{"@type":"WebPage","@id":"https:\/\/www.amom.net\/en\/sante-quebec-another-layer-of-wool-on-the-mammoth\/","url":"https:\/\/www.amom.net\/en\/sante-quebec-another-layer-of-wool-on-the-mammoth\/","name":"Sant\u00e9 Qu\u00e9bec: another layer of wool on the mammoth - Association des m\u00e9decins omnipraticiens de Montr\u00e9al","isPartOf":{"@id":"https:\/\/www.amom.net\/#website"},"primaryImageOfPage":{"@id":"https:\/\/www.amom.net\/en\/sante-quebec-another-layer-of-wool-on-the-mammoth\/#primaryimage"},"image":{"@id":"https:\/\/www.amom.net\/en\/sante-quebec-another-layer-of-wool-on-the-mammoth\/#primaryimage"},"thumbnailUrl":"https:\/\/www.amom.net\/wp-content\/uploads\/2024\/12\/caricature-ygreck-min-1024x715.jpg","datePublished":"2024-12-03T17:44:50+00:00","dateModified":"2024-12-03T18:03:07+00:00","breadcrumb":{"@id":"https:\/\/www.amom.net\/en\/sante-quebec-another-layer-of-wool-on-the-mammoth\/#breadcrumb"},"inLanguage":"en-US","potentialAction":[{"@type":"ReadAction","target":["https:\/\/www.amom.net\/en\/sante-quebec-another-layer-of-wool-on-the-mammoth\/"]}]},{"@type":"ImageObject","inLanguage":"en-US","@id":"https:\/\/www.amom.net\/en\/sante-quebec-another-layer-of-wool-on-the-mammoth\/#primaryimage","url":"https:\/\/www.amom.net\/wp-content\/uploads\/2024\/12\/caricature-ygreck-min-1024x715.jpg","contentUrl":"https:\/\/www.amom.net\/wp-content\/uploads\/2024\/12\/caricature-ygreck-min-1024x715.jpg"},{"@type":"BreadcrumbList","@id":"https:\/\/www.amom.net\/en\/sante-quebec-another-layer-of-wool-on-the-mammoth\/#breadcrumb","itemListElement":[{"@type":"ListItem","position":1,"name":"Accueil","item":"https:\/\/www.amom.net\/"},{"@type":"ListItem","position":2,"name":"Sant\u00e9 Qu\u00e9bec: another layer of wool on the mammoth"}]},{"@type":"WebSite","@id":"https:\/\/www.amom.net\/#website","url":"https:\/\/www.amom.net\/","name":"Association des m\u00e9decins omnipraticiens de Montr\u00e9al","description":"","publisher":{"@id":"https:\/\/www.amom.net\/#organization"},"potentialAction":[{"@type":"SearchAction","target":{"@type":"EntryPoint","urlTemplate":"https:\/\/www.amom.net\/?s={search_term_string}"},"query-input":{"@type":"PropertyValueSpecification","valueRequired":true,"valueName":"search_term_string"}}],"inLanguage":"en-US"},{"@type":"Organization","@id":"https:\/\/www.amom.net\/#organization","name":"Association des m\u00e9decins omnipraticiens de Montr\u00e9al","url":"https:\/\/www.amom.net\/","logo":{"@type":"ImageObject","inLanguage":"en-US","@id":"https:\/\/www.amom.net\/#\/schema\/logo\/image\/","url":"https:\/\/www.amom.net\/wp-content\/uploads\/2023\/09\/logo-amom-1.svg","contentUrl":"https:\/\/www.amom.net\/wp-content\/uploads\/2023\/09\/logo-amom-1.svg","width":281,"height":129,"caption":"Association des m\u00e9decins omnipraticiens de Montr\u00e9al"},"image":{"@id":"https:\/\/www.amom.net\/#\/schema\/logo\/image\/"},"sameAs":["https:\/\/www.facebook.com\/profile.php?id=100064821276218"]},{"@type":"Person","@id":"https:\/\/www.amom.net\/#\/schema\/person\/bdf6b293e92f24f62c11388c92549978","name":"Catherine Vachon, responsable des communications","image":{"@type":"ImageObject","inLanguage":"en-US","@id":"https:\/\/www.amom.net\/#\/schema\/person\/image\/","url":"https:\/\/secure.gravatar.com\/avatar\/875f8cc9ba46e8298385f0b18b815b56a1ef0cdde318a62dd90e2b5b83f44a30?s=96&d=mm&r=g","contentUrl":"https:\/\/secure.gravatar.com\/avatar\/875f8cc9ba46e8298385f0b18b815b56a1ef0cdde318a62dd90e2b5b83f44a30?s=96&d=mm&r=g","caption":"Catherine Vachon, responsable des communications"},"url":"https:\/\/www.amom.net\/en\/author\/cvachon\/"}]}},"_links":{"self":[{"href":"https:\/\/www.amom.net\/en\/wp-json\/wp\/v2\/posts\/2738068","targetHints":{"allow":["GET"]}}],"collection":[{"href":"https:\/\/www.amom.net\/en\/wp-json\/wp\/v2\/posts"}],"about":[{"href":"https:\/\/www.amom.net\/en\/wp-json\/wp\/v2\/types\/post"}],"author":[{"embeddable":true,"href":"https:\/\/www.amom.net\/en\/wp-json\/wp\/v2\/users\/252"}],"replies":[{"embeddable":true,"href":"https:\/\/www.amom.net\/en\/wp-json\/wp\/v2\/comments?post=2738068"}],"version-history":[{"count":5,"href":"https:\/\/www.amom.net\/en\/wp-json\/wp\/v2\/posts\/2738068\/revisions"}],"predecessor-version":[{"id":2738073,"href":"https:\/\/www.amom.net\/en\/wp-json\/wp\/v2\/posts\/2738068\/revisions\/2738073"}],"wp:attachment":[{"href":"https:\/\/www.amom.net\/en\/wp-json\/wp\/v2\/media?parent=2738068"}],"wp:term":[{"taxonomy":"category","embeddable":true,"href":"https:\/\/www.amom.net\/en\/wp-json\/wp\/v2\/categories?post=2738068"},{"taxonomy":"post_tag","embeddable":true,"href":"https:\/\/www.amom.net\/en\/wp-json\/wp\/v2\/tags?post=2738068"}],"curies":[{"name":"wp","href":"https:\/\/api.w.org\/{rel}","templated":true}]}}