{"id":2738142,"date":"2024-12-04T16:03:50","date_gmt":"2024-12-04T21:03:50","guid":{"rendered":"https:\/\/www.amom.net\/?p=2738142"},"modified":"2024-12-04T16:30:59","modified_gmt":"2024-12-04T21:30:59","slug":"new-doctors-obliged-to-practice-in-the-public-sector-for-five-years","status":"publish","type":"post","link":"https:\/\/www.amom.net\/en\/new-doctors-obliged-to-practice-in-the-public-sector-for-five-years\/","title":{"rendered":"New doctors obliged to practice in the public sector for five years"},"content":{"rendered":"\t\t<div data-elementor-type=\"wp-post\" data-elementor-id=\"2738142\" class=\"elementor elementor-2738142 elementor-2738094\" data-elementor-post-type=\"post\">\n\t\t\t\t<div data-particle_enable=\"false\" data-particle-mobile-disabled=\"false\" class=\"elementor-element elementor-element-394a585 e-flex e-con-boxed e-con e-parent\" data-id=\"394a585\" data-element_type=\"container\">\n\t\t\t\t\t<div class=\"e-con-inner\">\n\t\t\n\n\n\n\t\t<div class=\"elementor-element elementor-element-50b9dfd elementor-widget elementor-widget-accordion_oktane\" data-id=\"50b9dfd\" data-element_type=\"widget\" data-widget_type=\"accordion_oktane.default\">\n\t\t\t\t<div class=\"elementor-widget-container\">\n\t\t\t\t\t\n        <div class=\"Accordion\">\n            <div class=\"page-section page-section__wrapper\">\n                                    <div class=\"Accordion__item\">\n                        <div class=\"Accordion__content-wrapper\">\n                            <input type=\"checkbox\" id=\"faq-8461\" data-tab=\"1\" role=\"tabpanel\" aria-labelledby=\"accordion-title-8461\">\n                            <h4 class=\"Accordion__head-title\">\n                                <label for=\"faq-8461\">Table of Contents<\/label>\n                                <div class=\"Accordion__head-icon\">\n                                <\/div>\n                            <\/h4>\n                            <div class=\"Accordion__wysiwyg-content\">\n                                <div class=\"wp-content\">\n                                    <ul><li><a href=\"#manchette\">Headlines<\/a><\/li><li><a href=\"#Politique\">Healthcare Policy and Network Management<\/a><\/li><li><a href=\"#Etudes\">Studies, Discoveries and Medications<\/a><\/li><li><a href=\"#Autres\">Other Healthcare Professionals<\/a><\/li><li><a href=\"#Patients\">Patients and Personal Health<\/a><\/li><li><a href=\"#ailleurs\">Elsewhere in Qu\u00e9bec <\/a><\/li><li><a href=\"#Sante\">Healthcare in Canada and Beyond<\/a><\/li><li><a href=\"#Visionner\">Watch<\/a><\/li><li><a href=\"#Ecouter\">Listen<\/a><\/li><li><a href=\"#Caricature\">Caricatures and Social Media<\/a><\/li><\/ul>                                                                    <\/div>\n                            <\/div>\n                        <\/div>\n                    <\/div>\n                            <\/div>\n        <\/div>\n    \t\t\t\t<\/div>\n\t\t\t\t<\/div>\n\t\t\t\t\t<\/div>\n\t\t\t\t<\/div>\n\t\t<div data-particle_enable=\"false\" data-particle-mobile-disabled=\"false\" class=\"elementor-element elementor-element-5fbe63c e-flex e-con-boxed e-con e-parent\" data-id=\"5fbe63c\" data-element_type=\"container\">\n\t\t\t\t\t<div class=\"e-con-inner\">\n\t\t\t\t<div class=\"elementor-element elementor-element-85c94fb elementor-widget elementor-widget-menu-anchor\" data-id=\"85c94fb\" data-element_type=\"widget\" data-widget_type=\"menu-anchor.default\">\n\t\t\t\t<div class=\"elementor-widget-container\">\n\t\t\t\t\t\t\t<div class=\"elementor-menu-anchor\" id=\"manchette\"><\/div>\n\t\t\t\t\t\t<\/div>\n\t\t\t\t<\/div>\n\t\t\t\t<div class=\"elementor-element elementor-element-c8494f5 elementor-widget elementor-widget-wysiwyg_oktane\" data-id=\"c8494f5\" data-element_type=\"widget\" data-widget_type=\"wysiwyg_oktane.default\">\n\t\t\t\t<div class=\"elementor-widget-container\">\n\t\t\t\t\t\t\t<div class=\"wysiwyg\"\n        >\n            <div class=\"page-section page-section__wrapper\">\n                <div class=\"wysiwyg__wrapper\">\n                    <div class=\"wysiwyg__content wp-content\">\n                        <h2>Headlines<\/h2>                    <\/div>\n                <\/div>\n            <\/div>\n\t\t<\/div>\n\t\t\t\t\t\t<\/div>\n\t\t\t\t<\/div>\n\t\t\t\t<div class=\"elementor-element elementor-element-192f176 elementor-widget elementor-widget-wysiwyg_oktane\" data-id=\"192f176\" data-element_type=\"widget\" data-widget_type=\"wysiwyg_oktane.default\">\n\t\t\t\t<div class=\"elementor-widget-container\">\n\t\t\t\t\t\t\t<div class=\"wysiwyg\"\n        >\n            <div class=\"page-section page-section__wrapper\">\n                <div class=\"wysiwyg__wrapper\">\n                    <div class=\"wysiwyg__content wp-content\">\n                        <p><a href=\"https:\/\/fmoq.org\/dossier-actualites\/declaration-officielle-pl-83\/\" target=\"_blank\" rel=\"noopener\"><strong> D\u00e9claration officielle - D\u00e9p\u00f4t du projet de loi 83<\/strong><\/a><br \/>Communiqu\u00e9 de la F\u00e9d\u00e9ration des m\u00e9decins omnipraticiens du Qu\u00e9bec (FMOQ)<br \/>\u00a0<br \/><a href=\"https:\/\/www.lapresse.ca\/actualites\/sante\/2024-12-03\/les-nouveaux-medecins-obliges-de-pratiquer-cinq-ans-au-public.php\" target=\"_blank\" rel=\"noopener\"><strong>Les nouveaux m\u00e9decins oblig\u00e9s de pratiquer cinq ans au public<\/strong><\/a><br \/>La Presse<br \/>\u00a0<br \/><a href=\"https:\/\/ici.radio-canada.ca\/nouvelle\/2124149\/medecins-public-prive-quebec-projet-loi-83\" target=\"_blank\" rel=\"noopener\"><strong>Les m\u00e9decins form\u00e9s au Qu\u00e9bec devront travailler 5 ans au public\u00a0 <\/strong><\/a><br \/>Radio-Canada<br \/>\u00a0<br \/><a href=\"https:\/\/www.tvanouvelles.ca\/2024\/12\/03\/les-medecins-obliges-de-travailler-durant-cinq-ans-dans-le-reseau-public\" target=\"_blank\" rel=\"noopener\"><strong>Les m\u00e9decins oblig\u00e9s de travailler durant cinq ans dans le r\u00e9seau public qu\u00e9b\u00e9cois<\/strong><\/a><br \/>TVA Nouvelles<br \/>\u00a0<br \/><a href=\"https:\/\/montrealgazette.com\/news\/local-news\/quebec-bill-would-force-graduating-doctors-to-work-in-public-system-for-5-years\" target=\"_blank\" rel=\"noopener\"><strong>New doctors could face fines up to $200,000 for going private under Quebec bill<\/strong><\/a><br \/>The Gazette<br \/>\u00a0<br \/><a href=\"https:\/\/www.journaldemontreal.com\/2024\/12\/04\/plus-de-chirurgies-gratuites-dans-les-centres-medicaux-specialises-des-le-19-decembre\" target=\"_blank\" rel=\"noopener\"><strong>Plus de chirurgies gratuites dans les centres m\u00e9dicaux sp\u00e9cialis\u00e9s d\u00e8s le 19 d\u00e9cembre<\/strong><\/a><br \/>Journal de Montr\u00e9al<\/p>                    <\/div>\n                <\/div>\n            <\/div>\n\t\t<\/div>\n\t\t\t\t\t\t<\/div>\n\t\t\t\t<\/div>\n\t\t\t\t\t<\/div>\n\t\t\t\t<\/div>\n\t\t<div data-particle_enable=\"false\" data-particle-mobile-disabled=\"false\" class=\"elementor-element elementor-element-f2e0eb4 e-flex e-con-boxed e-con e-parent\" data-id=\"f2e0eb4\" data-element_type=\"container\">\n\t\t\t\t\t<div class=\"e-con-inner\">\n\t\t\t\t<div class=\"elementor-element elementor-element-80ff00d elementor-widget elementor-widget-menu-anchor\" data-id=\"80ff00d\" data-element_type=\"widget\" data-widget_type=\"menu-anchor.default\">\n\t\t\t\t<div class=\"elementor-widget-container\">\n\t\t\t\t\t\t\t<div class=\"elementor-menu-anchor\" id=\"Politique\"><\/div>\n\t\t\t\t\t\t<\/div>\n\t\t\t\t<\/div>\n\t\t\t\t<div class=\"elementor-element elementor-element-365a088 elementor-widget elementor-widget-wysiwyg_oktane\" data-id=\"365a088\" data-element_type=\"widget\" data-widget_type=\"wysiwyg_oktane.default\">\n\t\t\t\t<div class=\"elementor-widget-container\">\n\t\t\t\t\t\t\t<div class=\"wysiwyg\"\n        >\n            <div class=\"page-section page-section__wrapper\">\n                <div class=\"wysiwyg__wrapper\">\n                    <div class=\"wysiwyg__content wp-content\">\n                        <h2>Healthcare Policy and Network Management<\/h2>                    <\/div>\n                <\/div>\n            <\/div>\n\t\t<\/div>\n\t\t\t\t\t\t<\/div>\n\t\t\t\t<\/div>\n\t\t\t\t<div class=\"elementor-element elementor-element-4319768 elementor-widget elementor-widget-wysiwyg_oktane\" data-id=\"4319768\" data-element_type=\"widget\" data-widget_type=\"wysiwyg_oktane.default\">\n\t\t\t\t<div class=\"elementor-widget-container\">\n\t\t\t\t\t\t\t<div class=\"wysiwyg\"\n        >\n            <div class=\"page-section page-section__wrapper\">\n                <div class=\"wysiwyg__wrapper\">\n                    <div class=\"wysiwyg__content wp-content\">\n                        <p><a href=\"https:\/\/www.journaldemontreal.com\/2024\/12\/04\/syndiques-du-secteur-public-sonia-lebel-veut-revoir-la-facon-de-negocier\" target=\"_blank\" rel=\"noopener\"><strong> La pr\u00e9sidente du Conseil du tr\u00e9sor, Sonia Lebel, annonce une r\u00e9forme majeure du r\u00e9gime de n\u00e9gociation des conventions collectives avec les syndicats<\/strong><\/a><br \/>Journal de Montr\u00e9al<br \/>\u00a0<br \/><a href=\"https:\/\/www.journaldemontreal.com\/2024\/12\/03\/sante-quebec-le-poudlard-des-temps-modernes\" target=\"_blank\" rel=\"noopener\"><strong>Sant\u00e9 Qu\u00e9bec: le Poudlard des temps modernes<\/strong><\/a><br \/>Journal de Montr\u00e9al<br \/>\u00a0<br \/><a href=\"https:\/\/www.24heures.ca\/2024\/12\/03\/sante-quebec-officiellement-lancee-voici-combien-gagne-genevieve-biron-la-top-gun-de-la-sante\" target=\"_blank\" rel=\"noopener\"><strong>Sant\u00e9 Qu\u00e9bec officiellement lanc\u00e9e: voici combien gagne Genevi\u00e8ve Biron, la \u2018top gun\u2019 de la sant\u00e9\u00a0 <\/strong><\/a><br \/>24h heures<\/p>                    <\/div>\n                <\/div>\n            <\/div>\n\t\t<\/div>\n\t\t\t\t\t\t<\/div>\n\t\t\t\t<\/div>\n\t\t\t\t\t<\/div>\n\t\t\t\t<\/div>\n\t\t<div data-particle_enable=\"false\" data-particle-mobile-disabled=\"false\" class=\"elementor-element elementor-element-2136413 e-flex e-con-boxed e-con e-parent\" data-id=\"2136413\" data-element_type=\"container\">\n\t\t\t\t\t<div class=\"e-con-inner\">\n\t\t\t\t<div class=\"elementor-element elementor-element-eede8d4 elementor-widget elementor-widget-menu-anchor\" data-id=\"eede8d4\" data-element_type=\"widget\" data-widget_type=\"menu-anchor.default\">\n\t\t\t\t<div class=\"elementor-widget-container\">\n\t\t\t\t\t\t\t<div class=\"elementor-menu-anchor\" id=\"Etudes\"><\/div>\n\t\t\t\t\t\t<\/div>\n\t\t\t\t<\/div>\n\t\t\t\t<div class=\"elementor-element elementor-element-cc3e37c elementor-widget elementor-widget-wysiwyg_oktane\" data-id=\"cc3e37c\" data-element_type=\"widget\" data-widget_type=\"wysiwyg_oktane.default\">\n\t\t\t\t<div class=\"elementor-widget-container\">\n\t\t\t\t\t\t\t<div class=\"wysiwyg\"\n        >\n            <div class=\"page-section page-section__wrapper\">\n                <div class=\"wysiwyg__wrapper\">\n                    <div class=\"wysiwyg__content wp-content\">\n                        <h2>Studies, Discoveries and Medications<\/h2>                    <\/div>\n                <\/div>\n            <\/div>\n\t\t<\/div>\n\t\t\t\t\t\t<\/div>\n\t\t\t\t<\/div>\n\t\t\t\t<div class=\"elementor-element elementor-element-26823cc elementor-widget elementor-widget-wysiwyg_oktane\" data-id=\"26823cc\" data-element_type=\"widget\" data-widget_type=\"wysiwyg_oktane.default\">\n\t\t\t\t<div class=\"elementor-widget-container\">\n\t\t\t\t\t\t\t<div class=\"wysiwyg\"\n        >\n            <div class=\"page-section page-section__wrapper\">\n                <div class=\"wysiwyg__wrapper\">\n                    <div class=\"wysiwyg__content wp-content\">\n                        <p><a href=\"https:\/\/www.lapresse.ca\/societe\/sante\/2024-12-03\/la-chaleur-a-un-impact-sur-la-femme-enceinte-et-son-bebe.php\" target=\"_blank\" rel=\"noopener\"><strong> La chaleur a un impact sur la femme enceinte et son b\u00e9b\u00e9<\/strong><\/a><br \/>La Presse<br \/>\u00a0<br \/><a href=\"https:\/\/ici.radio-canada.ca\/nouvelle\/2124321\/froid-membre-amputation-gele\" target=\"_blank\" rel=\"noopener\"><strong>Un appareil pr\u00eat \u00e0 traiter les engelures en moins de 3 minutes <\/strong><\/a><br \/>Radio-Canada<br \/>\u00a0<br \/><a href=\"https:\/\/www.ctvnews.ca\/health\/belly-fat-linked-to-signs-of-alzheimer-s-20-years-before-symptoms-begin-study-says-1.7130960\" target=\"_blank\" rel=\"noopener\"><strong>Belly fat linked to signs of Alzheimer's 20 years before symptoms begin, study says<\/strong><\/a><br \/>CTV News<\/p>                    <\/div>\n                <\/div>\n            <\/div>\n\t\t<\/div>\n\t\t\t\t\t\t<\/div>\n\t\t\t\t<\/div>\n\t\t\t\t\t<\/div>\n\t\t\t\t<\/div>\n\t\t<div data-particle_enable=\"false\" data-particle-mobile-disabled=\"false\" class=\"elementor-element elementor-element-d58b686 e-flex e-con-boxed e-con e-parent\" data-id=\"d58b686\" data-element_type=\"container\">\n\t\t\t\t\t<div class=\"e-con-inner\">\n\t\t\t\t<div class=\"elementor-element elementor-element-d2064af elementor-widget elementor-widget-menu-anchor\" data-id=\"d2064af\" data-element_type=\"widget\" data-widget_type=\"menu-anchor.default\">\n\t\t\t\t<div class=\"elementor-widget-container\">\n\t\t\t\t\t\t\t<div class=\"elementor-menu-anchor\" id=\"Autres\"><\/div>\n\t\t\t\t\t\t<\/div>\n\t\t\t\t<\/div>\n\t\t\t\t<div class=\"elementor-element elementor-element-6037e4e elementor-widget elementor-widget-wysiwyg_oktane\" data-id=\"6037e4e\" data-element_type=\"widget\" data-widget_type=\"wysiwyg_oktane.default\">\n\t\t\t\t<div class=\"elementor-widget-container\">\n\t\t\t\t\t\t\t<div class=\"wysiwyg\"\n        >\n            <div class=\"page-section page-section__wrapper\">\n                <div class=\"wysiwyg__wrapper\">\n                    <div class=\"wysiwyg__content wp-content\">\n                        <h2>Other Healthcare Professionals\u00a0<\/h2>                    <\/div>\n                <\/div>\n            <\/div>\n\t\t<\/div>\n\t\t\t\t\t\t<\/div>\n\t\t\t\t<\/div>\n\t\t\t\t<div class=\"elementor-element elementor-element-06cbed9 elementor-widget elementor-widget-wysiwyg_oktane\" data-id=\"06cbed9\" data-element_type=\"widget\" data-widget_type=\"wysiwyg_oktane.default\">\n\t\t\t\t<div class=\"elementor-widget-container\">\n\t\t\t\t\t\t\t<div class=\"wysiwyg\"\n        >\n            <div class=\"page-section page-section__wrapper\">\n                <div class=\"wysiwyg__wrapper\">\n                    <div class=\"wysiwyg__content wp-content\">\n                        <p><a href=\"https:\/\/www.lapresse.ca\/actualites\/sante\/2024-12-04\/soins-a-des-non-residents\/plus-de-80-millions-en-souffrance.php\" target=\"_blank\" rel=\"noopener\"><strong> Plus de 80 millions en souffrance<\/strong><\/a><br \/>La Presse<br \/>\u00a0<br \/><a href=\"https:\/\/www.journaldemontreal.com\/2024\/12\/03\/plus-de-200-abandons-pour-la-formation-acceleree-de-soins-a-domicile\" target=\"_blank\" rel=\"noopener\"><strong>Plus de 200 abandons pour la formation acc\u00e9l\u00e9r\u00e9e de soins \u00e0 domicile<\/strong><\/a><br \/>Journal de Montr\u00e9al\u00a0<\/p>                    <\/div>\n                <\/div>\n            <\/div>\n\t\t<\/div>\n\t\t\t\t\t\t<\/div>\n\t\t\t\t<\/div>\n\t\t\t\t\t<\/div>\n\t\t\t\t<\/div>\n\t\t<div data-particle_enable=\"false\" data-particle-mobile-disabled=\"false\" class=\"elementor-element elementor-element-8b2a2bc e-flex e-con-boxed e-con e-parent\" data-id=\"8b2a2bc\" data-element_type=\"container\">\n\t\t\t\t\t<div class=\"e-con-inner\">\n\t\t\t\t<div class=\"elementor-element elementor-element-24d7d12 elementor-widget elementor-widget-menu-anchor\" data-id=\"24d7d12\" data-element_type=\"widget\" data-widget_type=\"menu-anchor.default\">\n\t\t\t\t<div class=\"elementor-widget-container\">\n\t\t\t\t\t\t\t<div class=\"elementor-menu-anchor\" id=\"Patients\"><\/div>\n\t\t\t\t\t\t<\/div>\n\t\t\t\t<\/div>\n\t\t\t\t<div class=\"elementor-element elementor-element-1ac366d elementor-widget elementor-widget-wysiwyg_oktane\" data-id=\"1ac366d\" data-element_type=\"widget\" data-widget_type=\"wysiwyg_oktane.default\">\n\t\t\t\t<div class=\"elementor-widget-container\">\n\t\t\t\t\t\t\t<div class=\"wysiwyg\"\n        >\n            <div class=\"page-section page-section__wrapper\">\n                <div class=\"wysiwyg__wrapper\">\n                    <div class=\"wysiwyg__content wp-content\">\n                        <h2>Patients and Personal Health<\/h2>                    <\/div>\n                <\/div>\n            <\/div>\n\t\t<\/div>\n\t\t\t\t\t\t<\/div>\n\t\t\t\t<\/div>\n\t\t\t\t<div class=\"elementor-element elementor-element-5c79065 elementor-widget elementor-widget-wysiwyg_oktane\" data-id=\"5c79065\" data-element_type=\"widget\" data-widget_type=\"wysiwyg_oktane.default\">\n\t\t\t\t<div class=\"elementor-widget-container\">\n\t\t\t\t\t\t\t<div class=\"wysiwyg\"\n        >\n            <div class=\"page-section page-section__wrapper\">\n                <div class=\"wysiwyg__wrapper\">\n                    <div class=\"wysiwyg__content wp-content\">\n                        <p><a href=\"https:\/\/www.journaldemontreal.com\/2024\/12\/03\/fondation-du-chu-de-quebec-un-don-historique-de-10-m-de-la-part-de-quebecor\" target=\"_blank\" rel=\"noopener\"><strong> Don historique de 10M$ de Qu\u00e9becor: le nouveau centre de canc\u00e9rologie du CHU de Qu\u00e9bec portera le nom de Pierre P\u00e9ladeau<\/strong><\/a><br \/>Journal de Montr\u00e9al<\/p>                    <\/div>\n                <\/div>\n            <\/div>\n\t\t<\/div>\n\t\t\t\t\t\t<\/div>\n\t\t\t\t<\/div>\n\t\t\t\t\t<\/div>\n\t\t\t\t<\/div>\n\t\t<div data-particle_enable=\"false\" data-particle-mobile-disabled=\"false\" class=\"elementor-element elementor-element-a95f006 e-flex e-con-boxed e-con e-parent\" data-id=\"a95f006\" data-element_type=\"container\">\n\t\t\t\t\t<div class=\"e-con-inner\">\n\t\t\t\t<div class=\"elementor-element elementor-element-0bb616a elementor-widget elementor-widget-menu-anchor\" data-id=\"0bb616a\" data-element_type=\"widget\" data-widget_type=\"menu-anchor.default\">\n\t\t\t\t<div class=\"elementor-widget-container\">\n\t\t\t\t\t\t\t<div class=\"elementor-menu-anchor\" id=\"ailleurs\"><\/div>\n\t\t\t\t\t\t<\/div>\n\t\t\t\t<\/div>\n\t\t\t\t<div class=\"elementor-element elementor-element-30d21b2 elementor-widget elementor-widget-wysiwyg_oktane\" data-id=\"30d21b2\" data-element_type=\"widget\" data-widget_type=\"wysiwyg_oktane.default\">\n\t\t\t\t<div class=\"elementor-widget-container\">\n\t\t\t\t\t\t\t<div class=\"wysiwyg\"\n        >\n            <div class=\"page-section page-section__wrapper\">\n                <div class=\"wysiwyg__wrapper\">\n                    <div class=\"wysiwyg__content wp-content\">\n                        <h2>Elsewhere in Qu\u00e9bec<\/h2>                    <\/div>\n                <\/div>\n            <\/div>\n\t\t<\/div>\n\t\t\t\t\t\t<\/div>\n\t\t\t\t<\/div>\n\t\t\t\t<div class=\"elementor-element elementor-element-531488d elementor-widget elementor-widget-wysiwyg_oktane\" data-id=\"531488d\" data-element_type=\"widget\" data-widget_type=\"wysiwyg_oktane.default\">\n\t\t\t\t<div class=\"elementor-widget-container\">\n\t\t\t\t\t\t\t<div class=\"wysiwyg\"\n        >\n            <div class=\"page-section page-section__wrapper\">\n                <div class=\"wysiwyg__wrapper\">\n                    <div class=\"wysiwyg__content wp-content\">\n                        <p><a href=\"https:\/\/ici.radio-canada.ca\/nouvelle\/2124218\/sante-mentale-jeunes-gaspesie-iles\" target=\"_blank\" rel=\"noopener\"><strong> Vapoteuse et troubles de sant\u00e9 mentale en hausse au secondaire<\/strong><\/a><br \/>Radio-Canada<\/p>                    <\/div>\n                <\/div>\n            <\/div>\n\t\t<\/div>\n\t\t\t\t\t\t<\/div>\n\t\t\t\t<\/div>\n\t\t\t\t\t<\/div>\n\t\t\t\t<\/div>\n\t\t<div data-particle_enable=\"false\" data-particle-mobile-disabled=\"false\" class=\"elementor-element elementor-element-2392efd e-flex e-con-boxed e-con e-parent\" data-id=\"2392efd\" data-element_type=\"container\">\n\t\t\t\t\t<div class=\"e-con-inner\">\n\t\t\t\t<div class=\"elementor-element elementor-element-e007452 elementor-widget elementor-widget-menu-anchor\" data-id=\"e007452\" data-element_type=\"widget\" data-widget_type=\"menu-anchor.default\">\n\t\t\t\t<div class=\"elementor-widget-container\">\n\t\t\t\t\t\t\t<div class=\"elementor-menu-anchor\" id=\"Sante\"><\/div>\n\t\t\t\t\t\t<\/div>\n\t\t\t\t<\/div>\n\t\t\t\t<div class=\"elementor-element elementor-element-bb3a497 elementor-widget elementor-widget-wysiwyg_oktane\" data-id=\"bb3a497\" data-element_type=\"widget\" data-widget_type=\"wysiwyg_oktane.default\">\n\t\t\t\t<div class=\"elementor-widget-container\">\n\t\t\t\t\t\t\t<div class=\"wysiwyg\"\n        >\n            <div class=\"page-section page-section__wrapper\">\n                <div class=\"wysiwyg__wrapper\">\n                    <div class=\"wysiwyg__content wp-content\">\n                        <h2>Healthcare in Canada and Beyond<\/h2>                    <\/div>\n                <\/div>\n            <\/div>\n\t\t<\/div>\n\t\t\t\t\t\t<\/div>\n\t\t\t\t<\/div>\n\t\t\t\t<div class=\"elementor-element elementor-element-02a2085 elementor-widget elementor-widget-wysiwyg_oktane\" data-id=\"02a2085\" data-element_type=\"widget\" data-widget_type=\"wysiwyg_oktane.default\">\n\t\t\t\t<div class=\"elementor-widget-container\">\n\t\t\t\t\t\t\t<div class=\"wysiwyg\"\n        >\n            <div class=\"page-section page-section__wrapper\">\n                <div class=\"wysiwyg__wrapper\">\n                    <div class=\"wysiwyg__content wp-content\">\n                        <p><a href=\"https:\/\/ici.radio-canada.ca\/nouvelle\/2124253\/note-medecin-absence-tnl\" target=\"_blank\" rel=\"noopener\"><strong> T.-N.-L. l\u00e8ve l\u2019obligation du billet du m\u00e9decin exig\u00e9 apr\u00e8s 3 jours d\u2019absence\u00a0 <\/strong><\/a><br \/>Radio-Canada<\/p>                    <\/div>\n                <\/div>\n            <\/div>\n\t\t<\/div>\n\t\t\t\t\t\t<\/div>\n\t\t\t\t<\/div>\n\t\t\t\t\t<\/div>\n\t\t\t\t<\/div>\n\t\t<div data-particle_enable=\"false\" data-particle-mobile-disabled=\"false\" class=\"elementor-element elementor-element-b907cdf e-flex e-con-boxed e-con e-parent\" data-id=\"b907cdf\" data-element_type=\"container\">\n\t\t\t\t\t<div class=\"e-con-inner\">\n\t\t\t\t<div class=\"elementor-element elementor-element-82c1116 elementor-widget elementor-widget-menu-anchor\" data-id=\"82c1116\" data-element_type=\"widget\" data-widget_type=\"menu-anchor.default\">\n\t\t\t\t<div class=\"elementor-widget-container\">\n\t\t\t\t\t\t\t<div class=\"elementor-menu-anchor\" id=\"Visionner\"><\/div>\n\t\t\t\t\t\t<\/div>\n\t\t\t\t<\/div>\n\t\t\t\t<div class=\"elementor-element elementor-element-b531867 elementor-widget elementor-widget-wysiwyg_oktane\" data-id=\"b531867\" data-element_type=\"widget\" data-widget_type=\"wysiwyg_oktane.default\">\n\t\t\t\t<div class=\"elementor-widget-container\">\n\t\t\t\t\t\t\t<div class=\"wysiwyg\"\n        >\n            <div class=\"page-section page-section__wrapper\">\n                <div class=\"wysiwyg__wrapper\">\n                    <div class=\"wysiwyg__content wp-content\">\n                        <h2>Watch<\/h2>                    <\/div>\n                <\/div>\n            <\/div>\n\t\t<\/div>\n\t\t\t\t\t\t<\/div>\n\t\t\t\t<\/div>\n\t\t\t\t<div class=\"elementor-element elementor-element-33fab04 elementor-widget elementor-widget-wysiwyg_oktane\" data-id=\"33fab04\" data-element_type=\"widget\" data-widget_type=\"wysiwyg_oktane.default\">\n\t\t\t\t<div class=\"elementor-widget-container\">\n\t\t\t\t\t\t\t<div class=\"wysiwyg\"\n        >\n            <div class=\"page-section page-section__wrapper\">\n                <div class=\"wysiwyg__wrapper\">\n                    <div class=\"wysiwyg__content wp-content\">\n                        <p><a href=\"https:\/\/www.assnat.qc.ca\/fr\/video-audio\/archives-parlementaires\/activites-presse\/AudioVideo-106749.html\" target=\"_blank\" rel=\"noopener\"><strong> Point de presse de Christian Dub\u00e9, ministre de la Sant\u00e9 et Catherine Blouin, adjointe parlementaire du ministre de la Sant\u00e9<\/strong><\/a><br \/>Projet de loi 83 \u2013 Loi favorisant l\u2019exercice de le m\u00e9decine au sein du r\u00e9seau public de la sant\u00e9 et dues services sociaux<br \/>\u00a0<br \/><a href=\"https:\/\/www.assnat.qc.ca\/fr\/video-audio\/archives-parlementaires\/activites-presse\/AudioVideo-106757.html\" target=\"_blank\" rel=\"noopener\"><strong>Point de presse de Vincent Marissal, porte-parole du deuxi\u00e8me groupe d\u2019opposition en mati\u00e8re de sant\u00e9 et Alexandre Leduc, leader parlementaire du deuxi\u00e8me groupe d\u2019opposition<\/strong><\/a><br \/>Ils commentent notamment le projet de loi 83 \u2013 Loi favorisant l\u2019exercice de le m\u00e9decine au sein du r\u00e9seau public de la sant\u00e9 et dues services sociaux<br \/>\u00a0<br \/><a href=\"https:\/\/www.assnat.qc.ca\/fr\/video-audio\/archives-parlementaires\/activites-presse\/AudioVideo-106713.html\" target=\"_blank\" rel=\"noopener\"><strong>Point de presse de Marc Tanguay, chef de l\u2019opposition officielle et Andr\u00e9 Fortin, porte-parole de l\u2019opposition officielle en mati\u00e8re de sant\u00e9<\/strong><\/a><br \/>Il est notamment question de Sant\u00e9 Qu\u00e9bec et des coupures budg\u00e9taires \u00e0 venir<br \/>\u00a0<br \/><a href=\"https:\/\/www.tvaplus.ca\/video\/web-lcn-2024-12-03t15-57-59-6385000-05-00d3593890-1723798500\" target=\"_blank\" rel=\"noopener\"><strong>La pratique au public obligatoire durant 5 ans<\/strong><\/a><br \/>Discussion entre les intervenants (\u00e0 partir d\u2019environ 44 minutes et 50 secondes) <br \/>Extrait de l\u2019\u00e9mission \u2018La Joute\u2019 sur les ondes de LCN<\/p>                    <\/div>\n                <\/div>\n            <\/div>\n\t\t<\/div>\n\t\t\t\t\t\t<\/div>\n\t\t\t\t<\/div>\n\t\t\t\t\t<\/div>\n\t\t\t\t<\/div>\n\t\t<div data-particle_enable=\"false\" data-particle-mobile-disabled=\"false\" class=\"elementor-element elementor-element-b7ecbbb e-flex e-con-boxed e-con e-parent\" data-id=\"b7ecbbb\" data-element_type=\"container\">\n\t\t\t\t\t<div class=\"e-con-inner\">\n\t\t\t\t<div class=\"elementor-element elementor-element-ba9461a elementor-widget elementor-widget-menu-anchor\" data-id=\"ba9461a\" data-element_type=\"widget\" data-widget_type=\"menu-anchor.default\">\n\t\t\t\t<div class=\"elementor-widget-container\">\n\t\t\t\t\t\t\t<div class=\"elementor-menu-anchor\" id=\"Ecouter\"><\/div>\n\t\t\t\t\t\t<\/div>\n\t\t\t\t<\/div>\n\t\t\t\t<div class=\"elementor-element elementor-element-23f28c3 elementor-widget elementor-widget-wysiwyg_oktane\" data-id=\"23f28c3\" data-element_type=\"widget\" data-widget_type=\"wysiwyg_oktane.default\">\n\t\t\t\t<div class=\"elementor-widget-container\">\n\t\t\t\t\t\t\t<div class=\"wysiwyg\"\n        >\n            <div class=\"page-section page-section__wrapper\">\n                <div class=\"wysiwyg__wrapper\">\n                    <div class=\"wysiwyg__content wp-content\">\n                        <h2>Listen<\/h2>                    <\/div>\n                <\/div>\n            <\/div>\n\t\t<\/div>\n\t\t\t\t\t\t<\/div>\n\t\t\t\t<\/div>\n\t\t\t\t<div class=\"elementor-element elementor-element-3409898 elementor-widget elementor-widget-wysiwyg_oktane\" data-id=\"3409898\" data-element_type=\"widget\" data-widget_type=\"wysiwyg_oktane.default\">\n\t\t\t\t<div class=\"elementor-widget-container\">\n\t\t\t\t\t\t\t<div class=\"wysiwyg\"\n        >\n            <div class=\"page-section page-section__wrapper\">\n                <div class=\"wysiwyg__wrapper\">\n                    <div class=\"wysiwyg__content wp-content\">\n                        <p><a href=\"https:\/\/www.985fm.ca\/audio\/664360\/medecins-le-plus-important-c-est-l-obligation-de-pratiquer-au-quebec\" target=\"_blank\" rel=\"noopener\"><strong> M\u00e9decins : \u2018Le plus important, c'est l'obligation de pratiquer au Qu\u00e9bec\u2019<\/strong><\/a><br \/>Entrevue avec Christian Dub\u00e9, ministre de la sant\u00e9 du Qu\u00e9bec<br \/>Extrait de l\u2019\u00e9mission de radio \u2018Lagac\u00e9 le matin\u2019 au 98,5 fm\u00e0<br \/>\u00a0<br \/><a href=\"https:\/\/www.985fm.ca\/audio\/664281\/on-n-a-pas-les-moyens-de-se-priver-de-ces-bonnes-ressources-christian-dube\" target=\"_blank\" rel=\"noopener\"><strong>5 ans dans le public pour les jeunes m\u00e9decins\u00a0: \u2018On n'a pas les moyens de se priver de ces bonnes ressources\u2019<\/strong><\/a><br \/>Entrevue avec Christian Dub\u00e9, ministre de la sant\u00e9 du Qu\u00e9bec<br \/>Extrait de l\u2019\u00e9mission de radio \u2018Le Qu\u00e9bec maintenant\u2019 au 98,5 fm<br \/>\u00a0<br \/><a href=\"https:\/\/ici.radio-canada.ca\/ohdio\/premiere\/emissions\/midi-info\/segments\/rattrapage\/1932502\/pdl-pour-forcer-jeunes-medecins-a-pratiquer-au-public-avec-christian-dube\" target=\"_blank\" rel=\"noopener\"><strong>PDL pour forcer les jeunes m\u00e9decins \u00e0 pratiquer au public<\/strong><\/a><br \/>Entrevue avec Christian Dub\u00e9, ministre de la sant\u00e9 du Qu\u00e9bec<br \/>Extrait de l\u2019\u00e9mission de radio \u2018Midi info\u2019 sur Radio-Canada Premi\u00e8re<br \/>\u00a0<br \/><a href=\"https:\/\/ici.radio-canada.ca\/ohdio\/premiere\/emissions\/le-15-18\/segments\/rattrapage\/1931644\/forcer-nouveaux-medecins-a-travailler-dans-reseau-public\" target=\"_blank\" rel=\"noopener\"><strong>Forcer les nouveaux m\u00e9decins \u00e0 travailler dans le r\u00e9seau public <\/strong><\/a><br \/>Entrevue avec Dre Lyne Couture, pr\u00e9sidente de l\u2019Association des m\u00e9decins omnipraticiens Laurentides-Lanaudi\u00e8re (AMOLL)<br \/>Extrait de l\u2019\u00e9mission de radio \u2018Le 15-18\u2019 sur Radio-Canada Premi\u00e8re<br \/>\u00a0<br \/><a href=\"https:\/\/www.cbc.ca\/listen\/live-radio\/1-15-daybreak-montreal\/clip\/16113429-what-medical-resident-makes-bill-83\" target=\"_blank\" rel=\"noopener\"><strong>What a medical resident makes of Bill 83<\/strong><\/a><br \/>Entrevue avec Dr Antoine Denis, r\u00e9sident en m\u00e9decine familiale \u00e0 la Facult\u00e9 de m\u00e9decine de McGill et r\u00e9sident-chef \u00e0 la clinique Herzl<br \/>Extrait de l\u2019\u00e9mission de radio \u2018Daybreak Montreal\u2019 sur CBC Radio One<br \/>\u00a0<br \/><a href=\"https:\/\/www.985fm.ca\/audio\/664283\/obliger-les-medecins-a-pratiquer-au-public-c-est-un-pansement-sur-le-bobo\" target=\"_blank\" rel=\"noopener\"><strong>Obliger les m\u00e9decins \u00e0 pratiquer au public? \u2018C'est un pansement sur le bobo\u2019<\/strong><\/a><br \/>Entrevue avec Dr Benoit Heppell, m\u00e9decin de famille \u00e0 Sherbrooke<br \/>Extrait de l\u2019\u00e9mission de radio \u2018Le Qu\u00e9bec maintenant\u2019 au 98,5 fm<br \/>\u00a0<br \/><a href=\"https:\/\/www.qub.ca\/radio\/balado\/isabelle-marechal?audio=1099442693\" target=\"_blank\" rel=\"noopener\"><strong>M\u00e9decins au public : \u2018C'est un couteau \u00e0 double tranchant\u2019<\/strong><\/a><br \/>Entrevue avec Dr Benoit Heppell, m\u00e9decin de famille \u00e0 Sherbrooke<br \/>Extrait de l\u2019\u00e9mission de radio \u2018Isabelle Mar\u00e9chal\u2019 sur Qub Radio<br \/>\u00a0<br \/><a href=\"https:\/\/www.qub.ca\/radio\/balado\/isabelle-marechal?audio=1099442664\" target=\"_blank\" rel=\"noopener\"><strong>Les infirmi\u00e8res sont courtis\u00e9es par le priv\u00e9 pendant leurs \u00e9tudes<\/strong><\/a><br \/>Entrevue avec R\u00e9jean Leclerc, pr\u00e9sident de la F\u00e9d\u00e9ration de la sant\u00e9 et des services sociaux et Dr Benoit Heppell, m\u00e9decin de famille \u00e0 Sherbrooke<br \/>Extrait de l\u2019\u00e9mission de radio \u2018Isabelle Mar\u00e9chal\u2019 sur Qub Radio<br \/>\u00a0<br \/><a href=\"https:\/\/ici.radio-canada.ca\/ohdio\/premiere\/emissions\/tout-un-matin\/segments\/rattrapage\/1932122\/economie-avec-pierre-yves-mcsween-5-ans-service-public-aux-medecins\" target=\"_blank\" rel=\"noopener\"><strong>5 ans de service public aux m\u00e9decins<\/strong><\/a><br \/>Entrevue avec Pierre-Yves McSween, \u00e9conomiste<br \/>Extrait de l\u2019\u00e9mission de radio \u2018Tout un matin\u2019 sur Radio-Canada Premi\u00e8re<br \/>\u00a0<br \/><a href=\"https:\/\/www.985fm.ca\/audio\/664466\/plus-de-chirurgies-dans-les-centres-medicaux-specialises-sans-frais\" target=\"_blank\" rel=\"noopener\"><strong>\u00c0 partir du 19 d\u00e9cembre - Plus de chirurgies dans les centres m\u00e9dicaux sp\u00e9cialis\u00e9s sans frais<\/strong><\/a><br \/>Entrevue avec Dr Hugo Viens, chirurgien orthop\u00e9diste et directeur m\u00e9dical \u00e0 la clinique Chirurgie DIX30<br \/>Extrait de l\u2019\u00e9mission de radio \u2018La commission\u2019 au 98,5 fm<br \/>\u00a0<br \/><a href=\"https:\/\/www.985fm.ca\/audio\/664285\/sur-le-plan-politique-christian-dube-est-a-la-bonne-place\" target=\"_blank\" rel=\"noopener\"><strong>Projet de loi controvers\u00e9\u00a0: \u2018Sur le plan politique, Christian Dub\u00e9 est \u00e0 la bonne place\u2019<\/strong><\/a><br \/>Discussion entre les animateurs et chroniqueurs de l\u2019\u00e9mission<br \/>Extrait de l\u2019\u00e9mission de radio \u2018Le Qu\u00e9bec maintenant\u2019 au 98,5 fm<br \/>\u00a0<br \/><a href=\"https:\/\/www.985fm.ca\/audio\/664248\/est-ce-que-sante-quebec-revolutionnera-le-systeme-de-sante\" target=\"_blank\" rel=\"noopener\"><strong>Est-ce que Sant\u00e9 Qu\u00e9bec r\u00e9volutionnera le syst\u00e8me de sant\u00e9?<\/strong><\/a><br \/>Entrevue avec Patrick D\u00e9ry, analyste de politiques publiques<br \/>Extrait de l\u2019\u00e9mission de radio \u2018Le Qu\u00e9bec maintenant\u2019 au 98,5 fm<br \/>\u00a0<br \/><a href=\"https:\/\/www.985fm.ca\/audio\/664380\/medecins-specialistes-il-est-probable-que-ce-monsieur-ne-sera-jamais-traite\" target=\"_blank\" rel=\"noopener\"><strong>Un de ses patients attend depuis deux ans - M\u00e9decins sp\u00e9cialistes : \u2018Il est probable que ce monsieur ne sera jamais trait\u00e9\u2019<\/strong><\/a><br \/>Entrevue avec Dr Daniel Bena\u00efm, m\u00e9decin de famille au M\u00e9dicentre de Lasalle<br \/>Extrait de l\u2019\u00e9mission de radio \u2018Lagac\u00e9 le matin\u2019 au 98,5 fm<br \/>\u00a0<br \/><a href=\"https:\/\/www.iheart.com\/podcast\/962-the-andrew-carter-podcast-62506089\/episode\/mulcair-newly-graduated-doctors-will-be-244964853\/\" target=\"_blank\" rel=\"noopener\"><strong>Mulcair: Newly graduated doctors will be forced to practice in Quebec's public sector for five years <\/strong><\/a><br \/>Entrevue avec Thomas Mulcair, ancien chef du NPD<br \/>Extrait de l\u2019\u00e9mission de radio \u2018The Andrew Carter Podcast\u2019 sur CJAD 800<br \/>\u00a0<br \/><a href=\"https:\/\/www.qub.ca\/radio\/balado\/richard-martineau?audio=1099441072\" target=\"_blank\" rel=\"noopener\"><strong>\u2018J'applaudis l'annonce de Christian Dub\u00e9\u2019<\/strong><\/a><br \/>Entrevue avec Elsie Lefebvre, chroniqueuse<br \/>Extrait de l\u2019\u00e9mission de radio \u2018Richard Martineau\u2019 sur Qub Radio<br \/>\u00a0<br \/><a href=\"https:\/\/www.qub.ca\/radio\/balado\/mario-dumont?audio=1099442594\" target=\"_blank\" rel=\"noopener\"><strong>M\u00e9decins au public : \u2018Il y a quelque chose que je ne comprends pas l\u00e0-dedans!<\/strong><\/a><br \/>Entrevue avec Isabelle Mar\u00e9chal, chroniqueuse<br \/>Extrait de l\u2019\u00e9mission de radio \u2018Mario Dumont\u2019 sur Qub Radio<br \/>\u00a0<br \/><a href=\"https:\/\/www.iheart.com\/podcast\/962-elias-makos-69297199\/episode\/how-will-the-arrival-of-sante-244986365\/\" target=\"_blank\" rel=\"noopener\"><strong>How will the arrival of Sante Quebec impact the health care system in the province?<\/strong><\/a><br \/>Entrevue avec Dre Laura Sang, m\u00e9decin de famille dans les Laurentides <br \/>Extrait de l\u2019\u00e9mission de radio \u2018Elias Makos\u2019 sur CJAD 800<br \/>\u00a0<br \/><a href=\"https:\/\/www.qub.ca\/radio\/balado\/richard-martineau?audio=1099440823\" target=\"_blank\" rel=\"noopener\"><strong>Sant\u00e9 Qu\u00e9bec : la vampirisation des ressources publiques de la part du priv\u00e9 inqui\u00e8te<\/strong><\/a><br \/>Entrevue avec Sophie Verdon, co-coordonnatrice \u00e0 la Coalition solidarit\u00e9 sant\u00e9<br \/>Extrait de l\u2019\u00e9mission de radio \u2018Richard Martineau\u2019 sur Qub Radio<br \/>\u00a0<br \/><a href=\"https:\/\/www.fm1047.ca\/audio\/664110\/les-problemes-de-thyroide-expliques-par-le-dr-tarik-eldjama\" target=\"_blank\" rel=\"noopener\"><strong>Les probl\u00e8mes de thyro\u00efde expliqu\u00e9s<\/strong><\/a><br \/>Entrevue avec Dr Tarik Eldjama, m\u00e9decin de famille<br \/>Extrait de l\u2019\u00e9mission de radio \u2018L'Outaouais Maintenant\u2019 au 104,7 fm<\/p>                    <\/div>\n                <\/div>\n            <\/div>\n\t\t<\/div>\n\t\t\t\t\t\t<\/div>\n\t\t\t\t<\/div>\n\t\t\t\t\t<\/div>\n\t\t\t\t<\/div>\n\t\t<div data-particle_enable=\"false\" data-particle-mobile-disabled=\"false\" class=\"elementor-element elementor-element-5a40346 e-flex e-con-boxed e-con e-parent\" data-id=\"5a40346\" data-element_type=\"container\">\n\t\t\t\t\t<div class=\"e-con-inner\">\n\t\t\t\t<div class=\"elementor-element elementor-element-8dd831d elementor-widget elementor-widget-menu-anchor\" data-id=\"8dd831d\" data-element_type=\"widget\" data-widget_type=\"menu-anchor.default\">\n\t\t\t\t<div class=\"elementor-widget-container\">\n\t\t\t\t\t\t\t<div class=\"elementor-menu-anchor\" id=\"Caricature\"><\/div>\n\t\t\t\t\t\t<\/div>\n\t\t\t\t<\/div>\n\t\t\t\t<div class=\"elementor-element elementor-element-7c812cb elementor-widget elementor-widget-wysiwyg_oktane\" data-id=\"7c812cb\" data-element_type=\"widget\" data-widget_type=\"wysiwyg_oktane.default\">\n\t\t\t\t<div class=\"elementor-widget-container\">\n\t\t\t\t\t\t\t<div class=\"wysiwyg\"\n        >\n            <div class=\"page-section page-section__wrapper\">\n                <div class=\"wysiwyg__wrapper\">\n                    <div class=\"wysiwyg__content wp-content\">\n                        <h2>Caricatures and Social Media<\/h2>                    <\/div>\n                <\/div>\n            <\/div>\n\t\t<\/div>\n\t\t\t\t\t\t<\/div>\n\t\t\t\t<\/div>\n\t\t\t\t<div class=\"elementor-element elementor-element-41ddf76 gallery-spacing-custom elementor-widget elementor-widget-image-gallery\" data-id=\"41ddf76\" data-element_type=\"widget\" data-widget_type=\"image-gallery.default\">\n\t\t\t\t<div class=\"elementor-widget-container\">\n\t\t\t\t\t\t\t<div class=\"elementor-image-gallery\">\n\t\t\t<div id='gallery-1' class='gallery galleryid-2738142 gallery-columns-1 gallery-size-large'><figure class='gallery-item'>\n\t\t\t<div class='gallery-icon landscape'>\n\t\t\t\t<a data-elementor-open-lightbox=\"yes\" data-elementor-lightbox-slideshow=\"41ddf76\" data-elementor-lightbox-title=\"caricature-cote-min\" data-e-action-hash=\"#elementor-action%3Aaction%3Dlightbox%26settings%3DeyJpZCI6MjczODEwMCwidXJsIjoiaHR0cHM6XC9cL3d3dy5hbW9tLm5ldFwvd3AtY29udGVudFwvdXBsb2Fkc1wvMjAyNFwvMTJcL2NhcmljYXR1cmUtY290ZS1taW4uanBnIiwic2xpZGVzaG93IjoiNDFkZGY3NiJ9\" href='https:\/\/www.amom.net\/wp-content\/uploads\/2024\/12\/caricature-cote-min.jpg'><img fetchpriority=\"high\" width=\"1024\" height=\"900\" src=\"https:\/\/www.amom.net\/wp-content\/uploads\/2024\/12\/caricature-cote-min-1024x900.jpg\" class=\"attachment-large size-large\" alt=\"\" aria-describedby=\"gallery-1-2738100\" decoding=\"async\" srcset=\"https:\/\/www.amom.net\/wp-content\/uploads\/2024\/12\/caricature-cote-min-1024x900.jpg 1024w, https:\/\/www.amom.net\/wp-content\/uploads\/2024\/12\/caricature-cote-min-300x264.jpg 300w, https:\/\/www.amom.net\/wp-content\/uploads\/2024\/12\/caricature-cote-min-768x675.jpg 768w, https:\/\/www.amom.net\/wp-content\/uploads\/2024\/12\/caricature-cote-min-1536x1350.jpg 1536w, https:\/\/www.amom.net\/wp-content\/uploads\/2024\/12\/caricature-cote-min-600x527.jpg 600w, https:\/\/www.amom.net\/wp-content\/uploads\/2024\/12\/caricature-cote-min.jpg 1600w\" sizes=\"(max-width: 1024px) 100vw, 1024px\" \/><\/a>\n\t\t\t<\/div>\n\t\t\t\t<figcaption class='wp-caption-text gallery-caption' id='gallery-1-2738100'>\n\t\t\t\thttps:\/\/www.lesoleil.com\/opinions\/caricatures\/2024\/12\/04\/la-caricature-de-cote-AZSRCCLXSJESLCHQNMHDDEAFBA\/\n\t\t\t\t<\/figcaption><\/figure><figure class='gallery-item'>\n\t\t\t<div class='gallery-icon landscape'>\n\t\t\t\t<a data-elementor-open-lightbox=\"yes\" data-elementor-lightbox-slideshow=\"41ddf76\" data-elementor-lightbox-title=\"tweet-dube-1-min\" data-e-action-hash=\"#elementor-action%3Aaction%3Dlightbox%26settings%3DeyJpZCI6MjczODEwMiwidXJsIjoiaHR0cHM6XC9cL3d3dy5hbW9tLm5ldFwvd3AtY29udGVudFwvdXBsb2Fkc1wvMjAyNFwvMTJcL3R3ZWV0LWR1YmUtMS1taW4tMS5wbmciLCJzbGlkZXNob3ciOiI0MWRkZjc2In0%3D\" href='https:\/\/www.amom.net\/wp-content\/uploads\/2024\/12\/tweet-dube-1-min-1.png'><img width=\"1024\" height=\"907\" src=\"https:\/\/www.amom.net\/wp-content\/uploads\/2024\/12\/tweet-dube-1-min-1-1024x907.png\" class=\"attachment-large size-large\" alt=\"\" decoding=\"async\" srcset=\"https:\/\/www.amom.net\/wp-content\/uploads\/2024\/12\/tweet-dube-1-min-1-1024x907.png 1024w, https:\/\/www.amom.net\/wp-content\/uploads\/2024\/12\/tweet-dube-1-min-1-300x266.png 300w, https:\/\/www.amom.net\/wp-content\/uploads\/2024\/12\/tweet-dube-1-min-1-768x680.png 768w, https:\/\/www.amom.net\/wp-content\/uploads\/2024\/12\/tweet-dube-1-min-1-600x532.png 600w, https:\/\/www.amom.net\/wp-content\/uploads\/2024\/12\/tweet-dube-1-min-1.png 1174w\" sizes=\"(max-width: 1024px) 100vw, 1024px\" \/><\/a>\n\t\t\t<\/div><\/figure><figure class='gallery-item'>\n\t\t\t<div class='gallery-icon landscape'>\n\t\t\t\t<a data-elementor-open-lightbox=\"yes\" data-elementor-lightbox-slideshow=\"41ddf76\" data-elementor-lightbox-title=\"tweet-dube-2-min\" data-e-action-hash=\"#elementor-action%3Aaction%3Dlightbox%26settings%3DeyJpZCI6MjczODEwNCwidXJsIjoiaHR0cHM6XC9cL3d3dy5hbW9tLm5ldFwvd3AtY29udGVudFwvdXBsb2Fkc1wvMjAyNFwvMTJcL3R3ZWV0LWR1YmUtMi1taW4uanBnIiwic2xpZGVzaG93IjoiNDFkZGY3NiJ9\" href='https:\/\/www.amom.net\/wp-content\/uploads\/2024\/12\/tweet-dube-2-min.jpg'><img width=\"1024\" height=\"1024\" src=\"https:\/\/www.amom.net\/wp-content\/uploads\/2024\/12\/tweet-dube-2-min-1024x1024.jpg\" class=\"attachment-large size-large\" alt=\"\" decoding=\"async\" srcset=\"https:\/\/www.amom.net\/wp-content\/uploads\/2024\/12\/tweet-dube-2-min-1024x1024.jpg 1024w, https:\/\/www.amom.net\/wp-content\/uploads\/2024\/12\/tweet-dube-2-min-300x300.jpg 300w, https:\/\/www.amom.net\/wp-content\/uploads\/2024\/12\/tweet-dube-2-min-150x150.jpg 150w, https:\/\/www.amom.net\/wp-content\/uploads\/2024\/12\/tweet-dube-2-min-768x768.jpg 768w, https:\/\/www.amom.net\/wp-content\/uploads\/2024\/12\/tweet-dube-2-min-500x500.jpg 500w, https:\/\/www.amom.net\/wp-content\/uploads\/2024\/12\/tweet-dube-2-min-400x400.jpg 400w, https:\/\/www.amom.net\/wp-content\/uploads\/2024\/12\/tweet-dube-2-min-600x600.jpg 600w, https:\/\/www.amom.net\/wp-content\/uploads\/2024\/12\/tweet-dube-2-min-100x100.jpg 100w, https:\/\/www.amom.net\/wp-content\/uploads\/2024\/12\/tweet-dube-2-min.jpg 1080w\" sizes=\"(max-width: 1024px) 100vw, 1024px\" \/><\/a>\n\t\t\t<\/div><\/figure><figure class='gallery-item'>\n\t\t\t<div class='gallery-icon landscape'>\n\t\t\t\t<a data-elementor-open-lightbox=\"yes\" data-elementor-lightbox-slideshow=\"41ddf76\" data-elementor-lightbox-title=\"tweet-dube-3-min\" data-e-action-hash=\"#elementor-action%3Aaction%3Dlightbox%26settings%3DeyJpZCI6MjczODEwNiwidXJsIjoiaHR0cHM6XC9cL3d3dy5hbW9tLm5ldFwvd3AtY29udGVudFwvdXBsb2Fkc1wvMjAyNFwvMTJcL3R3ZWV0LWR1YmUtMy1taW4tMS5qcGciLCJzbGlkZXNob3ciOiI0MWRkZjc2In0%3D\" href='https:\/\/www.amom.net\/wp-content\/uploads\/2024\/12\/tweet-dube-3-min-1.jpg'><img loading=\"lazy\" width=\"1024\" height=\"1024\" src=\"https:\/\/www.amom.net\/wp-content\/uploads\/2024\/12\/tweet-dube-3-min-1-1024x1024.jpg\" class=\"attachment-large size-large\" alt=\"\" decoding=\"async\" srcset=\"https:\/\/www.amom.net\/wp-content\/uploads\/2024\/12\/tweet-dube-3-min-1-1024x1024.jpg 1024w, https:\/\/www.amom.net\/wp-content\/uploads\/2024\/12\/tweet-dube-3-min-1-300x300.jpg 300w, https:\/\/www.amom.net\/wp-content\/uploads\/2024\/12\/tweet-dube-3-min-1-150x150.jpg 150w, https:\/\/www.amom.net\/wp-content\/uploads\/2024\/12\/tweet-dube-3-min-1-768x768.jpg 768w, https:\/\/www.amom.net\/wp-content\/uploads\/2024\/12\/tweet-dube-3-min-1-500x500.jpg 500w, https:\/\/www.amom.net\/wp-content\/uploads\/2024\/12\/tweet-dube-3-min-1-400x400.jpg 400w, https:\/\/www.amom.net\/wp-content\/uploads\/2024\/12\/tweet-dube-3-min-1-600x600.jpg 600w, https:\/\/www.amom.net\/wp-content\/uploads\/2024\/12\/tweet-dube-3-min-1-100x100.jpg 100w, https:\/\/www.amom.net\/wp-content\/uploads\/2024\/12\/tweet-dube-3-min-1.jpg 1080w\" sizes=\"(max-width: 1024px) 100vw, 1024px\" \/><\/a>\n\t\t\t<\/div><\/figure><figure class='gallery-item'>\n\t\t\t<div class='gallery-icon landscape'>\n\t\t\t\t<a data-elementor-open-lightbox=\"yes\" data-elementor-lightbox-slideshow=\"41ddf76\" data-elementor-lightbox-title=\"tweet-dube-4-min\" data-e-action-hash=\"#elementor-action%3Aaction%3Dlightbox%26settings%3DeyJpZCI6MjczODEwOCwidXJsIjoiaHR0cHM6XC9cL3d3dy5hbW9tLm5ldFwvd3AtY29udGVudFwvdXBsb2Fkc1wvMjAyNFwvMTJcL3R3ZWV0LWR1YmUtNC1taW4tMS5qcGciLCJzbGlkZXNob3ciOiI0MWRkZjc2In0%3D\" href='https:\/\/www.amom.net\/wp-content\/uploads\/2024\/12\/tweet-dube-4-min-1.jpg'><img loading=\"lazy\" width=\"1024\" height=\"1024\" src=\"https:\/\/www.amom.net\/wp-content\/uploads\/2024\/12\/tweet-dube-4-min-1-1024x1024.jpg\" class=\"attachment-large size-large\" alt=\"\" decoding=\"async\" srcset=\"https:\/\/www.amom.net\/wp-content\/uploads\/2024\/12\/tweet-dube-4-min-1-1024x1024.jpg 1024w, https:\/\/www.amom.net\/wp-content\/uploads\/2024\/12\/tweet-dube-4-min-1-300x300.jpg 300w, https:\/\/www.amom.net\/wp-content\/uploads\/2024\/12\/tweet-dube-4-min-1-150x150.jpg 150w, https:\/\/www.amom.net\/wp-content\/uploads\/2024\/12\/tweet-dube-4-min-1-768x768.jpg 768w, https:\/\/www.amom.net\/wp-content\/uploads\/2024\/12\/tweet-dube-4-min-1-500x500.jpg 500w, https:\/\/www.amom.net\/wp-content\/uploads\/2024\/12\/tweet-dube-4-min-1-400x400.jpg 400w, https:\/\/www.amom.net\/wp-content\/uploads\/2024\/12\/tweet-dube-4-min-1-600x600.jpg 600w, https:\/\/www.amom.net\/wp-content\/uploads\/2024\/12\/tweet-dube-4-min-1-100x100.jpg 100w, https:\/\/www.amom.net\/wp-content\/uploads\/2024\/12\/tweet-dube-4-min-1.jpg 1080w\" sizes=\"(max-width: 1024px) 100vw, 1024px\" \/><\/a>\n\t\t\t<\/div><\/figure><figure class='gallery-item'>\n\t\t\t<div class='gallery-icon landscape'>\n\t\t\t\t<a data-elementor-open-lightbox=\"yes\" data-elementor-lightbox-slideshow=\"41ddf76\" data-elementor-lightbox-title=\"tweet-dube-5-min\" data-e-action-hash=\"#elementor-action%3Aaction%3Dlightbox%26settings%3DeyJpZCI6MjczODExMCwidXJsIjoiaHR0cHM6XC9cL3d3dy5hbW9tLm5ldFwvd3AtY29udGVudFwvdXBsb2Fkc1wvMjAyNFwvMTJcL3R3ZWV0LWR1YmUtNS1taW4tMS5qcGciLCJzbGlkZXNob3ciOiI0MWRkZjc2In0%3D\" href='https:\/\/www.amom.net\/wp-content\/uploads\/2024\/12\/tweet-dube-5-min-1.jpg'><img loading=\"lazy\" width=\"1024\" height=\"1024\" src=\"https:\/\/www.amom.net\/wp-content\/uploads\/2024\/12\/tweet-dube-5-min-1-1024x1024.jpg\" class=\"attachment-large size-large\" alt=\"\" decoding=\"async\" srcset=\"https:\/\/www.amom.net\/wp-content\/uploads\/2024\/12\/tweet-dube-5-min-1-1024x1024.jpg 1024w, https:\/\/www.amom.net\/wp-content\/uploads\/2024\/12\/tweet-dube-5-min-1-300x300.jpg 300w, https:\/\/www.amom.net\/wp-content\/uploads\/2024\/12\/tweet-dube-5-min-1-150x150.jpg 150w, https:\/\/www.amom.net\/wp-content\/uploads\/2024\/12\/tweet-dube-5-min-1-768x768.jpg 768w, https:\/\/www.amom.net\/wp-content\/uploads\/2024\/12\/tweet-dube-5-min-1-500x500.jpg 500w, https:\/\/www.amom.net\/wp-content\/uploads\/2024\/12\/tweet-dube-5-min-1-400x400.jpg 400w, https:\/\/www.amom.net\/wp-content\/uploads\/2024\/12\/tweet-dube-5-min-1-600x600.jpg 600w, https:\/\/www.amom.net\/wp-content\/uploads\/2024\/12\/tweet-dube-5-min-1-100x100.jpg 100w, https:\/\/www.amom.net\/wp-content\/uploads\/2024\/12\/tweet-dube-5-min-1.jpg 1080w\" sizes=\"(max-width: 1024px) 100vw, 1024px\" \/><\/a>\n\t\t\t<\/div><\/figure><figure class='gallery-item'>\n\t\t\t<div class='gallery-icon portrait'>\n\t\t\t\t<a data-elementor-open-lightbox=\"yes\" data-elementor-lightbox-slideshow=\"41ddf76\" data-elementor-lightbox-title=\"tweet-dube-6-min\" data-e-action-hash=\"#elementor-action%3Aaction%3Dlightbox%26settings%3DeyJpZCI6MjczODExMiwidXJsIjoiaHR0cHM6XC9cL3d3dy5hbW9tLm5ldFwvd3AtY29udGVudFwvdXBsb2Fkc1wvMjAyNFwvMTJcL3R3ZWV0LWR1YmUtNi1taW4ucG5nIiwic2xpZGVzaG93IjoiNDFkZGY3NiJ9\" href='https:\/\/www.amom.net\/wp-content\/uploads\/2024\/12\/tweet-dube-6-min.png'><img loading=\"lazy\" width=\"791\" height=\"1024\" src=\"https:\/\/www.amom.net\/wp-content\/uploads\/2024\/12\/tweet-dube-6-min-791x1024.png\" class=\"attachment-large size-large\" alt=\"\" decoding=\"async\" srcset=\"https:\/\/www.amom.net\/wp-content\/uploads\/2024\/12\/tweet-dube-6-min-791x1024.png 791w, https:\/\/www.amom.net\/wp-content\/uploads\/2024\/12\/tweet-dube-6-min-232x300.png 232w, https:\/\/www.amom.net\/wp-content\/uploads\/2024\/12\/tweet-dube-6-min-768x995.png 768w, https:\/\/www.amom.net\/wp-content\/uploads\/2024\/12\/tweet-dube-6-min-600x777.png 600w, https:\/\/www.amom.net\/wp-content\/uploads\/2024\/12\/tweet-dube-6-min.png 1172w\" sizes=\"(max-width: 791px) 100vw, 791px\" \/><\/a>\n\t\t\t<\/div><\/figure><figure class='gallery-item'>\n\t\t\t<div class='gallery-icon landscape'>\n\t\t\t\t<a data-elementor-open-lightbox=\"yes\" data-elementor-lightbox-slideshow=\"41ddf76\" data-elementor-lightbox-title=\"tweet-dube-7-min\" data-e-action-hash=\"#elementor-action%3Aaction%3Dlightbox%26settings%3DeyJpZCI6MjczODExNCwidXJsIjoiaHR0cHM6XC9cL3d3dy5hbW9tLm5ldFwvd3AtY29udGVudFwvdXBsb2Fkc1wvMjAyNFwvMTJcL3R3ZWV0LWR1YmUtNy1taW4ucG5nIiwic2xpZGVzaG93IjoiNDFkZGY3NiJ9\" href='https:\/\/www.amom.net\/wp-content\/uploads\/2024\/12\/tweet-dube-7-min.png'><img loading=\"lazy\" width=\"1024\" height=\"437\" src=\"https:\/\/www.amom.net\/wp-content\/uploads\/2024\/12\/tweet-dube-7-min-1024x437.png\" class=\"attachment-large size-large\" alt=\"\" decoding=\"async\" srcset=\"https:\/\/www.amom.net\/wp-content\/uploads\/2024\/12\/tweet-dube-7-min-1024x437.png 1024w, https:\/\/www.amom.net\/wp-content\/uploads\/2024\/12\/tweet-dube-7-min-300x128.png 300w, https:\/\/www.amom.net\/wp-content\/uploads\/2024\/12\/tweet-dube-7-min-768x328.png 768w, https:\/\/www.amom.net\/wp-content\/uploads\/2024\/12\/tweet-dube-7-min-600x256.png 600w, https:\/\/www.amom.net\/wp-content\/uploads\/2024\/12\/tweet-dube-7-min.png 1180w\" sizes=\"(max-width: 1024px) 100vw, 1024px\" \/><\/a>\n\t\t\t<\/div><\/figure><figure class='gallery-item'>\n\t\t\t<div class='gallery-icon landscape'>\n\t\t\t\t<a data-elementor-open-lightbox=\"yes\" data-elementor-lightbox-slideshow=\"41ddf76\" data-elementor-lightbox-title=\"tweet-fmoq-min\" data-e-action-hash=\"#elementor-action%3Aaction%3Dlightbox%26settings%3DeyJpZCI6MjczODExNiwidXJsIjoiaHR0cHM6XC9cL3d3dy5hbW9tLm5ldFwvd3AtY29udGVudFwvdXBsb2Fkc1wvMjAyNFwvMTJcL3R3ZWV0LWZtb3EtbWluLnBuZyIsInNsaWRlc2hvdyI6IjQxZGRmNzYifQ%3D%3D\" href='https:\/\/www.amom.net\/wp-content\/uploads\/2024\/12\/tweet-fmoq-min.png'><img loading=\"lazy\" width=\"1024\" height=\"639\" src=\"https:\/\/www.amom.net\/wp-content\/uploads\/2024\/12\/tweet-fmoq-min-1024x639.png\" class=\"attachment-large size-large\" alt=\"\" decoding=\"async\" srcset=\"https:\/\/www.amom.net\/wp-content\/uploads\/2024\/12\/tweet-fmoq-min-1024x639.png 1024w, https:\/\/www.amom.net\/wp-content\/uploads\/2024\/12\/tweet-fmoq-min-300x187.png 300w, https:\/\/www.amom.net\/wp-content\/uploads\/2024\/12\/tweet-fmoq-min-768x479.png 768w, https:\/\/www.amom.net\/wp-content\/uploads\/2024\/12\/tweet-fmoq-min-600x374.png 600w, https:\/\/www.amom.net\/wp-content\/uploads\/2024\/12\/tweet-fmoq-min.png 1196w\" sizes=\"(max-width: 1024px) 100vw, 1024px\" \/><\/a>\n\t\t\t<\/div><\/figure><figure class='gallery-item'>\n\t\t\t<div class='gallery-icon portrait'>\n\t\t\t\t<a data-elementor-open-lightbox=\"yes\" data-elementor-lightbox-slideshow=\"41ddf76\" data-elementor-lightbox-title=\"tweet-bovet-1-min\" data-e-action-hash=\"#elementor-action%3Aaction%3Dlightbox%26settings%3DeyJpZCI6MjczODExOCwidXJsIjoiaHR0cHM6XC9cL3d3dy5hbW9tLm5ldFwvd3AtY29udGVudFwvdXBsb2Fkc1wvMjAyNFwvMTJcL3R3ZWV0LWJvdmV0LTEtbWluLnBuZyIsInNsaWRlc2hvdyI6IjQxZGRmNzYifQ%3D%3D\" href='https:\/\/www.amom.net\/wp-content\/uploads\/2024\/12\/tweet-bovet-1-min.png'><img loading=\"lazy\" width=\"826\" height=\"1024\" src=\"https:\/\/www.amom.net\/wp-content\/uploads\/2024\/12\/tweet-bovet-1-min-826x1024.png\" class=\"attachment-large size-large\" alt=\"\" decoding=\"async\" srcset=\"https:\/\/www.amom.net\/wp-content\/uploads\/2024\/12\/tweet-bovet-1-min-826x1024.png 826w, https:\/\/www.amom.net\/wp-content\/uploads\/2024\/12\/tweet-bovet-1-min-242x300.png 242w, https:\/\/www.amom.net\/wp-content\/uploads\/2024\/12\/tweet-bovet-1-min-768x952.png 768w, https:\/\/www.amom.net\/wp-content\/uploads\/2024\/12\/tweet-bovet-1-min-600x744.png 600w, https:\/\/www.amom.net\/wp-content\/uploads\/2024\/12\/tweet-bovet-1-min.png 1178w\" sizes=\"(max-width: 826px) 100vw, 826px\" \/><\/a>\n\t\t\t<\/div><\/figure><figure class='gallery-item'>\n\t\t\t<div class='gallery-icon landscape'>\n\t\t\t\t<a data-elementor-open-lightbox=\"yes\" data-elementor-lightbox-slideshow=\"41ddf76\" data-elementor-lightbox-title=\"tweet-bovet-2-min\" data-e-action-hash=\"#elementor-action%3Aaction%3Dlightbox%26settings%3DeyJpZCI6MjczODEyMCwidXJsIjoiaHR0cHM6XC9cL3d3dy5hbW9tLm5ldFwvd3AtY29udGVudFwvdXBsb2Fkc1wvMjAyNFwvMTJcL3R3ZWV0LWJvdmV0LTItbWluLnBuZyIsInNsaWRlc2hvdyI6IjQxZGRmNzYifQ%3D%3D\" href='https:\/\/www.amom.net\/wp-content\/uploads\/2024\/12\/tweet-bovet-2-min.png'><img loading=\"lazy\" width=\"1024\" height=\"431\" src=\"https:\/\/www.amom.net\/wp-content\/uploads\/2024\/12\/tweet-bovet-2-min-1024x431.png\" class=\"attachment-large size-large\" alt=\"\" decoding=\"async\" srcset=\"https:\/\/www.amom.net\/wp-content\/uploads\/2024\/12\/tweet-bovet-2-min-1024x431.png 1024w, https:\/\/www.amom.net\/wp-content\/uploads\/2024\/12\/tweet-bovet-2-min-300x126.png 300w, https:\/\/www.amom.net\/wp-content\/uploads\/2024\/12\/tweet-bovet-2-min-768x323.png 768w, https:\/\/www.amom.net\/wp-content\/uploads\/2024\/12\/tweet-bovet-2-min-600x252.png 600w, https:\/\/www.amom.net\/wp-content\/uploads\/2024\/12\/tweet-bovet-2-min.png 1184w\" sizes=\"(max-width: 1024px) 100vw, 1024px\" \/><\/a>\n\t\t\t<\/div><\/figure><figure class='gallery-item'>\n\t\t\t<div class='gallery-icon portrait'>\n\t\t\t\t<a data-elementor-open-lightbox=\"yes\" data-elementor-lightbox-slideshow=\"41ddf76\" data-elementor-lightbox-title=\"tweet-cmq-1-min\" data-e-action-hash=\"#elementor-action%3Aaction%3Dlightbox%26settings%3DeyJpZCI6MjczODEyMiwidXJsIjoiaHR0cHM6XC9cL3d3dy5hbW9tLm5ldFwvd3AtY29udGVudFwvdXBsb2Fkc1wvMjAyNFwvMTJcL3R3ZWV0LWNtcS0xLW1pbi5wbmciLCJzbGlkZXNob3ciOiI0MWRkZjc2In0%3D\" href='https:\/\/www.amom.net\/wp-content\/uploads\/2024\/12\/tweet-cmq-1-min.png'><img loading=\"lazy\" width=\"827\" height=\"1024\" src=\"https:\/\/www.amom.net\/wp-content\/uploads\/2024\/12\/tweet-cmq-1-min-827x1024.png\" class=\"attachment-large size-large\" alt=\"\" decoding=\"async\" srcset=\"https:\/\/www.amom.net\/wp-content\/uploads\/2024\/12\/tweet-cmq-1-min-827x1024.png 827w, https:\/\/www.amom.net\/wp-content\/uploads\/2024\/12\/tweet-cmq-1-min-242x300.png 242w, https:\/\/www.amom.net\/wp-content\/uploads\/2024\/12\/tweet-cmq-1-min-768x951.png 768w, https:\/\/www.amom.net\/wp-content\/uploads\/2024\/12\/tweet-cmq-1-min-600x743.png 600w, https:\/\/www.amom.net\/wp-content\/uploads\/2024\/12\/tweet-cmq-1-min.png 1176w\" sizes=\"(max-width: 827px) 100vw, 827px\" \/><\/a>\n\t\t\t<\/div><\/figure><figure class='gallery-item'>\n\t\t\t<div class='gallery-icon landscape'>\n\t\t\t\t<a data-elementor-open-lightbox=\"yes\" data-elementor-lightbox-slideshow=\"41ddf76\" data-elementor-lightbox-title=\"tweet-cmq-2-min\" data-e-action-hash=\"#elementor-action%3Aaction%3Dlightbox%26settings%3DeyJpZCI6MjczODEyNCwidXJsIjoiaHR0cHM6XC9cL3d3dy5hbW9tLm5ldFwvd3AtY29udGVudFwvdXBsb2Fkc1wvMjAyNFwvMTJcL3R3ZWV0LWNtcS0yLW1pbi5wbmciLCJzbGlkZXNob3ciOiI0MWRkZjc2In0%3D\" href='https:\/\/www.amom.net\/wp-content\/uploads\/2024\/12\/tweet-cmq-2-min.png'><img loading=\"lazy\" width=\"1024\" height=\"443\" src=\"https:\/\/www.amom.net\/wp-content\/uploads\/2024\/12\/tweet-cmq-2-min-1024x443.png\" class=\"attachment-large size-large\" alt=\"\" decoding=\"async\" srcset=\"https:\/\/www.amom.net\/wp-content\/uploads\/2024\/12\/tweet-cmq-2-min-1024x443.png 1024w, https:\/\/www.amom.net\/wp-content\/uploads\/2024\/12\/tweet-cmq-2-min-300x130.png 300w, https:\/\/www.amom.net\/wp-content\/uploads\/2024\/12\/tweet-cmq-2-min-768x332.png 768w, https:\/\/www.amom.net\/wp-content\/uploads\/2024\/12\/tweet-cmq-2-min-600x260.png 600w, https:\/\/www.amom.net\/wp-content\/uploads\/2024\/12\/tweet-cmq-2-min.png 1178w\" sizes=\"(max-width: 1024px) 100vw, 1024px\" \/><\/a>\n\t\t\t<\/div><\/figure><figure class='gallery-item'>\n\t\t\t<div class='gallery-icon landscape'>\n\t\t\t\t<a data-elementor-open-lightbox=\"yes\" data-elementor-lightbox-slideshow=\"41ddf76\" data-elementor-lightbox-title=\"tweet-cmq-3-min\" data-e-action-hash=\"#elementor-action%3Aaction%3Dlightbox%26settings%3DeyJpZCI6MjczODEyNiwidXJsIjoiaHR0cHM6XC9cL3d3dy5hbW9tLm5ldFwvd3AtY29udGVudFwvdXBsb2Fkc1wvMjAyNFwvMTJcL3R3ZWV0LWNtcS0zLW1pbi5wbmciLCJzbGlkZXNob3ciOiI0MWRkZjc2In0%3D\" href='https:\/\/www.amom.net\/wp-content\/uploads\/2024\/12\/tweet-cmq-3-min.png'><img loading=\"lazy\" width=\"1024\" height=\"442\" src=\"https:\/\/www.amom.net\/wp-content\/uploads\/2024\/12\/tweet-cmq-3-min-1024x442.png\" class=\"attachment-large size-large\" alt=\"\" decoding=\"async\" srcset=\"https:\/\/www.amom.net\/wp-content\/uploads\/2024\/12\/tweet-cmq-3-min-1024x442.png 1024w, https:\/\/www.amom.net\/wp-content\/uploads\/2024\/12\/tweet-cmq-3-min-300x129.png 300w, https:\/\/www.amom.net\/wp-content\/uploads\/2024\/12\/tweet-cmq-3-min-768x331.png 768w, https:\/\/www.amom.net\/wp-content\/uploads\/2024\/12\/tweet-cmq-3-min-600x259.png 600w, https:\/\/www.amom.net\/wp-content\/uploads\/2024\/12\/tweet-cmq-3-min.png 1182w\" sizes=\"(max-width: 1024px) 100vw, 1024px\" \/><\/a>\n\t\t\t<\/div><\/figure><figure class='gallery-item'>\n\t\t\t<div class='gallery-icon landscape'>\n\t\t\t\t<a data-elementor-open-lightbox=\"yes\" data-elementor-lightbox-slideshow=\"41ddf76\" data-elementor-lightbox-title=\"tweet-cmq-4-min\" data-e-action-hash=\"#elementor-action%3Aaction%3Dlightbox%26settings%3DeyJpZCI6MjczODEyOCwidXJsIjoiaHR0cHM6XC9cL3d3dy5hbW9tLm5ldFwvd3AtY29udGVudFwvdXBsb2Fkc1wvMjAyNFwvMTJcL3R3ZWV0LWNtcS00LW1pbi5wbmciLCJzbGlkZXNob3ciOiI0MWRkZjc2In0%3D\" href='https:\/\/www.amom.net\/wp-content\/uploads\/2024\/12\/tweet-cmq-4-min.png'><img loading=\"lazy\" width=\"1024\" height=\"474\" src=\"https:\/\/www.amom.net\/wp-content\/uploads\/2024\/12\/tweet-cmq-4-min-1024x474.png\" class=\"attachment-large size-large\" alt=\"\" decoding=\"async\" srcset=\"https:\/\/www.amom.net\/wp-content\/uploads\/2024\/12\/tweet-cmq-4-min-1024x474.png 1024w, https:\/\/www.amom.net\/wp-content\/uploads\/2024\/12\/tweet-cmq-4-min-300x139.png 300w, https:\/\/www.amom.net\/wp-content\/uploads\/2024\/12\/tweet-cmq-4-min-768x355.png 768w, https:\/\/www.amom.net\/wp-content\/uploads\/2024\/12\/tweet-cmq-4-min-600x278.png 600w, https:\/\/www.amom.net\/wp-content\/uploads\/2024\/12\/tweet-cmq-4-min.png 1176w\" sizes=\"(max-width: 1024px) 100vw, 1024px\" \/><\/a>\n\t\t\t<\/div><\/figure><figure class='gallery-item'>\n\t\t\t<div class='gallery-icon landscape'>\n\t\t\t\t<a data-elementor-open-lightbox=\"yes\" data-elementor-lightbox-slideshow=\"41ddf76\" data-elementor-lightbox-title=\"tweet-dery-1-min\" data-e-action-hash=\"#elementor-action%3Aaction%3Dlightbox%26settings%3DeyJpZCI6MjczODEzMCwidXJsIjoiaHR0cHM6XC9cL3d3dy5hbW9tLm5ldFwvd3AtY29udGVudFwvdXBsb2Fkc1wvMjAyNFwvMTJcL3R3ZWV0LWRlcnktMS1taW4ucG5nIiwic2xpZGVzaG93IjoiNDFkZGY3NiJ9\" href='https:\/\/www.amom.net\/wp-content\/uploads\/2024\/12\/tweet-dery-1-min.png'><img loading=\"lazy\" width=\"1024\" height=\"623\" src=\"https:\/\/www.amom.net\/wp-content\/uploads\/2024\/12\/tweet-dery-1-min-1024x623.png\" class=\"attachment-large size-large\" alt=\"\" decoding=\"async\" srcset=\"https:\/\/www.amom.net\/wp-content\/uploads\/2024\/12\/tweet-dery-1-min-1024x623.png 1024w, https:\/\/www.amom.net\/wp-content\/uploads\/2024\/12\/tweet-dery-1-min-300x182.png 300w, https:\/\/www.amom.net\/wp-content\/uploads\/2024\/12\/tweet-dery-1-min-768x467.png 768w, https:\/\/www.amom.net\/wp-content\/uploads\/2024\/12\/tweet-dery-1-min-600x365.png 600w, https:\/\/www.amom.net\/wp-content\/uploads\/2024\/12\/tweet-dery-1-min.png 1174w\" sizes=\"(max-width: 1024px) 100vw, 1024px\" \/><\/a>\n\t\t\t<\/div><\/figure><figure class='gallery-item'>\n\t\t\t<div class='gallery-icon landscape'>\n\t\t\t\t<a data-elementor-open-lightbox=\"yes\" data-elementor-lightbox-slideshow=\"41ddf76\" data-elementor-lightbox-title=\"tweet-dery-2-min\" data-e-action-hash=\"#elementor-action%3Aaction%3Dlightbox%26settings%3DeyJpZCI6MjczODEzMiwidXJsIjoiaHR0cHM6XC9cL3d3dy5hbW9tLm5ldFwvd3AtY29udGVudFwvdXBsb2Fkc1wvMjAyNFwvMTJcL3R3ZWV0LWRlcnktMi1taW4ucG5nIiwic2xpZGVzaG93IjoiNDFkZGY3NiJ9\" href='https:\/\/www.amom.net\/wp-content\/uploads\/2024\/12\/tweet-dery-2-min.png'><img loading=\"lazy\" width=\"1024\" height=\"925\" src=\"https:\/\/www.amom.net\/wp-content\/uploads\/2024\/12\/tweet-dery-2-min-1024x925.png\" class=\"attachment-large size-large\" alt=\"\" decoding=\"async\" srcset=\"https:\/\/www.amom.net\/wp-content\/uploads\/2024\/12\/tweet-dery-2-min-1024x925.png 1024w, https:\/\/www.amom.net\/wp-content\/uploads\/2024\/12\/tweet-dery-2-min-300x271.png 300w, https:\/\/www.amom.net\/wp-content\/uploads\/2024\/12\/tweet-dery-2-min-768x694.png 768w, https:\/\/www.amom.net\/wp-content\/uploads\/2024\/12\/tweet-dery-2-min-600x542.png 600w, https:\/\/www.amom.net\/wp-content\/uploads\/2024\/12\/tweet-dery-2-min.png 1178w\" sizes=\"(max-width: 1024px) 100vw, 1024px\" \/><\/a>\n\t\t\t<\/div><\/figure><figure class='gallery-item'>\n\t\t\t<div class='gallery-icon landscape'>\n\t\t\t\t<a data-elementor-open-lightbox=\"yes\" data-elementor-lightbox-slideshow=\"41ddf76\" data-elementor-lightbox-title=\"tweet-dr-demers-min\" data-e-action-hash=\"#elementor-action%3Aaction%3Dlightbox%26settings%3DeyJpZCI6MjczODEzNCwidXJsIjoiaHR0cHM6XC9cL3d3dy5hbW9tLm5ldFwvd3AtY29udGVudFwvdXBsb2Fkc1wvMjAyNFwvMTJcL3R3ZWV0LWRyLWRlbWVycy1taW4ucG5nIiwic2xpZGVzaG93IjoiNDFkZGY3NiJ9\" href='https:\/\/www.amom.net\/wp-content\/uploads\/2024\/12\/tweet-dr-demers-min.png'><img loading=\"lazy\" width=\"1024\" height=\"443\" src=\"https:\/\/www.amom.net\/wp-content\/uploads\/2024\/12\/tweet-dr-demers-min-1024x443.png\" class=\"attachment-large size-large\" alt=\"\" decoding=\"async\" srcset=\"https:\/\/www.amom.net\/wp-content\/uploads\/2024\/12\/tweet-dr-demers-min-1024x443.png 1024w, https:\/\/www.amom.net\/wp-content\/uploads\/2024\/12\/tweet-dr-demers-min-300x130.png 300w, https:\/\/www.amom.net\/wp-content\/uploads\/2024\/12\/tweet-dr-demers-min-768x332.png 768w, https:\/\/www.amom.net\/wp-content\/uploads\/2024\/12\/tweet-dr-demers-min-600x260.png 600w, https:\/\/www.amom.net\/wp-content\/uploads\/2024\/12\/tweet-dr-demers-min.png 1174w\" sizes=\"(max-width: 1024px) 100vw, 1024px\" \/><\/a>\n\t\t\t<\/div><\/figure><figure class='gallery-item'>\n\t\t\t<div class='gallery-icon landscape'>\n\t\t\t\t<a data-elementor-open-lightbox=\"yes\" data-elementor-lightbox-slideshow=\"41ddf76\" data-elementor-lightbox-title=\"tweet-dre-gratuite-min\" data-e-action-hash=\"#elementor-action%3Aaction%3Dlightbox%26settings%3DeyJpZCI6MjczODEzNiwidXJsIjoiaHR0cHM6XC9cL3d3dy5hbW9tLm5ldFwvd3AtY29udGVudFwvdXBsb2Fkc1wvMjAyNFwvMTJcL3R3ZWV0LWRyZS1ncmF0dWl0ZS1taW4ucG5nIiwic2xpZGVzaG93IjoiNDFkZGY3NiJ9\" href='https:\/\/www.amom.net\/wp-content\/uploads\/2024\/12\/tweet-dre-gratuite-min.png'><img loading=\"lazy\" width=\"1024\" height=\"802\" src=\"https:\/\/www.amom.net\/wp-content\/uploads\/2024\/12\/tweet-dre-gratuite-min-1024x802.png\" class=\"attachment-large size-large\" alt=\"\" decoding=\"async\" srcset=\"https:\/\/www.amom.net\/wp-content\/uploads\/2024\/12\/tweet-dre-gratuite-min-1024x802.png 1024w, https:\/\/www.amom.net\/wp-content\/uploads\/2024\/12\/tweet-dre-gratuite-min-300x235.png 300w, https:\/\/www.amom.net\/wp-content\/uploads\/2024\/12\/tweet-dre-gratuite-min-768x602.png 768w, https:\/\/www.amom.net\/wp-content\/uploads\/2024\/12\/tweet-dre-gratuite-min-600x470.png 600w, https:\/\/www.amom.net\/wp-content\/uploads\/2024\/12\/tweet-dre-gratuite-min.png 1182w\" sizes=\"(max-width: 1024px) 100vw, 1024px\" \/><\/a>\n\t\t\t<\/div><\/figure><figure class='gallery-item'>\n\t\t\t<div class='gallery-icon landscape'>\n\t\t\t\t<a data-elementor-open-lightbox=\"yes\" data-elementor-lightbox-slideshow=\"41ddf76\" data-elementor-lightbox-title=\"tweet-barrette-min\" data-e-action-hash=\"#elementor-action%3Aaction%3Dlightbox%26settings%3DeyJpZCI6MjczODEzOCwidXJsIjoiaHR0cHM6XC9cL3d3dy5hbW9tLm5ldFwvd3AtY29udGVudFwvdXBsb2Fkc1wvMjAyNFwvMTJcL3R3ZWV0LWJhcnJldHRlLW1pbi5wbmciLCJzbGlkZXNob3ciOiI0MWRkZjc2In0%3D\" href='https:\/\/www.amom.net\/wp-content\/uploads\/2024\/12\/tweet-barrette-min.png'><img loading=\"lazy\" width=\"1024\" height=\"899\" src=\"https:\/\/www.amom.net\/wp-content\/uploads\/2024\/12\/tweet-barrette-min-1024x899.png\" class=\"attachment-large size-large\" alt=\"\" decoding=\"async\" srcset=\"https:\/\/www.amom.net\/wp-content\/uploads\/2024\/12\/tweet-barrette-min-1024x899.png 1024w, https:\/\/www.amom.net\/wp-content\/uploads\/2024\/12\/tweet-barrette-min-300x263.png 300w, https:\/\/www.amom.net\/wp-content\/uploads\/2024\/12\/tweet-barrette-min-768x674.png 768w, https:\/\/www.amom.net\/wp-content\/uploads\/2024\/12\/tweet-barrette-min-600x527.png 600w, https:\/\/www.amom.net\/wp-content\/uploads\/2024\/12\/tweet-barrette-min.png 1176w\" sizes=\"(max-width: 1024px) 100vw, 1024px\" \/><\/a>\n\t\t\t<\/div><\/figure>\n\t\t<\/div>\n\t\t<\/div>\n\t\t\t\t\t\t<\/div>\n\t\t\t\t<\/div>\n\t\t\t\t\t<\/div>\n\t\t\t\t<\/div>\n\t\t\t\t<\/div>\n\t\t","protected":false},"excerpt":{"rendered":"<p>Table of Contents Headlines Healthcare Policy and Network Management Studies, Discoveries and Medications Other Healthcare Professionals Patients and Personal Health Elsewhere in Qu\u00e9bec Healthcare in Canada and Beyond Watch Listen Caricatures and Social Media Headlines D\u00e9claration officielle &#8211; D\u00e9p\u00f4t du projet de loi 83 Communiqu\u00e9 de la F\u00e9d\u00e9ration des m\u00e9decins omnipraticiens du Qu\u00e9bec (FMOQ) Les [&hellip;]<\/p>\n","protected":false},"author":252,"featured_media":0,"comment_status":"open","ping_status":"open","sticky":false,"template":"","format":"standard","meta":{"_acf_changed":false,"footnotes":""},"categories":[103],"tags":[],"class_list":["post-2738142","post","type-post","status-publish","format-standard","hentry","category-press-reviews"],"acf":[],"yoast_head":"<!-- This site is optimized with the Yoast SEO plugin v26.8 - https:\/\/yoast.com\/product\/yoast-seo-wordpress\/ -->\n<title>New doctors obliged to practice in the public sector for five years - Association des m\u00e9decins omnipraticiens de Montr\u00e9al<\/title>\n<meta name=\"robots\" content=\"index, follow, max-snippet:-1, max-image-preview:large, max-video-preview:-1\" \/>\n<link rel=\"canonical\" href=\"https:\/\/www.amom.net\/en\/new-doctors-obliged-to-practice-in-the-public-sector-for-five-years\/\" \/>\n<meta property=\"og:locale\" content=\"en_US\" \/>\n<meta property=\"og:type\" content=\"article\" \/>\n<meta property=\"og:title\" content=\"New doctors obliged to practice in the public sector for five years - Association des m\u00e9decins omnipraticiens de Montr\u00e9al\" \/>\n<meta property=\"og:description\" content=\"Table of Contents Headlines Healthcare Policy and Network Management Studies, Discoveries and Medications Other Healthcare Professionals Patients and Personal Health Elsewhere in Qu\u00e9bec Healthcare in Canada and Beyond Watch Listen Caricatures and Social Media Headlines D\u00e9claration officielle &#8211; D\u00e9p\u00f4t du projet de loi 83 Communiqu\u00e9 de la F\u00e9d\u00e9ration des m\u00e9decins omnipraticiens du Qu\u00e9bec (FMOQ) Les [&hellip;]\" \/>\n<meta property=\"og:url\" content=\"https:\/\/www.amom.net\/en\/new-doctors-obliged-to-practice-in-the-public-sector-for-five-years\/\" \/>\n<meta property=\"og:site_name\" content=\"Association des m\u00e9decins omnipraticiens de Montr\u00e9al\" \/>\n<meta property=\"article:publisher\" content=\"https:\/\/www.facebook.com\/profile.php?id=100064821276218\" \/>\n<meta property=\"article:published_time\" content=\"2024-12-04T21:03:50+00:00\" \/>\n<meta property=\"article:modified_time\" content=\"2024-12-04T21:30:59+00:00\" \/>\n<meta property=\"og:image\" content=\"https:\/\/www.amom.net\/wp-content\/uploads\/2024\/12\/caricature-cote-min-1024x900.jpg\" \/>\n<meta name=\"author\" content=\"Catherine Vachon, responsable des communications\" \/>\n<meta name=\"twitter:card\" content=\"summary_large_image\" \/>\n<meta name=\"twitter:label1\" content=\"Written by\" \/>\n\t<meta name=\"twitter:data1\" content=\"Catherine Vachon, responsable des communications\" \/>\n\t<meta name=\"twitter:label2\" content=\"Est. reading time\" \/>\n\t<meta name=\"twitter:data2\" content=\"10 minutes\" \/>\n<script type=\"application\/ld+json\" class=\"yoast-schema-graph\">{\"@context\":\"https:\/\/schema.org\",\"@graph\":[{\"@type\":\"Article\",\"@id\":\"https:\/\/www.amom.net\/en\/new-doctors-obliged-to-practice-in-the-public-sector-for-five-years\/#article\",\"isPartOf\":{\"@id\":\"https:\/\/www.amom.net\/en\/new-doctors-obliged-to-practice-in-the-public-sector-for-five-years\/\"},\"author\":{\"name\":\"Catherine Vachon, responsable des communications\",\"@id\":\"https:\/\/www.amom.net\/#\/schema\/person\/bdf6b293e92f24f62c11388c92549978\"},\"headline\":\"New doctors obliged to practice in the public sector for five years\",\"datePublished\":\"2024-12-04T21:03:50+00:00\",\"dateModified\":\"2024-12-04T21:30:59+00:00\",\"mainEntityOfPage\":{\"@id\":\"https:\/\/www.amom.net\/en\/new-doctors-obliged-to-practice-in-the-public-sector-for-five-years\/\"},\"wordCount\":1247,\"commentCount\":0,\"publisher\":{\"@id\":\"https:\/\/www.amom.net\/#organization\"},\"image\":{\"@id\":\"https:\/\/www.amom.net\/en\/new-doctors-obliged-to-practice-in-the-public-sector-for-five-years\/#primaryimage\"},\"thumbnailUrl\":\"https:\/\/www.amom.net\/wp-content\/uploads\/2024\/12\/caricature-cote-min-1024x900.jpg\",\"articleSection\":[\"Press\u00a0Reviews\"],\"inLanguage\":\"en-US\",\"potentialAction\":[{\"@type\":\"CommentAction\",\"name\":\"Comment\",\"target\":[\"https:\/\/www.amom.net\/en\/new-doctors-obliged-to-practice-in-the-public-sector-for-five-years\/#respond\"]}]},{\"@type\":\"WebPage\",\"@id\":\"https:\/\/www.amom.net\/en\/new-doctors-obliged-to-practice-in-the-public-sector-for-five-years\/\",\"url\":\"https:\/\/www.amom.net\/en\/new-doctors-obliged-to-practice-in-the-public-sector-for-five-years\/\",\"name\":\"New doctors obliged to practice in the public sector for five years - Association des m\u00e9decins omnipraticiens de Montr\u00e9al\",\"isPartOf\":{\"@id\":\"https:\/\/www.amom.net\/#website\"},\"primaryImageOfPage\":{\"@id\":\"https:\/\/www.amom.net\/en\/new-doctors-obliged-to-practice-in-the-public-sector-for-five-years\/#primaryimage\"},\"image\":{\"@id\":\"https:\/\/www.amom.net\/en\/new-doctors-obliged-to-practice-in-the-public-sector-for-five-years\/#primaryimage\"},\"thumbnailUrl\":\"https:\/\/www.amom.net\/wp-content\/uploads\/2024\/12\/caricature-cote-min-1024x900.jpg\",\"datePublished\":\"2024-12-04T21:03:50+00:00\",\"dateModified\":\"2024-12-04T21:30:59+00:00\",\"breadcrumb\":{\"@id\":\"https:\/\/www.amom.net\/en\/new-doctors-obliged-to-practice-in-the-public-sector-for-five-years\/#breadcrumb\"},\"inLanguage\":\"en-US\",\"potentialAction\":[{\"@type\":\"ReadAction\",\"target\":[\"https:\/\/www.amom.net\/en\/new-doctors-obliged-to-practice-in-the-public-sector-for-five-years\/\"]}]},{\"@type\":\"ImageObject\",\"inLanguage\":\"en-US\",\"@id\":\"https:\/\/www.amom.net\/en\/new-doctors-obliged-to-practice-in-the-public-sector-for-five-years\/#primaryimage\",\"url\":\"https:\/\/www.amom.net\/wp-content\/uploads\/2024\/12\/caricature-cote-min-1024x900.jpg\",\"contentUrl\":\"https:\/\/www.amom.net\/wp-content\/uploads\/2024\/12\/caricature-cote-min-1024x900.jpg\"},{\"@type\":\"BreadcrumbList\",\"@id\":\"https:\/\/www.amom.net\/en\/new-doctors-obliged-to-practice-in-the-public-sector-for-five-years\/#breadcrumb\",\"itemListElement\":[{\"@type\":\"ListItem\",\"position\":1,\"name\":\"Accueil\",\"item\":\"https:\/\/www.amom.net\/\"},{\"@type\":\"ListItem\",\"position\":2,\"name\":\"New doctors obliged to practice in the public sector for five years\"}]},{\"@type\":\"WebSite\",\"@id\":\"https:\/\/www.amom.net\/#website\",\"url\":\"https:\/\/www.amom.net\/\",\"name\":\"Association des m\u00e9decins omnipraticiens de Montr\u00e9al\",\"description\":\"\",\"publisher\":{\"@id\":\"https:\/\/www.amom.net\/#organization\"},\"potentialAction\":[{\"@type\":\"SearchAction\",\"target\":{\"@type\":\"EntryPoint\",\"urlTemplate\":\"https:\/\/www.amom.net\/?s={search_term_string}\"},\"query-input\":{\"@type\":\"PropertyValueSpecification\",\"valueRequired\":true,\"valueName\":\"search_term_string\"}}],\"inLanguage\":\"en-US\"},{\"@type\":\"Organization\",\"@id\":\"https:\/\/www.amom.net\/#organization\",\"name\":\"Association des m\u00e9decins omnipraticiens de Montr\u00e9al\",\"url\":\"https:\/\/www.amom.net\/\",\"logo\":{\"@type\":\"ImageObject\",\"inLanguage\":\"en-US\",\"@id\":\"https:\/\/www.amom.net\/#\/schema\/logo\/image\/\",\"url\":\"https:\/\/www.amom.net\/wp-content\/uploads\/2023\/09\/logo-amom-1.svg\",\"contentUrl\":\"https:\/\/www.amom.net\/wp-content\/uploads\/2023\/09\/logo-amom-1.svg\",\"width\":281,\"height\":129,\"caption\":\"Association des m\u00e9decins omnipraticiens de Montr\u00e9al\"},\"image\":{\"@id\":\"https:\/\/www.amom.net\/#\/schema\/logo\/image\/\"},\"sameAs\":[\"https:\/\/www.facebook.com\/profile.php?id=100064821276218\"]},{\"@type\":\"Person\",\"@id\":\"https:\/\/www.amom.net\/#\/schema\/person\/bdf6b293e92f24f62c11388c92549978\",\"name\":\"Catherine Vachon, responsable des communications\",\"image\":{\"@type\":\"ImageObject\",\"inLanguage\":\"en-US\",\"@id\":\"https:\/\/www.amom.net\/#\/schema\/person\/image\/\",\"url\":\"https:\/\/secure.gravatar.com\/avatar\/875f8cc9ba46e8298385f0b18b815b56a1ef0cdde318a62dd90e2b5b83f44a30?s=96&d=mm&r=g\",\"contentUrl\":\"https:\/\/secure.gravatar.com\/avatar\/875f8cc9ba46e8298385f0b18b815b56a1ef0cdde318a62dd90e2b5b83f44a30?s=96&d=mm&r=g\",\"caption\":\"Catherine Vachon, responsable des communications\"},\"url\":\"https:\/\/www.amom.net\/en\/author\/cvachon\/\"}]}<\/script>\n<!-- \/ Yoast SEO plugin. -->","yoast_head_json":{"title":"New doctors obliged to practice in the public sector for five years - Association des m\u00e9decins omnipraticiens de Montr\u00e9al","robots":{"index":"index","follow":"follow","max-snippet":"max-snippet:-1","max-image-preview":"max-image-preview:large","max-video-preview":"max-video-preview:-1"},"canonical":"https:\/\/www.amom.net\/en\/new-doctors-obliged-to-practice-in-the-public-sector-for-five-years\/","og_locale":"en_US","og_type":"article","og_title":"New doctors obliged to practice in the public sector for five years - Association des m\u00e9decins omnipraticiens de Montr\u00e9al","og_description":"Table of Contents Headlines Healthcare Policy and Network Management Studies, Discoveries and Medications Other Healthcare Professionals Patients and Personal Health Elsewhere in Qu\u00e9bec Healthcare in Canada and Beyond Watch Listen Caricatures and Social Media Headlines D\u00e9claration officielle &#8211; D\u00e9p\u00f4t du projet de loi 83 Communiqu\u00e9 de la F\u00e9d\u00e9ration des m\u00e9decins omnipraticiens du Qu\u00e9bec (FMOQ) Les [&hellip;]","og_url":"https:\/\/www.amom.net\/en\/new-doctors-obliged-to-practice-in-the-public-sector-for-five-years\/","og_site_name":"Association des m\u00e9decins omnipraticiens de Montr\u00e9al","article_publisher":"https:\/\/www.facebook.com\/profile.php?id=100064821276218","article_published_time":"2024-12-04T21:03:50+00:00","article_modified_time":"2024-12-04T21:30:59+00:00","og_image":[{"url":"https:\/\/www.amom.net\/wp-content\/uploads\/2024\/12\/caricature-cote-min-1024x900.jpg","type":"","width":"","height":""}],"author":"Catherine Vachon, responsable des communications","twitter_card":"summary_large_image","twitter_misc":{"Written by":"Catherine Vachon, responsable des communications","Est. reading time":"10 minutes"},"schema":{"@context":"https:\/\/schema.org","@graph":[{"@type":"Article","@id":"https:\/\/www.amom.net\/en\/new-doctors-obliged-to-practice-in-the-public-sector-for-five-years\/#article","isPartOf":{"@id":"https:\/\/www.amom.net\/en\/new-doctors-obliged-to-practice-in-the-public-sector-for-five-years\/"},"author":{"name":"Catherine Vachon, responsable des communications","@id":"https:\/\/www.amom.net\/#\/schema\/person\/bdf6b293e92f24f62c11388c92549978"},"headline":"New doctors obliged to practice in the public sector for five years","datePublished":"2024-12-04T21:03:50+00:00","dateModified":"2024-12-04T21:30:59+00:00","mainEntityOfPage":{"@id":"https:\/\/www.amom.net\/en\/new-doctors-obliged-to-practice-in-the-public-sector-for-five-years\/"},"wordCount":1247,"commentCount":0,"publisher":{"@id":"https:\/\/www.amom.net\/#organization"},"image":{"@id":"https:\/\/www.amom.net\/en\/new-doctors-obliged-to-practice-in-the-public-sector-for-five-years\/#primaryimage"},"thumbnailUrl":"https:\/\/www.amom.net\/wp-content\/uploads\/2024\/12\/caricature-cote-min-1024x900.jpg","articleSection":["Press\u00a0Reviews"],"inLanguage":"en-US","potentialAction":[{"@type":"CommentAction","name":"Comment","target":["https:\/\/www.amom.net\/en\/new-doctors-obliged-to-practice-in-the-public-sector-for-five-years\/#respond"]}]},{"@type":"WebPage","@id":"https:\/\/www.amom.net\/en\/new-doctors-obliged-to-practice-in-the-public-sector-for-five-years\/","url":"https:\/\/www.amom.net\/en\/new-doctors-obliged-to-practice-in-the-public-sector-for-five-years\/","name":"New doctors obliged to practice in the public sector for five years - Association des m\u00e9decins omnipraticiens de Montr\u00e9al","isPartOf":{"@id":"https:\/\/www.amom.net\/#website"},"primaryImageOfPage":{"@id":"https:\/\/www.amom.net\/en\/new-doctors-obliged-to-practice-in-the-public-sector-for-five-years\/#primaryimage"},"image":{"@id":"https:\/\/www.amom.net\/en\/new-doctors-obliged-to-practice-in-the-public-sector-for-five-years\/#primaryimage"},"thumbnailUrl":"https:\/\/www.amom.net\/wp-content\/uploads\/2024\/12\/caricature-cote-min-1024x900.jpg","datePublished":"2024-12-04T21:03:50+00:00","dateModified":"2024-12-04T21:30:59+00:00","breadcrumb":{"@id":"https:\/\/www.amom.net\/en\/new-doctors-obliged-to-practice-in-the-public-sector-for-five-years\/#breadcrumb"},"inLanguage":"en-US","potentialAction":[{"@type":"ReadAction","target":["https:\/\/www.amom.net\/en\/new-doctors-obliged-to-practice-in-the-public-sector-for-five-years\/"]}]},{"@type":"ImageObject","inLanguage":"en-US","@id":"https:\/\/www.amom.net\/en\/new-doctors-obliged-to-practice-in-the-public-sector-for-five-years\/#primaryimage","url":"https:\/\/www.amom.net\/wp-content\/uploads\/2024\/12\/caricature-cote-min-1024x900.jpg","contentUrl":"https:\/\/www.amom.net\/wp-content\/uploads\/2024\/12\/caricature-cote-min-1024x900.jpg"},{"@type":"BreadcrumbList","@id":"https:\/\/www.amom.net\/en\/new-doctors-obliged-to-practice-in-the-public-sector-for-five-years\/#breadcrumb","itemListElement":[{"@type":"ListItem","position":1,"name":"Accueil","item":"https:\/\/www.amom.net\/"},{"@type":"ListItem","position":2,"name":"New doctors obliged to practice in the public sector for five years"}]},{"@type":"WebSite","@id":"https:\/\/www.amom.net\/#website","url":"https:\/\/www.amom.net\/","name":"Association des m\u00e9decins omnipraticiens de Montr\u00e9al","description":"","publisher":{"@id":"https:\/\/www.amom.net\/#organization"},"potentialAction":[{"@type":"SearchAction","target":{"@type":"EntryPoint","urlTemplate":"https:\/\/www.amom.net\/?s={search_term_string}"},"query-input":{"@type":"PropertyValueSpecification","valueRequired":true,"valueName":"search_term_string"}}],"inLanguage":"en-US"},{"@type":"Organization","@id":"https:\/\/www.amom.net\/#organization","name":"Association des m\u00e9decins omnipraticiens de Montr\u00e9al","url":"https:\/\/www.amom.net\/","logo":{"@type":"ImageObject","inLanguage":"en-US","@id":"https:\/\/www.amom.net\/#\/schema\/logo\/image\/","url":"https:\/\/www.amom.net\/wp-content\/uploads\/2023\/09\/logo-amom-1.svg","contentUrl":"https:\/\/www.amom.net\/wp-content\/uploads\/2023\/09\/logo-amom-1.svg","width":281,"height":129,"caption":"Association des m\u00e9decins omnipraticiens de Montr\u00e9al"},"image":{"@id":"https:\/\/www.amom.net\/#\/schema\/logo\/image\/"},"sameAs":["https:\/\/www.facebook.com\/profile.php?id=100064821276218"]},{"@type":"Person","@id":"https:\/\/www.amom.net\/#\/schema\/person\/bdf6b293e92f24f62c11388c92549978","name":"Catherine Vachon, responsable des communications","image":{"@type":"ImageObject","inLanguage":"en-US","@id":"https:\/\/www.amom.net\/#\/schema\/person\/image\/","url":"https:\/\/secure.gravatar.com\/avatar\/875f8cc9ba46e8298385f0b18b815b56a1ef0cdde318a62dd90e2b5b83f44a30?s=96&d=mm&r=g","contentUrl":"https:\/\/secure.gravatar.com\/avatar\/875f8cc9ba46e8298385f0b18b815b56a1ef0cdde318a62dd90e2b5b83f44a30?s=96&d=mm&r=g","caption":"Catherine Vachon, responsable des communications"},"url":"https:\/\/www.amom.net\/en\/author\/cvachon\/"}]}},"_links":{"self":[{"href":"https:\/\/www.amom.net\/en\/wp-json\/wp\/v2\/posts\/2738142","targetHints":{"allow":["GET"]}}],"collection":[{"href":"https:\/\/www.amom.net\/en\/wp-json\/wp\/v2\/posts"}],"about":[{"href":"https:\/\/www.amom.net\/en\/wp-json\/wp\/v2\/types\/post"}],"author":[{"embeddable":true,"href":"https:\/\/www.amom.net\/en\/wp-json\/wp\/v2\/users\/252"}],"replies":[{"embeddable":true,"href":"https:\/\/www.amom.net\/en\/wp-json\/wp\/v2\/comments?post=2738142"}],"version-history":[{"count":5,"href":"https:\/\/www.amom.net\/en\/wp-json\/wp\/v2\/posts\/2738142\/revisions"}],"predecessor-version":[{"id":2738147,"href":"https:\/\/www.amom.net\/en\/wp-json\/wp\/v2\/posts\/2738142\/revisions\/2738147"}],"wp:attachment":[{"href":"https:\/\/www.amom.net\/en\/wp-json\/wp\/v2\/media?parent=2738142"}],"wp:term":[{"taxonomy":"category","embeddable":true,"href":"https:\/\/www.amom.net\/en\/wp-json\/wp\/v2\/categories?post=2738142"},{"taxonomy":"post_tag","embeddable":true,"href":"https:\/\/www.amom.net\/en\/wp-json\/wp\/v2\/tags?post=2738142"}],"curies":[{"name":"wp","href":"https:\/\/api.w.org\/{rel}","templated":true}]}}