{"id":2738161,"date":"2024-12-05T13:51:32","date_gmt":"2024-12-05T18:51:32","guid":{"rendered":"https:\/\/www.amom.net\/?p=2738161"},"modified":"2024-12-05T14:08:46","modified_gmt":"2024-12-05T19:08:46","slug":"obligation-to-work-in-the-public-network-at-some-point-doctors-say-this-is-too-much-for-me","status":"publish","type":"post","link":"https:\/\/www.amom.net\/en\/obligation-to-work-in-the-public-network-at-some-point-doctors-say-this-is-too-much-for-me\/","title":{"rendered":"Obligation to work in the public network: &#8216;At some point, doctors say: \u201cThis is too much for me\u201d&#8217;."},"content":{"rendered":"\t\t<div data-elementor-type=\"wp-post\" data-elementor-id=\"2738161\" class=\"elementor elementor-2738161 elementor-2738148\" data-elementor-post-type=\"post\">\n\t\t\t\t<div data-particle_enable=\"false\" data-particle-mobile-disabled=\"false\" class=\"elementor-element elementor-element-394a585 e-flex e-con-boxed e-con e-parent\" data-id=\"394a585\" data-element_type=\"container\">\n\t\t\t\t\t<div class=\"e-con-inner\">\n\t\t\n\n\n\n\t\t<div class=\"elementor-element elementor-element-50b9dfd elementor-widget elementor-widget-accordion_oktane\" data-id=\"50b9dfd\" data-element_type=\"widget\" data-widget_type=\"accordion_oktane.default\">\n\t\t\t\t<div class=\"elementor-widget-container\">\n\t\t\t\t\t\n        <div class=\"Accordion\">\n            <div class=\"page-section page-section__wrapper\">\n                                    <div class=\"Accordion__item\">\n                        <div class=\"Accordion__content-wrapper\">\n                            <input type=\"checkbox\" id=\"faq-8461\" data-tab=\"1\" role=\"tabpanel\" aria-labelledby=\"accordion-title-8461\">\n                            <h4 class=\"Accordion__head-title\">\n                                <label for=\"faq-8461\">Table of Contents<\/label>\n                                <div class=\"Accordion__head-icon\">\n                                <\/div>\n                            <\/h4>\n                            <div class=\"Accordion__wysiwyg-content\">\n                                <div class=\"wp-content\">\n                                    <ul><li><a href=\"#manchette\">Headlines<\/a><\/li><li><a href=\"#Politique\">Healthcare Policy and Network Management<\/a><\/li><li><a href=\"#Etudes\">Studies, Discoveries and Medications<\/a><\/li><li><a href=\"#Autres\">Other Healthcare Professionals<\/a><\/li><li><a href=\"#Patients\">Patients and Personal Health<\/a><\/li><li><a href=\"#ailleurs\">Elsewhere in Qu\u00e9bec <\/a><\/li><li><a href=\"#Sante\">Healthcare in Canada and Beyond<\/a><\/li><li><a href=\"#Visionner\">Watch<\/a><\/li><li><a href=\"#Ecouter\">Listen<\/a><\/li><li><a href=\"#Caricature\">Caricatures and Social Media<\/a><\/li><\/ul>                                                                    <\/div>\n                            <\/div>\n                        <\/div>\n                    <\/div>\n                            <\/div>\n        <\/div>\n    \t\t\t\t<\/div>\n\t\t\t\t<\/div>\n\t\t\t\t\t<\/div>\n\t\t\t\t<\/div>\n\t\t<div data-particle_enable=\"false\" data-particle-mobile-disabled=\"false\" class=\"elementor-element elementor-element-5fbe63c e-flex e-con-boxed e-con e-parent\" data-id=\"5fbe63c\" data-element_type=\"container\">\n\t\t\t\t\t<div class=\"e-con-inner\">\n\t\t\t\t<div class=\"elementor-element elementor-element-85c94fb elementor-widget elementor-widget-menu-anchor\" data-id=\"85c94fb\" data-element_type=\"widget\" data-widget_type=\"menu-anchor.default\">\n\t\t\t\t<div class=\"elementor-widget-container\">\n\t\t\t\t\t\t\t<div class=\"elementor-menu-anchor\" id=\"manchette\"><\/div>\n\t\t\t\t\t\t<\/div>\n\t\t\t\t<\/div>\n\t\t\t\t<div class=\"elementor-element elementor-element-c8494f5 elementor-widget elementor-widget-wysiwyg_oktane\" data-id=\"c8494f5\" data-element_type=\"widget\" data-widget_type=\"wysiwyg_oktane.default\">\n\t\t\t\t<div class=\"elementor-widget-container\">\n\t\t\t\t\t\t\t<div class=\"wysiwyg\"\n        >\n            <div class=\"page-section page-section__wrapper\">\n                <div class=\"wysiwyg__wrapper\">\n                    <div class=\"wysiwyg__content wp-content\">\n                        <h2>Headlines<\/h2>                    <\/div>\n                <\/div>\n            <\/div>\n\t\t<\/div>\n\t\t\t\t\t\t<\/div>\n\t\t\t\t<\/div>\n\t\t\t\t<div class=\"elementor-element elementor-element-192f176 elementor-widget elementor-widget-wysiwyg_oktane\" data-id=\"192f176\" data-element_type=\"widget\" data-widget_type=\"wysiwyg_oktane.default\">\n\t\t\t\t<div class=\"elementor-widget-container\">\n\t\t\t\t\t\t\t<div class=\"wysiwyg\"\n        >\n            <div class=\"page-section page-section__wrapper\">\n                <div class=\"wysiwyg__wrapper\">\n                    <div class=\"wysiwyg__content wp-content\">\n                        <p><a href=\"https:\/\/www.tvanouvelles.ca\/2024\/12\/04\/obligation-de-travailler-dans-le-reseau-public-a-un-moment-donne-les-medecins-disent--cest-trop-pour-moi\" target=\"_blank\" rel=\"noopener\"><strong> Obligation de travailler dans le r\u00e9seau public : \u2018\u00c0 un moment donn\u00e9, les m\u00e9decins disent : \u2018C\u2019est trop pour moi\u201d\u2019\u00a0 <\/strong><\/a><br \/>TVA Nouvelles<br \/>\u00a0<br \/><a href=\"https:\/\/montrealgazette.com\/news\/local-news\/gp-criticizes-bill-forcing-young-doctors-to-stay-in-medicare-as-virtual-signalling-politics\" target=\"_blank\" rel=\"noopener\"><strong>GP criticizes bill forcing young doctors to stay in medicare as 'virtue signalling' politics<\/strong><\/a><br \/>The Gazette<br \/>\u00a0<br \/><a href=\"https:\/\/www.lapresse.ca\/actualites\/sante\/2024-12-05\/reseau-de-la-sante\/les-medecins-specialistes-demandent-un-moratoire-sur-les-compressions.php\" target=\"_blank\" rel=\"noopener\"><strong>R\u00e9seau de la sant\u00e9\u00a0: \u00a0Les m\u00e9decins sp\u00e9cialistes demandent un moratoire sur les compressions<\/strong><\/a><br \/>La Presse<br \/>\u00a0<br \/><a href=\"https:\/\/ici.radio-canada.ca\/nouvelle\/2124450\/compressions-sante-patients-medecins-caq-specialistes\" target=\"_blank\" rel=\"noopener\"><strong>Coupes en sant\u00e9 : 11 000 m\u00e9decins invit\u00e9s \u00e0 documenter les impacts sur leurs patients<\/strong><\/a><br \/>Radio-Canada<br \/>\u00a0<br \/><a href=\"https:\/\/www.tvanouvelles.ca\/2024\/12\/04\/plus-de-chirurgies-gratuites-dans-les-centres-medicaux-specialises-des-le-19-decembre\" target=\"_blank\" rel=\"noopener\"><strong>Plus de chirurgies gratuites dans les centres m\u00e9dicaux sp\u00e9cialis\u00e9s d\u00e8s le 19 d\u00e9cembre <\/strong><\/a><br \/>TVA Nouvelles<br \/>\u00a0<br \/><a href=\"https:\/\/montrealgazette.com\/news\/local-news\/quebecers-will-be-able-to-get-some-surgeries-in-the-public-sector-at-no-charge?tbref=hp\" target=\"_blank\" rel=\"noopener\"><strong>Quebecers will be able to get some surgeries in the private sector at no charge<\/strong><\/a><br \/>The Gazette<br \/>\u00a0<br \/><a href=\"https:\/\/www.tvanouvelles.ca\/2024\/12\/04\/plus-de-chirurgies-gratuites-au-prive-il-faut-se-brancher-a-un-moment-donne-juge-gaetan-barrette\" target=\"_blank\" rel=\"noopener\"><strong>Plus de chirurgies gratuites au priv\u00e9 : \u2018Il faut se brancher \u00e0 un moment donn\u00e9\u2019, juge Ga\u00e9tan Barrette<\/strong><\/a><br \/>TVA Nouvelles<\/p>                    <\/div>\n                <\/div>\n            <\/div>\n\t\t<\/div>\n\t\t\t\t\t\t<\/div>\n\t\t\t\t<\/div>\n\t\t\t\t\t<\/div>\n\t\t\t\t<\/div>\n\t\t<div data-particle_enable=\"false\" data-particle-mobile-disabled=\"false\" class=\"elementor-element elementor-element-f2e0eb4 e-flex e-con-boxed e-con e-parent\" data-id=\"f2e0eb4\" data-element_type=\"container\">\n\t\t\t\t\t<div class=\"e-con-inner\">\n\t\t\t\t<div class=\"elementor-element elementor-element-80ff00d elementor-widget elementor-widget-menu-anchor\" data-id=\"80ff00d\" data-element_type=\"widget\" data-widget_type=\"menu-anchor.default\">\n\t\t\t\t<div class=\"elementor-widget-container\">\n\t\t\t\t\t\t\t<div class=\"elementor-menu-anchor\" id=\"Politique\"><\/div>\n\t\t\t\t\t\t<\/div>\n\t\t\t\t<\/div>\n\t\t\t\t<div class=\"elementor-element elementor-element-365a088 elementor-widget elementor-widget-wysiwyg_oktane\" data-id=\"365a088\" data-element_type=\"widget\" data-widget_type=\"wysiwyg_oktane.default\">\n\t\t\t\t<div class=\"elementor-widget-container\">\n\t\t\t\t\t\t\t<div class=\"wysiwyg\"\n        >\n            <div class=\"page-section page-section__wrapper\">\n                <div class=\"wysiwyg__wrapper\">\n                    <div class=\"wysiwyg__content wp-content\">\n                        <h2>Healthcare Policy and Network Management<\/h2>                    <\/div>\n                <\/div>\n            <\/div>\n\t\t<\/div>\n\t\t\t\t\t\t<\/div>\n\t\t\t\t<\/div>\n\t\t\t\t<div class=\"elementor-element elementor-element-4319768 elementor-widget elementor-widget-wysiwyg_oktane\" data-id=\"4319768\" data-element_type=\"widget\" data-widget_type=\"wysiwyg_oktane.default\">\n\t\t\t\t<div class=\"elementor-widget-container\">\n\t\t\t\t\t\t\t<div class=\"wysiwyg\"\n        >\n            <div class=\"page-section page-section__wrapper\">\n                <div class=\"wysiwyg__wrapper\">\n                    <div class=\"wysiwyg__content wp-content\">\n                        <p><a href=\"https:\/\/www.lapresse.ca\/actualites\/politique\/2024-12-04\/negociations-du-secteur-public\/lebel-veut-revoir-les-regles-du-jeu.php\" target=\"_blank\" rel=\"noopener\"><strong> LeBel veut revoir les r\u00e8gles du jeu<\/strong><\/a><br \/>La Presse<br \/>\u00a0<br \/><a href=\"https:\/\/www.lapresse.ca\/actualites\/sante\/2024-12-04\/pression-pour-que-quebec-couvre-les-frais-d-accouchement-et-de-suivi-de-migrantes.php\" target=\"_blank\" rel=\"noopener\"><strong>Pression pour que Qu\u00e9bec couvre les frais d\u2019accouchement et de suivi de migrantes<\/strong><\/a><br \/>La Presse<\/p>                    <\/div>\n                <\/div>\n            <\/div>\n\t\t<\/div>\n\t\t\t\t\t\t<\/div>\n\t\t\t\t<\/div>\n\t\t\t\t\t<\/div>\n\t\t\t\t<\/div>\n\t\t<div data-particle_enable=\"false\" data-particle-mobile-disabled=\"false\" class=\"elementor-element elementor-element-2136413 e-flex e-con-boxed e-con e-parent\" data-id=\"2136413\" data-element_type=\"container\">\n\t\t\t\t\t<div class=\"e-con-inner\">\n\t\t\t\t<div class=\"elementor-element elementor-element-eede8d4 elementor-widget elementor-widget-menu-anchor\" data-id=\"eede8d4\" data-element_type=\"widget\" data-widget_type=\"menu-anchor.default\">\n\t\t\t\t<div class=\"elementor-widget-container\">\n\t\t\t\t\t\t\t<div class=\"elementor-menu-anchor\" id=\"Etudes\"><\/div>\n\t\t\t\t\t\t<\/div>\n\t\t\t\t<\/div>\n\t\t\t\t<div class=\"elementor-element elementor-element-cc3e37c elementor-widget elementor-widget-wysiwyg_oktane\" data-id=\"cc3e37c\" data-element_type=\"widget\" data-widget_type=\"wysiwyg_oktane.default\">\n\t\t\t\t<div class=\"elementor-widget-container\">\n\t\t\t\t\t\t\t<div class=\"wysiwyg\"\n        >\n            <div class=\"page-section page-section__wrapper\">\n                <div class=\"wysiwyg__wrapper\">\n                    <div class=\"wysiwyg__content wp-content\">\n                        <h2>Studies, Discoveries and Medications<\/h2>                    <\/div>\n                <\/div>\n            <\/div>\n\t\t<\/div>\n\t\t\t\t\t\t<\/div>\n\t\t\t\t<\/div>\n\t\t\t\t<div class=\"elementor-element elementor-element-26823cc elementor-widget elementor-widget-wysiwyg_oktane\" data-id=\"26823cc\" data-element_type=\"widget\" data-widget_type=\"wysiwyg_oktane.default\">\n\t\t\t\t<div class=\"elementor-widget-container\">\n\t\t\t\t\t\t\t<div class=\"wysiwyg\"\n        >\n            <div class=\"page-section page-section__wrapper\">\n                <div class=\"wysiwyg__wrapper\">\n                    <div class=\"wysiwyg__content wp-content\">\n                        <p><a href=\"https:\/\/www.tvanouvelles.ca\/2024\/12\/05\/feu-vert-de-loms-a-un-premier-test-de-diagnostic-de-la-tuberculose\" target=\"_blank\" rel=\"noopener\"><strong> Feu vert de l'OMS \u00e0 un premier test de diagnostic de la tuberculose<\/strong><\/a><br \/>TVA Nouvelles<\/p>                    <\/div>\n                <\/div>\n            <\/div>\n\t\t<\/div>\n\t\t\t\t\t\t<\/div>\n\t\t\t\t<\/div>\n\t\t\t\t\t<\/div>\n\t\t\t\t<\/div>\n\t\t<div data-particle_enable=\"false\" data-particle-mobile-disabled=\"false\" class=\"elementor-element elementor-element-d58b686 e-flex e-con-boxed e-con e-parent\" data-id=\"d58b686\" data-element_type=\"container\">\n\t\t\t\t\t<div class=\"e-con-inner\">\n\t\t\t\t<div class=\"elementor-element elementor-element-d2064af elementor-widget elementor-widget-menu-anchor\" data-id=\"d2064af\" data-element_type=\"widget\" data-widget_type=\"menu-anchor.default\">\n\t\t\t\t<div class=\"elementor-widget-container\">\n\t\t\t\t\t\t\t<div class=\"elementor-menu-anchor\" id=\"Autres\"><\/div>\n\t\t\t\t\t\t<\/div>\n\t\t\t\t<\/div>\n\t\t\t\t<div class=\"elementor-element elementor-element-6037e4e elementor-widget elementor-widget-wysiwyg_oktane\" data-id=\"6037e4e\" data-element_type=\"widget\" data-widget_type=\"wysiwyg_oktane.default\">\n\t\t\t\t<div class=\"elementor-widget-container\">\n\t\t\t\t\t\t\t<div class=\"wysiwyg\"\n        >\n            <div class=\"page-section page-section__wrapper\">\n                <div class=\"wysiwyg__wrapper\">\n                    <div class=\"wysiwyg__content wp-content\">\n                        <h2>Other Healthcare Professionals<\/h2>                    <\/div>\n                <\/div>\n            <\/div>\n\t\t<\/div>\n\t\t\t\t\t\t<\/div>\n\t\t\t\t<\/div>\n\t\t\t\t<div class=\"elementor-element elementor-element-06cbed9 elementor-widget elementor-widget-wysiwyg_oktane\" data-id=\"06cbed9\" data-element_type=\"widget\" data-widget_type=\"wysiwyg_oktane.default\">\n\t\t\t\t<div class=\"elementor-widget-container\">\n\t\t\t\t\t\t\t<div class=\"wysiwyg\"\n        >\n            <div class=\"page-section page-section__wrapper\">\n                <div class=\"wysiwyg__wrapper\">\n                    <div class=\"wysiwyg__content wp-content\">\n                        <p><a href=\"https:\/\/www.tvanouvelles.ca\/2024\/12\/05\/mise-en-garde-sur-losteopathie-chez-les-bebes\" target=\"_blank\" rel=\"noopener\"><strong> Mise en garde sur l'ost\u00e9opathie chez les b\u00e9b\u00e9s<\/strong><\/a><br \/>TVA Nouvelles<br \/><br \/><a href=\"https:\/\/www.lapresse.ca\/actualites\/sante\/2024-12-04\/pas-de-reorganisation-imposee-aux-syndicats\/soulagement-apres-le-recul-du-gouvernement-du-quebec.php\" target=\"_blank\" rel=\"noopener\"><strong>Pas de r\u00e9organisation impos\u00e9e aux syndicats\u00a0: Soulagement apr\u00e8s le recul du gouvernement du Qu\u00e9bec<\/strong><\/a><br \/>La Presse<br \/>\u00a0<br \/><a href=\"https:\/\/www.lavoixdelest.ca\/actualites\/sante\/2024\/12\/05\/le-potentiel-du-personnel-infirmier-est-mal-utilise-dans-le-reseau-public-DG6UCTTBIBCWRJJ3U7A3T4BKGA\/\" target=\"_blank\" rel=\"noopener\"><strong>Le potentiel du personnel infirmier est \u2018mal utilis\u00e9\u2019 dans le r\u00e9seau public\u00a0 <\/strong><\/a><br \/>La Voix de L'Est\u00a0<\/p>                    <\/div>\n                <\/div>\n            <\/div>\n\t\t<\/div>\n\t\t\t\t\t\t<\/div>\n\t\t\t\t<\/div>\n\t\t\t\t\t<\/div>\n\t\t\t\t<\/div>\n\t\t<div data-particle_enable=\"false\" data-particle-mobile-disabled=\"false\" class=\"elementor-element elementor-element-8b2a2bc e-flex e-con-boxed e-con e-parent\" data-id=\"8b2a2bc\" data-element_type=\"container\">\n\t\t\t\t\t<div class=\"e-con-inner\">\n\t\t\t\t<div class=\"elementor-element elementor-element-24d7d12 elementor-widget elementor-widget-menu-anchor\" data-id=\"24d7d12\" data-element_type=\"widget\" data-widget_type=\"menu-anchor.default\">\n\t\t\t\t<div class=\"elementor-widget-container\">\n\t\t\t\t\t\t\t<div class=\"elementor-menu-anchor\" id=\"Patients\"><\/div>\n\t\t\t\t\t\t<\/div>\n\t\t\t\t<\/div>\n\t\t\t\t<div class=\"elementor-element elementor-element-1ac366d elementor-widget elementor-widget-wysiwyg_oktane\" data-id=\"1ac366d\" data-element_type=\"widget\" data-widget_type=\"wysiwyg_oktane.default\">\n\t\t\t\t<div class=\"elementor-widget-container\">\n\t\t\t\t\t\t\t<div class=\"wysiwyg\"\n        >\n            <div class=\"page-section page-section__wrapper\">\n                <div class=\"wysiwyg__wrapper\">\n                    <div class=\"wysiwyg__content wp-content\">\n                        <h2>Patients and Personal Health<\/h2>                    <\/div>\n                <\/div>\n            <\/div>\n\t\t<\/div>\n\t\t\t\t\t\t<\/div>\n\t\t\t\t<\/div>\n\t\t\t\t<div class=\"elementor-element elementor-element-5c79065 elementor-widget elementor-widget-wysiwyg_oktane\" data-id=\"5c79065\" data-element_type=\"widget\" data-widget_type=\"wysiwyg_oktane.default\">\n\t\t\t\t<div class=\"elementor-widget-container\">\n\t\t\t\t\t\t\t<div class=\"wysiwyg\"\n        >\n            <div class=\"page-section page-section__wrapper\">\n                <div class=\"wysiwyg__wrapper\">\n                    <div class=\"wysiwyg__content wp-content\">\n                        <p><a href=\"https:\/\/www.lapresse.ca\/dialogue\/temoignages\/2024-12-02\/don-d-organe-d-une-personne-vivante\/tout-le-monde-peut-donner-la-vie.php\" target=\"_blank\" rel=\"noopener\"><strong> Don d\u2019organe d\u2019une personne vivante\u00a0: Tout le monde peut donner la vie<\/strong><\/a><br \/>La Presse<\/p>                    <\/div>\n                <\/div>\n            <\/div>\n\t\t<\/div>\n\t\t\t\t\t\t<\/div>\n\t\t\t\t<\/div>\n\t\t\t\t\t<\/div>\n\t\t\t\t<\/div>\n\t\t<div data-particle_enable=\"false\" data-particle-mobile-disabled=\"false\" class=\"elementor-element elementor-element-a95f006 e-flex e-con-boxed e-con e-parent\" data-id=\"a95f006\" data-element_type=\"container\">\n\t\t\t\t\t<div class=\"e-con-inner\">\n\t\t\t\t<div class=\"elementor-element elementor-element-0bb616a elementor-widget elementor-widget-menu-anchor\" data-id=\"0bb616a\" data-element_type=\"widget\" data-widget_type=\"menu-anchor.default\">\n\t\t\t\t<div class=\"elementor-widget-container\">\n\t\t\t\t\t\t\t<div class=\"elementor-menu-anchor\" id=\"ailleurs\"><\/div>\n\t\t\t\t\t\t<\/div>\n\t\t\t\t<\/div>\n\t\t\t\t<div class=\"elementor-element elementor-element-30d21b2 elementor-widget elementor-widget-wysiwyg_oktane\" data-id=\"30d21b2\" data-element_type=\"widget\" data-widget_type=\"wysiwyg_oktane.default\">\n\t\t\t\t<div class=\"elementor-widget-container\">\n\t\t\t\t\t\t\t<div class=\"wysiwyg\"\n        >\n            <div class=\"page-section page-section__wrapper\">\n                <div class=\"wysiwyg__wrapper\">\n                    <div class=\"wysiwyg__content wp-content\">\n                        <h2>Elsewhere in Qu\u00e9bec<\/h2>                    <\/div>\n                <\/div>\n            <\/div>\n\t\t<\/div>\n\t\t\t\t\t\t<\/div>\n\t\t\t\t<\/div>\n\t\t\t\t<div class=\"elementor-element elementor-element-531488d elementor-widget elementor-widget-wysiwyg_oktane\" data-id=\"531488d\" data-element_type=\"widget\" data-widget_type=\"wysiwyg_oktane.default\">\n\t\t\t\t<div class=\"elementor-widget-container\">\n\t\t\t\t\t\t\t<div class=\"wysiwyg\"\n        >\n            <div class=\"page-section page-section__wrapper\">\n                <div class=\"wysiwyg__wrapper\">\n                    <div class=\"wysiwyg__content wp-content\">\n                        <p><a href=\"https:\/\/ici.radio-canada.ca\/nouvelle\/2124445\/omnipraticien-prive-public-region\" target=\"_blank\" rel=\"noopener\"><strong> Service public obligatoire en m\u00e9decine : opposition des omnipraticiens nord-c\u00f4tiers <\/strong><\/a><br \/>Radio-Canada<br \/>\u00a0<br \/><a href=\"https:\/\/ici.radio-canada.ca\/nouvelle\/2124590\/reseau-public-prive-christian-dube\" target=\"_blank\" rel=\"noopener\"><strong>Le pr\u00e9sident r\u00e9gional des omnipraticiens compare les 5 ans au public \u00e0 du \u2018p\u00e9nitencier\u2019<\/strong><\/a><br \/>Radio-Canada<br \/>\u00a0<br \/><a href=\"https:\/\/ici.radio-canada.ca\/nouvelle\/2124523\/sante-clinique-prive-manifestation-exode-medecin\" target=\"_blank\" rel=\"noopener\"><strong>200 syndiqu\u00e9s manifestent devant une clinique m\u00e9dicale priv\u00e9e\u00a0<\/strong><\/a><br \/>Radio-Canada<\/p>                    <\/div>\n                <\/div>\n            <\/div>\n\t\t<\/div>\n\t\t\t\t\t\t<\/div>\n\t\t\t\t<\/div>\n\t\t\t\t\t<\/div>\n\t\t\t\t<\/div>\n\t\t<div data-particle_enable=\"false\" data-particle-mobile-disabled=\"false\" class=\"elementor-element elementor-element-2392efd e-flex e-con-boxed e-con e-parent\" data-id=\"2392efd\" data-element_type=\"container\">\n\t\t\t\t\t<div class=\"e-con-inner\">\n\t\t\t\t<div class=\"elementor-element elementor-element-e007452 elementor-widget elementor-widget-menu-anchor\" data-id=\"e007452\" data-element_type=\"widget\" data-widget_type=\"menu-anchor.default\">\n\t\t\t\t<div class=\"elementor-widget-container\">\n\t\t\t\t\t\t\t<div class=\"elementor-menu-anchor\" id=\"Sante\"><\/div>\n\t\t\t\t\t\t<\/div>\n\t\t\t\t<\/div>\n\t\t\t\t<div class=\"elementor-element elementor-element-bb3a497 elementor-widget elementor-widget-wysiwyg_oktane\" data-id=\"bb3a497\" data-element_type=\"widget\" data-widget_type=\"wysiwyg_oktane.default\">\n\t\t\t\t<div class=\"elementor-widget-container\">\n\t\t\t\t\t\t\t<div class=\"wysiwyg\"\n        >\n            <div class=\"page-section page-section__wrapper\">\n                <div class=\"wysiwyg__wrapper\">\n                    <div class=\"wysiwyg__content wp-content\">\n                        <h2>Healthcare in Canada and Beyond<\/h2>                    <\/div>\n                <\/div>\n            <\/div>\n\t\t<\/div>\n\t\t\t\t\t\t<\/div>\n\t\t\t\t<\/div>\n\t\t\t\t<div class=\"elementor-element elementor-element-02a2085 elementor-widget elementor-widget-wysiwyg_oktane\" data-id=\"02a2085\" data-element_type=\"widget\" data-widget_type=\"wysiwyg_oktane.default\">\n\t\t\t\t<div class=\"elementor-widget-container\">\n\t\t\t\t\t\t\t<div class=\"wysiwyg\"\n        >\n            <div class=\"page-section page-section__wrapper\">\n                <div class=\"wysiwyg__wrapper\">\n                    <div class=\"wysiwyg__content wp-content\">\n                        <p><a href=\"https:\/\/www.cbc.ca\/news\/health\/cihi-primary-care-1.7401410\" target=\"_blank\" rel=\"noopener\"><strong>1 in 7 ER visits in Canada are for conditions that could have been managed in primary care<\/strong><\/a><br \/>CBC News<\/p>                    <\/div>\n                <\/div>\n            <\/div>\n\t\t<\/div>\n\t\t\t\t\t\t<\/div>\n\t\t\t\t<\/div>\n\t\t\t\t\t<\/div>\n\t\t\t\t<\/div>\n\t\t<div data-particle_enable=\"false\" data-particle-mobile-disabled=\"false\" class=\"elementor-element elementor-element-b907cdf e-flex e-con-boxed e-con e-parent\" data-id=\"b907cdf\" data-element_type=\"container\">\n\t\t\t\t\t<div class=\"e-con-inner\">\n\t\t\t\t<div class=\"elementor-element elementor-element-82c1116 elementor-widget elementor-widget-menu-anchor\" data-id=\"82c1116\" data-element_type=\"widget\" data-widget_type=\"menu-anchor.default\">\n\t\t\t\t<div class=\"elementor-widget-container\">\n\t\t\t\t\t\t\t<div class=\"elementor-menu-anchor\" id=\"Visionner\"><\/div>\n\t\t\t\t\t\t<\/div>\n\t\t\t\t<\/div>\n\t\t\t\t<div class=\"elementor-element elementor-element-b531867 elementor-widget elementor-widget-wysiwyg_oktane\" data-id=\"b531867\" data-element_type=\"widget\" data-widget_type=\"wysiwyg_oktane.default\">\n\t\t\t\t<div class=\"elementor-widget-container\">\n\t\t\t\t\t\t\t<div class=\"wysiwyg\"\n        >\n            <div class=\"page-section page-section__wrapper\">\n                <div class=\"wysiwyg__wrapper\">\n                    <div class=\"wysiwyg__content wp-content\">\n                        <h2>Watch<\/h2>                    <\/div>\n                <\/div>\n            <\/div>\n\t\t<\/div>\n\t\t\t\t\t\t<\/div>\n\t\t\t\t<\/div>\n\t\t\t\t<div class=\"elementor-element elementor-element-33fab04 elementor-widget elementor-widget-wysiwyg_oktane\" data-id=\"33fab04\" data-element_type=\"widget\" data-widget_type=\"wysiwyg_oktane.default\">\n\t\t\t\t<div class=\"elementor-widget-container\">\n\t\t\t\t\t\t\t<div class=\"wysiwyg\"\n        >\n            <div class=\"page-section page-section__wrapper\">\n                <div class=\"wysiwyg__wrapper\">\n                    <div class=\"wysiwyg__content wp-content\">\n                        <p><a href=\"https:\/\/www.assnat.qc.ca\/fr\/video-audio\/archives-parlementaires\/travaux-assemblee\/AudioVideo-106779.html\" target=\"_blank\" rel=\"noopener\"><strong> S\u00e9ance de l\u2019Assembl\u00e9e - P\u00e9riode de questions et r\u00e9ponses orales<\/strong><\/a><br \/>En date du 4 d\u00e9cembre 2024<br \/>\u00c0 partir d\u2019environ 27 minutes, il est question des m\u00e9decins qui passent au priv\u00e9<\/p>                    <\/div>\n                <\/div>\n            <\/div>\n\t\t<\/div>\n\t\t\t\t\t\t<\/div>\n\t\t\t\t<\/div>\n\t\t\t\t\t<\/div>\n\t\t\t\t<\/div>\n\t\t<div data-particle_enable=\"false\" data-particle-mobile-disabled=\"false\" class=\"elementor-element elementor-element-b7ecbbb e-flex e-con-boxed e-con e-parent\" data-id=\"b7ecbbb\" data-element_type=\"container\">\n\t\t\t\t\t<div class=\"e-con-inner\">\n\t\t\t\t<div class=\"elementor-element elementor-element-ba9461a elementor-widget elementor-widget-menu-anchor\" data-id=\"ba9461a\" data-element_type=\"widget\" data-widget_type=\"menu-anchor.default\">\n\t\t\t\t<div class=\"elementor-widget-container\">\n\t\t\t\t\t\t\t<div class=\"elementor-menu-anchor\" id=\"Ecouter\"><\/div>\n\t\t\t\t\t\t<\/div>\n\t\t\t\t<\/div>\n\t\t\t\t<div class=\"elementor-element elementor-element-23f28c3 elementor-widget elementor-widget-wysiwyg_oktane\" data-id=\"23f28c3\" data-element_type=\"widget\" data-widget_type=\"wysiwyg_oktane.default\">\n\t\t\t\t<div class=\"elementor-widget-container\">\n\t\t\t\t\t\t\t<div class=\"wysiwyg\"\n        >\n            <div class=\"page-section page-section__wrapper\">\n                <div class=\"wysiwyg__wrapper\">\n                    <div class=\"wysiwyg__content wp-content\">\n                        <h2>Listen<\/h2>                    <\/div>\n                <\/div>\n            <\/div>\n\t\t<\/div>\n\t\t\t\t\t\t<\/div>\n\t\t\t\t<\/div>\n\t\t\t\t<div class=\"elementor-element elementor-element-3409898 elementor-widget elementor-widget-wysiwyg_oktane\" data-id=\"3409898\" data-element_type=\"widget\" data-widget_type=\"wysiwyg_oktane.default\">\n\t\t\t\t<div class=\"elementor-widget-container\">\n\t\t\t\t\t\t\t<div class=\"wysiwyg\"\n        >\n            <div class=\"page-section page-section__wrapper\">\n                <div class=\"wysiwyg__wrapper\">\n                    <div class=\"wysiwyg__content wp-content\">\n                        <p><a href=\"https:\/\/www.fm1069.ca\/audio\/664567\/une-fausse-bonne-idee-selon-dr-pierre-martin\" target=\"_blank\" rel=\"noopener\"><strong> M\u00e9decins oblig\u00e9s de travailler au public\u00a0: \u2018Une fausse bonne id\u00e9e\u2019<\/strong><\/a><br \/>Entrevue avec Dr Pierre Martin pr\u00e9sident de la f\u00e9d\u00e9ration des m\u00e9decins omnipraticiens de la Mauricie<br \/>Extrait de l\u2019\u00e9mission de radio \u2018Rivard au 106,9\u2019 au 106,9 fm<br \/>\u00a0<br \/><a href=\"https:\/\/www.985fm.ca\/audio\/664554\/manque-d-accessibilite-a-la-premiere-ligne-un-probleme-partout-au-quebec\" target=\"_blank\" rel=\"noopener\"><strong>R\u00e9seau de la sant\u00e9 - Manque d'accessibilit\u00e9 \u00e0 la premi\u00e8re ligne: un probl\u00e8me partout au Qu\u00e9bec<\/strong><\/a><br \/>Entrevue avec Vincent Marissal, porte-parole du deuxi\u00e8me groupe d\u2019opposition en mati\u00e8re de sant\u00e9<br \/>Extrait de l\u2019\u00e9mission de radio \u2018Le Qu\u00e9bec maintenant\u2019 au 98,5 fm<br \/>\u00a0<br \/><a href=\"https:\/\/www.qub.ca\/radio\/balado\/richard-martineau?audio=1099444234\" target=\"_blank\" rel=\"noopener\"><strong>5 ans dans le public pour les m\u00e9decins : est-ce une bonne mesure?<\/strong><\/a><br \/>Entrevue avec Ga\u00e9tan Barrette, ancien ministre de la Sant\u00e9 et Dr Karim Elayoubi, porte-parole du Parti Conservateur du Qu\u00e9bec en mati\u00e8re de sant\u00e9<br \/>Extrait de l\u2019\u00e9mission de radio \u2018Richard Martineau\u2019 sur Qub Radio<br \/>\u00a0<br \/><a href=\"https:\/\/www.985fm.ca\/audio\/664634\/au-quebec-on-est-un-peu-des-cancres-en-matiere-de-telemedecine\" target=\"_blank\" rel=\"noopener\"><strong>Tarification des consultations avec les m\u00e9decins - N\u00e9gociations Qu\u00e9bec-FMOQ: \u2018On est un peu des cancres en mati\u00e8re de t\u00e9l\u00e9m\u00e9decine\u2019<\/strong><\/a><br \/>Entrevue avec Jonathan Trudeau, chroniqueur politique<br \/>Extrait de l\u2019\u00e9mission de radio \u2018Lagac\u00e9 le matin\u2019 au 98,5 fm<br \/>\u00a0<br \/><a href=\"https:\/\/www.fm93.com\/audio\/664537\/5-ans-au-public-pour-les-nouveaux-medecins-mais-comment-les-garder-apres\" target=\"_blank\" rel=\"noopener\"><strong>5 ans au public pour les nouveaux m\u00e9decins, mais comment les garder apr\u00e8s ???<\/strong><\/a><br \/>Discussion entre les animateurs de l\u2019\u00e9mission<br \/>Extrait de l\u2019\u00e9mission de radio \u2018Trudeau-Landry\u2019 au 93 fm<br \/>\u00a0<br \/><a href=\"https:\/\/www.fm1047.ca\/audio\/664569\/christian-dube-se-transforme-en-pere-noel\" target=\"_blank\" rel=\"noopener\"><strong>\u2018Christian Dub\u00e9 se transforme en p\u00e8re No\u00ebl\u2019<\/strong><\/a><br \/>Entrevue avec Nathalie Normandeau, chroniqueuse et animatrice<br \/>Extrait de l\u2019\u00e9mission de radio \u2018Le Qu\u00e9bec maintenant\u2019 au 98,5 fm<br \/>\u00a0<br \/><a href=\"https:\/\/www.fm93.com\/audio\/664519\/boite-a-lunch-de-l-info-medecins-d-abord-5-ans-au-public-des-morts-pas-morts\" target=\"_blank\" rel=\"noopener\"><strong>Bo\u00eete \u00e0 lunch de l'info: M\u00e9decins, d'abord 5 ans au public ; Des morts pas morts<\/strong><\/a><br \/>Discussion entre les animateurs de l\u2019\u00e9mission<br \/>Extrait de l\u2019\u00e9mission de radio \u2018Bouchard en parle\u2019 au 93 fm<br \/>\u00a0<br \/><a href=\"https:\/\/ici.radio-canada.ca\/ohdio\/premiere\/emissions\/ca-nous-regarde\/segments\/rattrapage\/1933029\/montee-cas-pneumonie-atypique-chez-enfants-dre-caroline-quach-tran\" target=\"_blank\" rel=\"noopener\"><strong>Mont\u00e9e des cas de pneumonie atypique chez les enfants<\/strong><\/a><br \/>Entrevue avec Dre Caroline Quach-Thanh, infectiologue au CHU Ste-Justine et pr\u00e9sidente du comit\u00e9 sur l\u2019immunisation du Qu\u00e9bec<br \/>Extrait de l\u2019\u00e9mission de radio \u2018\u00c7a nous regarde\u2019 sur Radio-Canada Premi\u00e8re<br \/>\u00a0<br \/><a href=\"https:\/\/www.985fm.ca\/audio\/664515\/traitement-non-hormonal-une-excellente-nouvelle-option\" target=\"_blank\" rel=\"noopener\"><strong>M\u00e9nopause - Traitement non hormonal : \u2018Une excellente nouvelle option\u2019<\/strong><\/a><br \/>Entrevue avec Dre Jeanne Bouteaud, gyn\u00e9cologue-obst\u00e9tricienne<br \/>Extrait de l\u2019\u00e9mission de radio \u2018La commission\u2019 au 98,5 fm<br \/>\u00a0<br \/><a href=\"https:\/\/ici.radio-canada.ca\/ohdio\/premiere\/emissions\/ca-nous-regarde\/segments\/rattrapage\/1931987\/programme-proximite-en-sante-mentale-karine-mateu\" target=\"_blank\" rel=\"noopener\"><strong>Sant\u00e9 mentale: des services rapides et flexibles pour d\u00e9sengorger les urgences<\/strong><\/a><br \/>Reportage de Karine Mateu, journaliste<br \/>Extrait de l\u2019\u00e9mission de radio \u2018\u00c7a nous regarde\u2019 sur Radio-Canada Premi\u00e8re<\/p>                    <\/div>\n                <\/div>\n            <\/div>\n\t\t<\/div>\n\t\t\t\t\t\t<\/div>\n\t\t\t\t<\/div>\n\t\t\t\t\t<\/div>\n\t\t\t\t<\/div>\n\t\t<div data-particle_enable=\"false\" data-particle-mobile-disabled=\"false\" class=\"elementor-element elementor-element-5a40346 e-flex e-con-boxed e-con e-parent\" data-id=\"5a40346\" data-element_type=\"container\">\n\t\t\t\t\t<div class=\"e-con-inner\">\n\t\t\t\t<div class=\"elementor-element elementor-element-8dd831d elementor-widget elementor-widget-menu-anchor\" data-id=\"8dd831d\" data-element_type=\"widget\" data-widget_type=\"menu-anchor.default\">\n\t\t\t\t<div class=\"elementor-widget-container\">\n\t\t\t\t\t\t\t<div class=\"elementor-menu-anchor\" id=\"Caricature\"><\/div>\n\t\t\t\t\t\t<\/div>\n\t\t\t\t<\/div>\n\t\t\t\t<div class=\"elementor-element elementor-element-7c812cb elementor-widget elementor-widget-wysiwyg_oktane\" data-id=\"7c812cb\" data-element_type=\"widget\" data-widget_type=\"wysiwyg_oktane.default\">\n\t\t\t\t<div class=\"elementor-widget-container\">\n\t\t\t\t\t\t\t<div class=\"wysiwyg\"\n        >\n            <div class=\"page-section page-section__wrapper\">\n                <div class=\"wysiwyg__wrapper\">\n                    <div class=\"wysiwyg__content wp-content\">\n                        <h2>Caricatures and Social Media<\/h2>                    <\/div>\n                <\/div>\n            <\/div>\n\t\t<\/div>\n\t\t\t\t\t\t<\/div>\n\t\t\t\t<\/div>\n\t\t\t\t<div class=\"elementor-element elementor-element-41ddf76 gallery-spacing-custom elementor-widget elementor-widget-image-gallery\" data-id=\"41ddf76\" data-element_type=\"widget\" data-widget_type=\"image-gallery.default\">\n\t\t\t\t<div class=\"elementor-widget-container\">\n\t\t\t\t\t\t\t<div class=\"elementor-image-gallery\">\n\t\t\t<div id='gallery-1' class='gallery galleryid-2738161 gallery-columns-1 gallery-size-large'><figure class='gallery-item'>\n\t\t\t<div class='gallery-icon portrait'>\n\t\t\t\t<a data-elementor-open-lightbox=\"yes\" data-elementor-lightbox-slideshow=\"41ddf76\" data-elementor-lightbox-title=\"FMOQ-min\" data-e-action-hash=\"#elementor-action%3Aaction%3Dlightbox%26settings%3DeyJpZCI6MjczODE1MSwidXJsIjoiaHR0cHM6XC9cL3d3dy5hbW9tLm5ldFwvd3AtY29udGVudFwvdXBsb2Fkc1wvMjAyNFwvMTJcL0ZNT1EtbWluLnBuZyIsInNsaWRlc2hvdyI6IjQxZGRmNzYifQ%3D%3D\" href='https:\/\/www.amom.net\/wp-content\/uploads\/2024\/12\/FMOQ-min.png'><img fetchpriority=\"high\" width=\"823\" height=\"1024\" src=\"https:\/\/www.amom.net\/wp-content\/uploads\/2024\/12\/FMOQ-min-823x1024.png\" class=\"attachment-large size-large\" alt=\"\" decoding=\"async\" srcset=\"https:\/\/www.amom.net\/wp-content\/uploads\/2024\/12\/FMOQ-min-823x1024.png 823w, https:\/\/www.amom.net\/wp-content\/uploads\/2024\/12\/FMOQ-min-241x300.png 241w, https:\/\/www.amom.net\/wp-content\/uploads\/2024\/12\/FMOQ-min-768x956.png 768w, https:\/\/www.amom.net\/wp-content\/uploads\/2024\/12\/FMOQ-min-600x747.png 600w, https:\/\/www.amom.net\/wp-content\/uploads\/2024\/12\/FMOQ-min.png 1178w\" sizes=\"(max-width: 823px) 100vw, 823px\" \/><\/a>\n\t\t\t<\/div><\/figure><figure class='gallery-item'>\n\t\t\t<div class='gallery-icon portrait'>\n\t\t\t\t<a data-elementor-open-lightbox=\"yes\" data-elementor-lightbox-slideshow=\"41ddf76\" data-elementor-lightbox-title=\"tweet-dube-min 13.41.01\" data-e-action-hash=\"#elementor-action%3Aaction%3Dlightbox%26settings%3DeyJpZCI6MjczODE1MywidXJsIjoiaHR0cHM6XC9cL3d3dy5hbW9tLm5ldFwvd3AtY29udGVudFwvdXBsb2Fkc1wvMjAyNFwvMTJcL3R3ZWV0LWR1YmUtbWluLTEzLjQxLjAxLnBuZyIsInNsaWRlc2hvdyI6IjQxZGRmNzYifQ%3D%3D\" href='https:\/\/www.amom.net\/wp-content\/uploads\/2024\/12\/tweet-dube-min-13.41.01.png'><img width=\"973\" height=\"1024\" src=\"https:\/\/www.amom.net\/wp-content\/uploads\/2024\/12\/tweet-dube-min-13.41.01-973x1024.png\" class=\"attachment-large size-large\" alt=\"\" decoding=\"async\" srcset=\"https:\/\/www.amom.net\/wp-content\/uploads\/2024\/12\/tweet-dube-min-13.41.01-973x1024.png 973w, https:\/\/www.amom.net\/wp-content\/uploads\/2024\/12\/tweet-dube-min-13.41.01-285x300.png 285w, https:\/\/www.amom.net\/wp-content\/uploads\/2024\/12\/tweet-dube-min-13.41.01-768x808.png 768w, https:\/\/www.amom.net\/wp-content\/uploads\/2024\/12\/tweet-dube-min-13.41.01-600x631.png 600w, https:\/\/www.amom.net\/wp-content\/uploads\/2024\/12\/tweet-dube-min-13.41.01.png 1182w\" sizes=\"(max-width: 973px) 100vw, 973px\" \/><\/a>\n\t\t\t<\/div><\/figure><figure class='gallery-item'>\n\t\t\t<div class='gallery-icon portrait'>\n\t\t\t\t<a data-elementor-open-lightbox=\"yes\" data-elementor-lightbox-slideshow=\"41ddf76\" data-elementor-lightbox-title=\"tweet-guilbault-1-min\" data-e-action-hash=\"#elementor-action%3Aaction%3Dlightbox%26settings%3DeyJpZCI6MjczODE1NSwidXJsIjoiaHR0cHM6XC9cL3d3dy5hbW9tLm5ldFwvd3AtY29udGVudFwvdXBsb2Fkc1wvMjAyNFwvMTJcL3R3ZWV0LWd1aWxiYXVsdC0xLW1pbi5wbmciLCJzbGlkZXNob3ciOiI0MWRkZjc2In0%3D\" href='https:\/\/www.amom.net\/wp-content\/uploads\/2024\/12\/tweet-guilbault-1-min.png'><img width=\"795\" height=\"1024\" src=\"https:\/\/www.amom.net\/wp-content\/uploads\/2024\/12\/tweet-guilbault-1-min-795x1024.png\" class=\"attachment-large size-large\" alt=\"\" decoding=\"async\" srcset=\"https:\/\/www.amom.net\/wp-content\/uploads\/2024\/12\/tweet-guilbault-1-min-795x1024.png 795w, https:\/\/www.amom.net\/wp-content\/uploads\/2024\/12\/tweet-guilbault-1-min-233x300.png 233w, https:\/\/www.amom.net\/wp-content\/uploads\/2024\/12\/tweet-guilbault-1-min-768x989.png 768w, https:\/\/www.amom.net\/wp-content\/uploads\/2024\/12\/tweet-guilbault-1-min-600x773.png 600w, https:\/\/www.amom.net\/wp-content\/uploads\/2024\/12\/tweet-guilbault-1-min.png 1174w\" sizes=\"(max-width: 795px) 100vw, 795px\" \/><\/a>\n\t\t\t<\/div><\/figure><figure class='gallery-item'>\n\t\t\t<div class='gallery-icon landscape'>\n\t\t\t\t<a data-elementor-open-lightbox=\"yes\" data-elementor-lightbox-slideshow=\"41ddf76\" data-elementor-lightbox-title=\"tweet-guilbault-2-min\" data-e-action-hash=\"#elementor-action%3Aaction%3Dlightbox%26settings%3DeyJpZCI6MjczODE1NywidXJsIjoiaHR0cHM6XC9cL3d3dy5hbW9tLm5ldFwvd3AtY29udGVudFwvdXBsb2Fkc1wvMjAyNFwvMTJcL3R3ZWV0LWd1aWxiYXVsdC0yLW1pbi5wbmciLCJzbGlkZXNob3ciOiI0MWRkZjc2In0%3D\" href='https:\/\/www.amom.net\/wp-content\/uploads\/2024\/12\/tweet-guilbault-2-min.png'><img loading=\"lazy\" width=\"1024\" height=\"822\" src=\"https:\/\/www.amom.net\/wp-content\/uploads\/2024\/12\/tweet-guilbault-2-min-1024x822.png\" class=\"attachment-large size-large\" alt=\"\" decoding=\"async\" srcset=\"https:\/\/www.amom.net\/wp-content\/uploads\/2024\/12\/tweet-guilbault-2-min-1024x822.png 1024w, https:\/\/www.amom.net\/wp-content\/uploads\/2024\/12\/tweet-guilbault-2-min-300x241.png 300w, https:\/\/www.amom.net\/wp-content\/uploads\/2024\/12\/tweet-guilbault-2-min-768x616.png 768w, https:\/\/www.amom.net\/wp-content\/uploads\/2024\/12\/tweet-guilbault-2-min-600x482.png 600w, https:\/\/www.amom.net\/wp-content\/uploads\/2024\/12\/tweet-guilbault-2-min.png 1176w\" sizes=\"(max-width: 1024px) 100vw, 1024px\" \/><\/a>\n\t\t\t<\/div><\/figure>\n\t\t<\/div>\n\t\t<\/div>\n\t\t\t\t\t\t<\/div>\n\t\t\t\t<\/div>\n\t\t\t\t\t<\/div>\n\t\t\t\t<\/div>\n\t\t\t\t<\/div>\n\t\t","protected":false},"excerpt":{"rendered":"<p>Table of Contents Headlines Healthcare Policy and Network Management Studies, Discoveries and Medications Other Healthcare Professionals Patients and Personal Health Elsewhere in Qu\u00e9bec Healthcare in Canada and Beyond Watch Listen Caricatures and Social Media Headlines Obligation de travailler dans le r\u00e9seau public : \u2018\u00c0 un moment donn\u00e9, les m\u00e9decins disent : \u2018C\u2019est trop pour moi\u201d\u2019\u00a0 [&hellip;]<\/p>\n","protected":false},"author":252,"featured_media":0,"comment_status":"open","ping_status":"open","sticky":false,"template":"","format":"standard","meta":{"_acf_changed":false,"footnotes":""},"categories":[103],"tags":[],"class_list":["post-2738161","post","type-post","status-publish","format-standard","hentry","category-press-reviews"],"acf":[],"yoast_head":"<!-- This site is optimized with the Yoast SEO plugin v26.8 - https:\/\/yoast.com\/product\/yoast-seo-wordpress\/ -->\n<title>Obligation to work in the public network: &#039;At some point, doctors say: \u201cThis is too much for me\u201d&#039;. - Association des m\u00e9decins omnipraticiens de Montr\u00e9al<\/title>\n<meta name=\"robots\" content=\"index, follow, max-snippet:-1, max-image-preview:large, max-video-preview:-1\" \/>\n<link rel=\"canonical\" href=\"https:\/\/www.amom.net\/en\/obligation-to-work-in-the-public-network-at-some-point-doctors-say-this-is-too-much-for-me\/\" \/>\n<meta property=\"og:locale\" content=\"en_US\" \/>\n<meta property=\"og:type\" content=\"article\" \/>\n<meta property=\"og:title\" content=\"Obligation to work in the public network: &#039;At some point, doctors say: \u201cThis is too much for me\u201d&#039;. - Association des m\u00e9decins omnipraticiens de Montr\u00e9al\" \/>\n<meta property=\"og:description\" content=\"Table of Contents Headlines Healthcare Policy and Network Management Studies, Discoveries and Medications Other Healthcare Professionals Patients and Personal Health Elsewhere in Qu\u00e9bec Healthcare in Canada and Beyond Watch Listen Caricatures and Social Media Headlines Obligation de travailler dans le r\u00e9seau public : \u2018\u00c0 un moment donn\u00e9, les m\u00e9decins disent : \u2018C\u2019est trop pour moi\u201d\u2019\u00a0 [&hellip;]\" \/>\n<meta property=\"og:url\" content=\"https:\/\/www.amom.net\/en\/obligation-to-work-in-the-public-network-at-some-point-doctors-say-this-is-too-much-for-me\/\" \/>\n<meta property=\"og:site_name\" content=\"Association des m\u00e9decins omnipraticiens de Montr\u00e9al\" \/>\n<meta property=\"article:publisher\" content=\"https:\/\/www.facebook.com\/profile.php?id=100064821276218\" \/>\n<meta property=\"article:published_time\" content=\"2024-12-05T18:51:32+00:00\" \/>\n<meta property=\"article:modified_time\" content=\"2024-12-05T19:08:46+00:00\" \/>\n<meta property=\"og:image\" content=\"https:\/\/www.amom.net\/wp-content\/uploads\/2024\/12\/FMOQ-min-823x1024.png\" \/>\n<meta name=\"author\" content=\"Catherine Vachon, responsable des communications\" \/>\n<meta name=\"twitter:card\" content=\"summary_large_image\" \/>\n<meta name=\"twitter:label1\" content=\"Written by\" \/>\n\t<meta name=\"twitter:data1\" content=\"Catherine Vachon, responsable des communications\" \/>\n\t<meta name=\"twitter:label2\" content=\"Est. reading time\" \/>\n\t<meta name=\"twitter:data2\" content=\"5 minutes\" \/>\n<script type=\"application\/ld+json\" class=\"yoast-schema-graph\">{\"@context\":\"https:\/\/schema.org\",\"@graph\":[{\"@type\":\"Article\",\"@id\":\"https:\/\/www.amom.net\/en\/obligation-to-work-in-the-public-network-at-some-point-doctors-say-this-is-too-much-for-me\/#article\",\"isPartOf\":{\"@id\":\"https:\/\/www.amom.net\/en\/obligation-to-work-in-the-public-network-at-some-point-doctors-say-this-is-too-much-for-me\/\"},\"author\":{\"name\":\"Catherine Vachon, responsable des communications\",\"@id\":\"https:\/\/www.amom.net\/#\/schema\/person\/bdf6b293e92f24f62c11388c92549978\"},\"headline\":\"Obligation to work in the public network: &#8216;At some point, doctors say: \u201cThis is too much for me\u201d&#8217;.\",\"datePublished\":\"2024-12-05T18:51:32+00:00\",\"dateModified\":\"2024-12-05T19:08:46+00:00\",\"mainEntityOfPage\":{\"@id\":\"https:\/\/www.amom.net\/en\/obligation-to-work-in-the-public-network-at-some-point-doctors-say-this-is-too-much-for-me\/\"},\"wordCount\":787,\"commentCount\":0,\"publisher\":{\"@id\":\"https:\/\/www.amom.net\/#organization\"},\"image\":{\"@id\":\"https:\/\/www.amom.net\/en\/obligation-to-work-in-the-public-network-at-some-point-doctors-say-this-is-too-much-for-me\/#primaryimage\"},\"thumbnailUrl\":\"https:\/\/www.amom.net\/wp-content\/uploads\/2024\/12\/FMOQ-min-823x1024.png\",\"articleSection\":[\"Press\u00a0Reviews\"],\"inLanguage\":\"en-US\",\"potentialAction\":[{\"@type\":\"CommentAction\",\"name\":\"Comment\",\"target\":[\"https:\/\/www.amom.net\/en\/obligation-to-work-in-the-public-network-at-some-point-doctors-say-this-is-too-much-for-me\/#respond\"]}]},{\"@type\":\"WebPage\",\"@id\":\"https:\/\/www.amom.net\/en\/obligation-to-work-in-the-public-network-at-some-point-doctors-say-this-is-too-much-for-me\/\",\"url\":\"https:\/\/www.amom.net\/en\/obligation-to-work-in-the-public-network-at-some-point-doctors-say-this-is-too-much-for-me\/\",\"name\":\"Obligation to work in the public network: 'At some point, doctors say: \u201cThis is too much for me\u201d'. - Association des m\u00e9decins omnipraticiens de Montr\u00e9al\",\"isPartOf\":{\"@id\":\"https:\/\/www.amom.net\/#website\"},\"primaryImageOfPage\":{\"@id\":\"https:\/\/www.amom.net\/en\/obligation-to-work-in-the-public-network-at-some-point-doctors-say-this-is-too-much-for-me\/#primaryimage\"},\"image\":{\"@id\":\"https:\/\/www.amom.net\/en\/obligation-to-work-in-the-public-network-at-some-point-doctors-say-this-is-too-much-for-me\/#primaryimage\"},\"thumbnailUrl\":\"https:\/\/www.amom.net\/wp-content\/uploads\/2024\/12\/FMOQ-min-823x1024.png\",\"datePublished\":\"2024-12-05T18:51:32+00:00\",\"dateModified\":\"2024-12-05T19:08:46+00:00\",\"breadcrumb\":{\"@id\":\"https:\/\/www.amom.net\/en\/obligation-to-work-in-the-public-network-at-some-point-doctors-say-this-is-too-much-for-me\/#breadcrumb\"},\"inLanguage\":\"en-US\",\"potentialAction\":[{\"@type\":\"ReadAction\",\"target\":[\"https:\/\/www.amom.net\/en\/obligation-to-work-in-the-public-network-at-some-point-doctors-say-this-is-too-much-for-me\/\"]}]},{\"@type\":\"ImageObject\",\"inLanguage\":\"en-US\",\"@id\":\"https:\/\/www.amom.net\/en\/obligation-to-work-in-the-public-network-at-some-point-doctors-say-this-is-too-much-for-me\/#primaryimage\",\"url\":\"https:\/\/www.amom.net\/wp-content\/uploads\/2024\/12\/FMOQ-min-823x1024.png\",\"contentUrl\":\"https:\/\/www.amom.net\/wp-content\/uploads\/2024\/12\/FMOQ-min-823x1024.png\"},{\"@type\":\"BreadcrumbList\",\"@id\":\"https:\/\/www.amom.net\/en\/obligation-to-work-in-the-public-network-at-some-point-doctors-say-this-is-too-much-for-me\/#breadcrumb\",\"itemListElement\":[{\"@type\":\"ListItem\",\"position\":1,\"name\":\"Accueil\",\"item\":\"https:\/\/www.amom.net\/\"},{\"@type\":\"ListItem\",\"position\":2,\"name\":\"Obligation to work in the public network: &#8216;At some point, doctors say: \u201cThis is too much for me\u201d&#8217;.\"}]},{\"@type\":\"WebSite\",\"@id\":\"https:\/\/www.amom.net\/#website\",\"url\":\"https:\/\/www.amom.net\/\",\"name\":\"Association des m\u00e9decins omnipraticiens de Montr\u00e9al\",\"description\":\"\",\"publisher\":{\"@id\":\"https:\/\/www.amom.net\/#organization\"},\"potentialAction\":[{\"@type\":\"SearchAction\",\"target\":{\"@type\":\"EntryPoint\",\"urlTemplate\":\"https:\/\/www.amom.net\/?s={search_term_string}\"},\"query-input\":{\"@type\":\"PropertyValueSpecification\",\"valueRequired\":true,\"valueName\":\"search_term_string\"}}],\"inLanguage\":\"en-US\"},{\"@type\":\"Organization\",\"@id\":\"https:\/\/www.amom.net\/#organization\",\"name\":\"Association des m\u00e9decins omnipraticiens de Montr\u00e9al\",\"url\":\"https:\/\/www.amom.net\/\",\"logo\":{\"@type\":\"ImageObject\",\"inLanguage\":\"en-US\",\"@id\":\"https:\/\/www.amom.net\/#\/schema\/logo\/image\/\",\"url\":\"https:\/\/www.amom.net\/wp-content\/uploads\/2023\/09\/logo-amom-1.svg\",\"contentUrl\":\"https:\/\/www.amom.net\/wp-content\/uploads\/2023\/09\/logo-amom-1.svg\",\"width\":281,\"height\":129,\"caption\":\"Association des m\u00e9decins omnipraticiens de Montr\u00e9al\"},\"image\":{\"@id\":\"https:\/\/www.amom.net\/#\/schema\/logo\/image\/\"},\"sameAs\":[\"https:\/\/www.facebook.com\/profile.php?id=100064821276218\"]},{\"@type\":\"Person\",\"@id\":\"https:\/\/www.amom.net\/#\/schema\/person\/bdf6b293e92f24f62c11388c92549978\",\"name\":\"Catherine Vachon, responsable des communications\",\"image\":{\"@type\":\"ImageObject\",\"inLanguage\":\"en-US\",\"@id\":\"https:\/\/www.amom.net\/#\/schema\/person\/image\/\",\"url\":\"https:\/\/secure.gravatar.com\/avatar\/875f8cc9ba46e8298385f0b18b815b56a1ef0cdde318a62dd90e2b5b83f44a30?s=96&d=mm&r=g\",\"contentUrl\":\"https:\/\/secure.gravatar.com\/avatar\/875f8cc9ba46e8298385f0b18b815b56a1ef0cdde318a62dd90e2b5b83f44a30?s=96&d=mm&r=g\",\"caption\":\"Catherine Vachon, responsable des communications\"},\"url\":\"https:\/\/www.amom.net\/en\/author\/cvachon\/\"}]}<\/script>\n<!-- \/ Yoast SEO plugin. -->","yoast_head_json":{"title":"Obligation to work in the public network: 'At some point, doctors say: \u201cThis is too much for me\u201d'. - Association des m\u00e9decins omnipraticiens de Montr\u00e9al","robots":{"index":"index","follow":"follow","max-snippet":"max-snippet:-1","max-image-preview":"max-image-preview:large","max-video-preview":"max-video-preview:-1"},"canonical":"https:\/\/www.amom.net\/en\/obligation-to-work-in-the-public-network-at-some-point-doctors-say-this-is-too-much-for-me\/","og_locale":"en_US","og_type":"article","og_title":"Obligation to work in the public network: 'At some point, doctors say: \u201cThis is too much for me\u201d'. - Association des m\u00e9decins omnipraticiens de Montr\u00e9al","og_description":"Table of Contents Headlines Healthcare Policy and Network Management Studies, Discoveries and Medications Other Healthcare Professionals Patients and Personal Health Elsewhere in Qu\u00e9bec Healthcare in Canada and Beyond Watch Listen Caricatures and Social Media Headlines Obligation de travailler dans le r\u00e9seau public : \u2018\u00c0 un moment donn\u00e9, les m\u00e9decins disent : \u2018C\u2019est trop pour moi\u201d\u2019\u00a0 [&hellip;]","og_url":"https:\/\/www.amom.net\/en\/obligation-to-work-in-the-public-network-at-some-point-doctors-say-this-is-too-much-for-me\/","og_site_name":"Association des m\u00e9decins omnipraticiens de Montr\u00e9al","article_publisher":"https:\/\/www.facebook.com\/profile.php?id=100064821276218","article_published_time":"2024-12-05T18:51:32+00:00","article_modified_time":"2024-12-05T19:08:46+00:00","og_image":[{"url":"https:\/\/www.amom.net\/wp-content\/uploads\/2024\/12\/FMOQ-min-823x1024.png","type":"","width":"","height":""}],"author":"Catherine Vachon, responsable des communications","twitter_card":"summary_large_image","twitter_misc":{"Written by":"Catherine Vachon, responsable des communications","Est. reading time":"5 minutes"},"schema":{"@context":"https:\/\/schema.org","@graph":[{"@type":"Article","@id":"https:\/\/www.amom.net\/en\/obligation-to-work-in-the-public-network-at-some-point-doctors-say-this-is-too-much-for-me\/#article","isPartOf":{"@id":"https:\/\/www.amom.net\/en\/obligation-to-work-in-the-public-network-at-some-point-doctors-say-this-is-too-much-for-me\/"},"author":{"name":"Catherine Vachon, responsable des communications","@id":"https:\/\/www.amom.net\/#\/schema\/person\/bdf6b293e92f24f62c11388c92549978"},"headline":"Obligation to work in the public network: &#8216;At some point, doctors say: \u201cThis is too much for me\u201d&#8217;.","datePublished":"2024-12-05T18:51:32+00:00","dateModified":"2024-12-05T19:08:46+00:00","mainEntityOfPage":{"@id":"https:\/\/www.amom.net\/en\/obligation-to-work-in-the-public-network-at-some-point-doctors-say-this-is-too-much-for-me\/"},"wordCount":787,"commentCount":0,"publisher":{"@id":"https:\/\/www.amom.net\/#organization"},"image":{"@id":"https:\/\/www.amom.net\/en\/obligation-to-work-in-the-public-network-at-some-point-doctors-say-this-is-too-much-for-me\/#primaryimage"},"thumbnailUrl":"https:\/\/www.amom.net\/wp-content\/uploads\/2024\/12\/FMOQ-min-823x1024.png","articleSection":["Press\u00a0Reviews"],"inLanguage":"en-US","potentialAction":[{"@type":"CommentAction","name":"Comment","target":["https:\/\/www.amom.net\/en\/obligation-to-work-in-the-public-network-at-some-point-doctors-say-this-is-too-much-for-me\/#respond"]}]},{"@type":"WebPage","@id":"https:\/\/www.amom.net\/en\/obligation-to-work-in-the-public-network-at-some-point-doctors-say-this-is-too-much-for-me\/","url":"https:\/\/www.amom.net\/en\/obligation-to-work-in-the-public-network-at-some-point-doctors-say-this-is-too-much-for-me\/","name":"Obligation to work in the public network: 'At some point, doctors say: \u201cThis is too much for me\u201d'. - Association des m\u00e9decins omnipraticiens de Montr\u00e9al","isPartOf":{"@id":"https:\/\/www.amom.net\/#website"},"primaryImageOfPage":{"@id":"https:\/\/www.amom.net\/en\/obligation-to-work-in-the-public-network-at-some-point-doctors-say-this-is-too-much-for-me\/#primaryimage"},"image":{"@id":"https:\/\/www.amom.net\/en\/obligation-to-work-in-the-public-network-at-some-point-doctors-say-this-is-too-much-for-me\/#primaryimage"},"thumbnailUrl":"https:\/\/www.amom.net\/wp-content\/uploads\/2024\/12\/FMOQ-min-823x1024.png","datePublished":"2024-12-05T18:51:32+00:00","dateModified":"2024-12-05T19:08:46+00:00","breadcrumb":{"@id":"https:\/\/www.amom.net\/en\/obligation-to-work-in-the-public-network-at-some-point-doctors-say-this-is-too-much-for-me\/#breadcrumb"},"inLanguage":"en-US","potentialAction":[{"@type":"ReadAction","target":["https:\/\/www.amom.net\/en\/obligation-to-work-in-the-public-network-at-some-point-doctors-say-this-is-too-much-for-me\/"]}]},{"@type":"ImageObject","inLanguage":"en-US","@id":"https:\/\/www.amom.net\/en\/obligation-to-work-in-the-public-network-at-some-point-doctors-say-this-is-too-much-for-me\/#primaryimage","url":"https:\/\/www.amom.net\/wp-content\/uploads\/2024\/12\/FMOQ-min-823x1024.png","contentUrl":"https:\/\/www.amom.net\/wp-content\/uploads\/2024\/12\/FMOQ-min-823x1024.png"},{"@type":"BreadcrumbList","@id":"https:\/\/www.amom.net\/en\/obligation-to-work-in-the-public-network-at-some-point-doctors-say-this-is-too-much-for-me\/#breadcrumb","itemListElement":[{"@type":"ListItem","position":1,"name":"Accueil","item":"https:\/\/www.amom.net\/"},{"@type":"ListItem","position":2,"name":"Obligation to work in the public network: &#8216;At some point, doctors say: \u201cThis is too much for me\u201d&#8217;."}]},{"@type":"WebSite","@id":"https:\/\/www.amom.net\/#website","url":"https:\/\/www.amom.net\/","name":"Association des m\u00e9decins omnipraticiens de Montr\u00e9al","description":"","publisher":{"@id":"https:\/\/www.amom.net\/#organization"},"potentialAction":[{"@type":"SearchAction","target":{"@type":"EntryPoint","urlTemplate":"https:\/\/www.amom.net\/?s={search_term_string}"},"query-input":{"@type":"PropertyValueSpecification","valueRequired":true,"valueName":"search_term_string"}}],"inLanguage":"en-US"},{"@type":"Organization","@id":"https:\/\/www.amom.net\/#organization","name":"Association des m\u00e9decins omnipraticiens de Montr\u00e9al","url":"https:\/\/www.amom.net\/","logo":{"@type":"ImageObject","inLanguage":"en-US","@id":"https:\/\/www.amom.net\/#\/schema\/logo\/image\/","url":"https:\/\/www.amom.net\/wp-content\/uploads\/2023\/09\/logo-amom-1.svg","contentUrl":"https:\/\/www.amom.net\/wp-content\/uploads\/2023\/09\/logo-amom-1.svg","width":281,"height":129,"caption":"Association des m\u00e9decins omnipraticiens de Montr\u00e9al"},"image":{"@id":"https:\/\/www.amom.net\/#\/schema\/logo\/image\/"},"sameAs":["https:\/\/www.facebook.com\/profile.php?id=100064821276218"]},{"@type":"Person","@id":"https:\/\/www.amom.net\/#\/schema\/person\/bdf6b293e92f24f62c11388c92549978","name":"Catherine Vachon, responsable des communications","image":{"@type":"ImageObject","inLanguage":"en-US","@id":"https:\/\/www.amom.net\/#\/schema\/person\/image\/","url":"https:\/\/secure.gravatar.com\/avatar\/875f8cc9ba46e8298385f0b18b815b56a1ef0cdde318a62dd90e2b5b83f44a30?s=96&d=mm&r=g","contentUrl":"https:\/\/secure.gravatar.com\/avatar\/875f8cc9ba46e8298385f0b18b815b56a1ef0cdde318a62dd90e2b5b83f44a30?s=96&d=mm&r=g","caption":"Catherine Vachon, responsable des communications"},"url":"https:\/\/www.amom.net\/en\/author\/cvachon\/"}]}},"_links":{"self":[{"href":"https:\/\/www.amom.net\/en\/wp-json\/wp\/v2\/posts\/2738161","targetHints":{"allow":["GET"]}}],"collection":[{"href":"https:\/\/www.amom.net\/en\/wp-json\/wp\/v2\/posts"}],"about":[{"href":"https:\/\/www.amom.net\/en\/wp-json\/wp\/v2\/types\/post"}],"author":[{"embeddable":true,"href":"https:\/\/www.amom.net\/en\/wp-json\/wp\/v2\/users\/252"}],"replies":[{"embeddable":true,"href":"https:\/\/www.amom.net\/en\/wp-json\/wp\/v2\/comments?post=2738161"}],"version-history":[{"count":5,"href":"https:\/\/www.amom.net\/en\/wp-json\/wp\/v2\/posts\/2738161\/revisions"}],"predecessor-version":[{"id":2738166,"href":"https:\/\/www.amom.net\/en\/wp-json\/wp\/v2\/posts\/2738161\/revisions\/2738166"}],"wp:attachment":[{"href":"https:\/\/www.amom.net\/en\/wp-json\/wp\/v2\/media?parent=2738161"}],"wp:term":[{"taxonomy":"category","embeddable":true,"href":"https:\/\/www.amom.net\/en\/wp-json\/wp\/v2\/categories?post=2738161"},{"taxonomy":"post_tag","embeddable":true,"href":"https:\/\/www.amom.net\/en\/wp-json\/wp\/v2\/tags?post=2738161"}],"curies":[{"name":"wp","href":"https:\/\/api.w.org\/{rel}","templated":true}]}}