{"id":2738260,"date":"2024-12-11T11:14:45","date_gmt":"2024-12-11T16:14:45","guid":{"rendered":"https:\/\/www.amom.net\/?p=2738260"},"modified":"2024-12-11T12:10:41","modified_gmt":"2024-12-11T17:10:41","slug":"assignment-of-family-doctors-a-very-accounting-oriented-approach","status":"publish","type":"post","link":"https:\/\/www.amom.net\/en\/assignment-of-family-doctors-a-very-accounting-oriented-approach\/","title":{"rendered":"Assignment of family doctors: a &#8220;very accounting-oriented&#8221; approach"},"content":{"rendered":"\t\t<div data-elementor-type=\"wp-post\" data-elementor-id=\"2738260\" class=\"elementor elementor-2738260 elementor-2738239\" data-elementor-post-type=\"post\">\n\t\t\t\t<div data-particle_enable=\"false\" data-particle-mobile-disabled=\"false\" class=\"elementor-element elementor-element-394a585 e-flex e-con-boxed e-con e-parent\" data-id=\"394a585\" data-element_type=\"container\">\n\t\t\t\t\t<div class=\"e-con-inner\">\n\t\t\n\n\n\n\t\t<div class=\"elementor-element elementor-element-50b9dfd elementor-widget elementor-widget-accordion_oktane\" data-id=\"50b9dfd\" data-element_type=\"widget\" data-widget_type=\"accordion_oktane.default\">\n\t\t\t\t<div class=\"elementor-widget-container\">\n\t\t\t\t\t\n        <div class=\"Accordion\">\n            <div class=\"page-section page-section__wrapper\">\n                                    <div class=\"Accordion__item\">\n                        <div class=\"Accordion__content-wrapper\">\n                            <input type=\"checkbox\" id=\"faq-8461\" data-tab=\"1\" role=\"tabpanel\" aria-labelledby=\"accordion-title-8461\">\n                            <h4 class=\"Accordion__head-title\">\n                                <label for=\"faq-8461\">Table of Contents<\/label>\n                                <div class=\"Accordion__head-icon\">\n                                <\/div>\n                            <\/h4>\n                            <div class=\"Accordion__wysiwyg-content\">\n                                <div class=\"wp-content\">\n                                    <ul><li><a href=\"#manchette\">Headlines<\/a><\/li><li><a href=\"#Politique\">Healthcare Policy and Network Management<\/a><\/li><li><a href=\"#Etudes\">Studies, Discoveries and Medications<\/a><\/li><li><a href=\"#Autres\">Other Healthcare Professionals<\/a><\/li><li><a href=\"#Patients\">Patients and Personal Health<\/a><\/li><li><a href=\"#Sante\">Healthcare in Canada and Beyond<\/a><\/li><li><a href=\"#Ecouter\">Listen<\/a><\/li><li><a href=\"#Caricature\">Caricatures and Social Media<\/a><\/li><\/ul>                                                                    <\/div>\n                            <\/div>\n                        <\/div>\n                    <\/div>\n                            <\/div>\n        <\/div>\n    \t\t\t\t<\/div>\n\t\t\t\t<\/div>\n\t\t\t\t\t<\/div>\n\t\t\t\t<\/div>\n\t\t<div data-particle_enable=\"false\" data-particle-mobile-disabled=\"false\" class=\"elementor-element elementor-element-5fbe63c e-flex e-con-boxed e-con e-parent\" data-id=\"5fbe63c\" data-element_type=\"container\">\n\t\t\t\t\t<div class=\"e-con-inner\">\n\t\t\t\t<div class=\"elementor-element elementor-element-85c94fb elementor-widget elementor-widget-menu-anchor\" data-id=\"85c94fb\" data-element_type=\"widget\" data-widget_type=\"menu-anchor.default\">\n\t\t\t\t<div class=\"elementor-widget-container\">\n\t\t\t\t\t\t\t<div class=\"elementor-menu-anchor\" id=\"manchette\"><\/div>\n\t\t\t\t\t\t<\/div>\n\t\t\t\t<\/div>\n\t\t\t\t<div class=\"elementor-element elementor-element-c8494f5 elementor-widget elementor-widget-wysiwyg_oktane\" data-id=\"c8494f5\" data-element_type=\"widget\" data-widget_type=\"wysiwyg_oktane.default\">\n\t\t\t\t<div class=\"elementor-widget-container\">\n\t\t\t\t\t\t\t<div class=\"wysiwyg\"\n        >\n            <div class=\"page-section page-section__wrapper\">\n                <div class=\"wysiwyg__wrapper\">\n                    <div class=\"wysiwyg__content wp-content\">\n                        <h2>Headlines<\/h2>                    <\/div>\n                <\/div>\n            <\/div>\n\t\t<\/div>\n\t\t\t\t\t\t<\/div>\n\t\t\t\t<\/div>\n\t\t\t\t<div class=\"elementor-element elementor-element-192f176 elementor-widget elementor-widget-wysiwyg_oktane\" data-id=\"192f176\" data-element_type=\"widget\" data-widget_type=\"wysiwyg_oktane.default\">\n\t\t\t\t<div class=\"elementor-widget-container\">\n\t\t\t\t\t\t\t<div class=\"wysiwyg\"\n        >\n            <div class=\"page-section page-section__wrapper\">\n                <div class=\"wysiwyg__wrapper\">\n                    <div class=\"wysiwyg__content wp-content\">\n                        <p><a href=\"https:\/\/ici.radio-canada.ca\/nouvelle\/2111838\/reaction-attribution-medecins-famille-sante\" target=\"_blank\" rel=\"noopener\"><strong> Attribution des m\u00e9decins de famille : une \u2018approche tr\u00e8s comptable\u2019<\/strong><\/a><br \/>Radio-Canada<br \/>\u00a0<br \/><a href=\"https:\/\/ici.radio-canada.ca\/nouvelle\/2111644\/attribution-medecins-famille-reactions-partis-opposition\" target=\"_blank\" rel=\"noopener\"><strong>Attribution des m\u00e9decins de famille : l\u2019opposition d\u00e9nonce le mod\u00e8le \u00e9tudi\u00e9 par Qu\u00e9bec<\/strong><\/a><br \/>Radio-Canada<br \/>\u00a0<br \/><a href=\"https:\/\/www.tvanouvelles.ca\/2024\/12\/10\/acces-a-un-medecin-de-famille-la-fmoq-conteste-un-reglement-du-projet-de-loi-de-quebec\" target=\"_blank\" rel=\"noopener\"><strong>Acc\u00e8s \u00e0 un m\u00e9decin de famille: la FMOQ conteste un r\u00e8glement du projet de loi de Qu\u00e9bec<\/strong><\/a><br \/>TVA Nouvelles<br \/>\u00a0<br \/><a href=\"https:\/\/www.journaldemontreal.com\/2024\/12\/11\/rendez-vous-avec-un-medecin-specialiste--900-000-patients-attendent-pour-une-consultation\" target=\"_blank\" rel=\"noopener\"><strong>Rendez-vous avec un m\u00e9decin sp\u00e9cialiste au Qu\u00e9bec: 900 000 patients attendent pour une consultation<\/strong><\/a><br \/>Journal de Montr\u00e9al<br \/>\u00a0<br \/><a href=\"https:\/\/www.ledevoir.com\/societe\/sante\/825711\/greve-postes-canada-cause-maux-tete-reseau-sante\" target=\"_blank\" rel=\"noopener\"><strong>La gr\u00e8ve chez Postes Canada cause des maux de t\u00eate dans le r\u00e9seau de la sant\u00e9<\/strong><\/a><br \/>Le Devoir<br \/>\u00a0<br \/><a href=\"https:\/\/www.lapresse.ca\/actualites\/sante\/2024-12-10\/clic-sante\/quebec-prend-ses-distances-de-la-plateforme.php\" target=\"_blank\" rel=\"noopener\"><strong>Clic Sant\u00e9 : Qu\u00e9bec prend ses distances de la plateforme<\/strong><\/a><br \/>La Presse<br \/>\u00a0<br \/><a href=\"https:\/\/ici.radio-canada.ca\/nouvelle\/2125690\/soins-soutien-domicile-quebec-vieillissement-financement-sante\" target=\"_blank\" rel=\"noopener\"><strong>Soins \u00e0 domicile : \u2018Je ne sais pas comment on va r\u00e9ussir\u2019<\/strong><\/a><br \/>Radio-Canada<\/p>                    <\/div>\n                <\/div>\n            <\/div>\n\t\t<\/div>\n\t\t\t\t\t\t<\/div>\n\t\t\t\t<\/div>\n\t\t\t\t\t<\/div>\n\t\t\t\t<\/div>\n\t\t<div data-particle_enable=\"false\" data-particle-mobile-disabled=\"false\" class=\"elementor-element elementor-element-f2e0eb4 e-flex e-con-boxed e-con e-parent\" data-id=\"f2e0eb4\" data-element_type=\"container\">\n\t\t\t\t\t<div class=\"e-con-inner\">\n\t\t\t\t<div class=\"elementor-element elementor-element-80ff00d elementor-widget elementor-widget-menu-anchor\" data-id=\"80ff00d\" data-element_type=\"widget\" data-widget_type=\"menu-anchor.default\">\n\t\t\t\t<div class=\"elementor-widget-container\">\n\t\t\t\t\t\t\t<div class=\"elementor-menu-anchor\" id=\"Politique\"><\/div>\n\t\t\t\t\t\t<\/div>\n\t\t\t\t<\/div>\n\t\t\t\t<div class=\"elementor-element elementor-element-365a088 elementor-widget elementor-widget-wysiwyg_oktane\" data-id=\"365a088\" data-element_type=\"widget\" data-widget_type=\"wysiwyg_oktane.default\">\n\t\t\t\t<div class=\"elementor-widget-container\">\n\t\t\t\t\t\t\t<div class=\"wysiwyg\"\n        >\n            <div class=\"page-section page-section__wrapper\">\n                <div class=\"wysiwyg__wrapper\">\n                    <div class=\"wysiwyg__content wp-content\">\n                        <h2>Healthcare Policy and Network Management<\/h2>                    <\/div>\n                <\/div>\n            <\/div>\n\t\t<\/div>\n\t\t\t\t\t\t<\/div>\n\t\t\t\t<\/div>\n\t\t\t\t<div class=\"elementor-element elementor-element-4319768 elementor-widget elementor-widget-wysiwyg_oktane\" data-id=\"4319768\" data-element_type=\"widget\" data-widget_type=\"wysiwyg_oktane.default\">\n\t\t\t\t<div class=\"elementor-widget-container\">\n\t\t\t\t\t\t\t<div class=\"wysiwyg\"\n        >\n            <div class=\"page-section page-section__wrapper\">\n                <div class=\"wysiwyg__wrapper\">\n                    <div class=\"wysiwyg__content wp-content\">\n                        <p><a href=\"https:\/\/www.lapresse.ca\/actualites\/sante\/2024-12-11\/eliminer-1-5-milliard\/sante-quebec-doit-devoiler-son-plan-de-coupures-dit-le-pq.php\" target=\"_blank\" rel=\"noopener\"><strong> \u00c9liminer 1,5 milliard\u00a0: Sant\u00e9 Qu\u00e9bec doit d\u00e9voiler son \u2018plan de coupures\u2019, dit le PQ<\/strong><\/a><br \/>La Presse<\/p>                    <\/div>\n                <\/div>\n            <\/div>\n\t\t<\/div>\n\t\t\t\t\t\t<\/div>\n\t\t\t\t<\/div>\n\t\t\t\t\t<\/div>\n\t\t\t\t<\/div>\n\t\t<div data-particle_enable=\"false\" data-particle-mobile-disabled=\"false\" class=\"elementor-element elementor-element-2136413 e-flex e-con-boxed e-con e-parent\" data-id=\"2136413\" data-element_type=\"container\">\n\t\t\t\t\t<div class=\"e-con-inner\">\n\t\t\t\t<div class=\"elementor-element elementor-element-eede8d4 elementor-widget elementor-widget-menu-anchor\" data-id=\"eede8d4\" data-element_type=\"widget\" data-widget_type=\"menu-anchor.default\">\n\t\t\t\t<div class=\"elementor-widget-container\">\n\t\t\t\t\t\t\t<div class=\"elementor-menu-anchor\" id=\"Etudes\"><\/div>\n\t\t\t\t\t\t<\/div>\n\t\t\t\t<\/div>\n\t\t\t\t<div class=\"elementor-element elementor-element-cc3e37c elementor-widget elementor-widget-wysiwyg_oktane\" data-id=\"cc3e37c\" data-element_type=\"widget\" data-widget_type=\"wysiwyg_oktane.default\">\n\t\t\t\t<div class=\"elementor-widget-container\">\n\t\t\t\t\t\t\t<div class=\"wysiwyg\"\n        >\n            <div class=\"page-section page-section__wrapper\">\n                <div class=\"wysiwyg__wrapper\">\n                    <div class=\"wysiwyg__content wp-content\">\n                        <h2>Studies, Discoveries and Medications<\/h2>                    <\/div>\n                <\/div>\n            <\/div>\n\t\t<\/div>\n\t\t\t\t\t\t<\/div>\n\t\t\t\t<\/div>\n\t\t\t\t<div class=\"elementor-element elementor-element-26823cc elementor-widget elementor-widget-wysiwyg_oktane\" data-id=\"26823cc\" data-element_type=\"widget\" data-widget_type=\"wysiwyg_oktane.default\">\n\t\t\t\t<div class=\"elementor-widget-container\">\n\t\t\t\t\t\t\t<div class=\"wysiwyg\"\n        >\n            <div class=\"page-section page-section__wrapper\">\n                <div class=\"wysiwyg__wrapper\">\n                    <div class=\"wysiwyg__content wp-content\">\n                        <p><a href=\"https:\/\/www.lapresse.ca\/actualites\/sante\/2024-12-11\/medicaments-contre-le-rhume-et-les-allergies\/doit-on-eviter-d-en-consommer.php\" target=\"_blank\" rel=\"noopener\"><strong> M\u00e9dicaments contre le rhume et les allergies\u00a0: Doit-on \u00e9viter d\u2019en consommer ?<\/strong><\/a><br \/>La Presse<br \/>\u00a0<br \/><a href=\"https:\/\/www.journaldemontreal.com\/2024\/12\/10\/un-test-durine-permettra-de-detecter-le-cancer-du-poumon\" target=\"_blank\" rel=\"noopener\"><strong>Un test d'urine permettra de d\u00e9tecter le cancer du poumon<\/strong><\/a><br \/>Journal de Montr\u00e9al<\/p>                    <\/div>\n                <\/div>\n            <\/div>\n\t\t<\/div>\n\t\t\t\t\t\t<\/div>\n\t\t\t\t<\/div>\n\t\t\t\t\t<\/div>\n\t\t\t\t<\/div>\n\t\t<div data-particle_enable=\"false\" data-particle-mobile-disabled=\"false\" class=\"elementor-element elementor-element-d58b686 e-flex e-con-boxed e-con e-parent\" data-id=\"d58b686\" data-element_type=\"container\">\n\t\t\t\t\t<div class=\"e-con-inner\">\n\t\t\t\t<div class=\"elementor-element elementor-element-d2064af elementor-widget elementor-widget-menu-anchor\" data-id=\"d2064af\" data-element_type=\"widget\" data-widget_type=\"menu-anchor.default\">\n\t\t\t\t<div class=\"elementor-widget-container\">\n\t\t\t\t\t\t\t<div class=\"elementor-menu-anchor\" id=\"Autres\"><\/div>\n\t\t\t\t\t\t<\/div>\n\t\t\t\t<\/div>\n\t\t\t\t<div class=\"elementor-element elementor-element-6037e4e elementor-widget elementor-widget-wysiwyg_oktane\" data-id=\"6037e4e\" data-element_type=\"widget\" data-widget_type=\"wysiwyg_oktane.default\">\n\t\t\t\t<div class=\"elementor-widget-container\">\n\t\t\t\t\t\t\t<div class=\"wysiwyg\"\n        >\n            <div class=\"page-section page-section__wrapper\">\n                <div class=\"wysiwyg__wrapper\">\n                    <div class=\"wysiwyg__content wp-content\">\n                        <h2>Other Healthcare Professionals<\/h2>                    <\/div>\n                <\/div>\n            <\/div>\n\t\t<\/div>\n\t\t\t\t\t\t<\/div>\n\t\t\t\t<\/div>\n\t\t\t\t<div class=\"elementor-element elementor-element-06cbed9 elementor-widget elementor-widget-wysiwyg_oktane\" data-id=\"06cbed9\" data-element_type=\"widget\" data-widget_type=\"wysiwyg_oktane.default\">\n\t\t\t\t<div class=\"elementor-widget-container\">\n\t\t\t\t\t\t\t<div class=\"wysiwyg\"\n        >\n            <div class=\"page-section page-section__wrapper\">\n                <div class=\"wysiwyg__wrapper\">\n                    <div class=\"wysiwyg__content wp-content\">\n                        <p><a href=\"https:\/\/www.tvanouvelles.ca\/2024\/12\/11\/les-ambulanciers-en-greve-illimitee-dans-plusieurs-regions\" target=\"_blank\" rel=\"noopener\"><strong> Les ambulanciers en gr\u00e8ve illimit\u00e9e dans plusieurs r\u00e9gions<\/strong><\/a><br \/>TVA Nouvelles<\/p>                    <\/div>\n                <\/div>\n            <\/div>\n\t\t<\/div>\n\t\t\t\t\t\t<\/div>\n\t\t\t\t<\/div>\n\t\t\t\t\t<\/div>\n\t\t\t\t<\/div>\n\t\t<div data-particle_enable=\"false\" data-particle-mobile-disabled=\"false\" class=\"elementor-element elementor-element-8b2a2bc e-flex e-con-boxed e-con e-parent\" data-id=\"8b2a2bc\" data-element_type=\"container\">\n\t\t\t\t\t<div class=\"e-con-inner\">\n\t\t\t\t<div class=\"elementor-element elementor-element-24d7d12 elementor-widget elementor-widget-menu-anchor\" data-id=\"24d7d12\" data-element_type=\"widget\" data-widget_type=\"menu-anchor.default\">\n\t\t\t\t<div class=\"elementor-widget-container\">\n\t\t\t\t\t\t\t<div class=\"elementor-menu-anchor\" id=\"Patients\"><\/div>\n\t\t\t\t\t\t<\/div>\n\t\t\t\t<\/div>\n\t\t\t\t<div class=\"elementor-element elementor-element-1ac366d elementor-widget elementor-widget-wysiwyg_oktane\" data-id=\"1ac366d\" data-element_type=\"widget\" data-widget_type=\"wysiwyg_oktane.default\">\n\t\t\t\t<div class=\"elementor-widget-container\">\n\t\t\t\t\t\t\t<div class=\"wysiwyg\"\n        >\n            <div class=\"page-section page-section__wrapper\">\n                <div class=\"wysiwyg__wrapper\">\n                    <div class=\"wysiwyg__content wp-content\">\n                        <h2>Patients and Personal Health<\/h2>                    <\/div>\n                <\/div>\n            <\/div>\n\t\t<\/div>\n\t\t\t\t\t\t<\/div>\n\t\t\t\t<\/div>\n\t\t\t\t<div class=\"elementor-element elementor-element-5c79065 elementor-widget elementor-widget-wysiwyg_oktane\" data-id=\"5c79065\" data-element_type=\"widget\" data-widget_type=\"wysiwyg_oktane.default\">\n\t\t\t\t<div class=\"elementor-widget-container\">\n\t\t\t\t\t\t\t<div class=\"wysiwyg\"\n        >\n            <div class=\"page-section page-section__wrapper\">\n                <div class=\"wysiwyg__wrapper\">\n                    <div class=\"wysiwyg__content wp-content\">\n                        <p><a href=\"https:\/\/www.journaldemontreal.com\/2024\/12\/10\/les-caries-sont-contagieuses-voici-comment-eviter-la-propagation\" target=\"_blank\" rel=\"noopener\"><strong> Les caries sont contagieuses: voici comment \u00e9viter la propagation<\/strong><\/a><br \/>Journal de Montr\u00e9al<br \/>\u00a0<br \/><a href=\"https:\/\/nouvelles.umontreal.ca\/article\/2024\/12\/10\/la-formation-partenaires-de-l-udem-ou-comment-innover-en-sante\" target=\"_blank\" rel=\"noopener\"><strong>La formation PARTENAIRES de l'UdeM ou comment innover en sant\u00e9 <\/strong><\/a><br \/>UdeM Nouvelles<\/p>                    <\/div>\n                <\/div>\n            <\/div>\n\t\t<\/div>\n\t\t\t\t\t\t<\/div>\n\t\t\t\t<\/div>\n\t\t\t\t\t<\/div>\n\t\t\t\t<\/div>\n\t\t<div data-particle_enable=\"false\" data-particle-mobile-disabled=\"false\" class=\"elementor-element elementor-element-2392efd e-flex e-con-boxed e-con e-parent\" data-id=\"2392efd\" data-element_type=\"container\">\n\t\t\t\t\t<div class=\"e-con-inner\">\n\t\t\t\t<div class=\"elementor-element elementor-element-e007452 elementor-widget elementor-widget-menu-anchor\" data-id=\"e007452\" data-element_type=\"widget\" data-widget_type=\"menu-anchor.default\">\n\t\t\t\t<div class=\"elementor-widget-container\">\n\t\t\t\t\t\t\t<div class=\"elementor-menu-anchor\" id=\"Sante\"><\/div>\n\t\t\t\t\t\t<\/div>\n\t\t\t\t<\/div>\n\t\t\t\t<div class=\"elementor-element elementor-element-bb3a497 elementor-widget elementor-widget-wysiwyg_oktane\" data-id=\"bb3a497\" data-element_type=\"widget\" data-widget_type=\"wysiwyg_oktane.default\">\n\t\t\t\t<div class=\"elementor-widget-container\">\n\t\t\t\t\t\t\t<div class=\"wysiwyg\"\n        >\n            <div class=\"page-section page-section__wrapper\">\n                <div class=\"wysiwyg__wrapper\">\n                    <div class=\"wysiwyg__content wp-content\">\n                        <h2>Healthcare in Canada and Beyond<\/h2>                    <\/div>\n                <\/div>\n            <\/div>\n\t\t<\/div>\n\t\t\t\t\t\t<\/div>\n\t\t\t\t<\/div>\n\t\t\t\t<div class=\"elementor-element elementor-element-02a2085 elementor-widget elementor-widget-wysiwyg_oktane\" data-id=\"02a2085\" data-element_type=\"widget\" data-widget_type=\"wysiwyg_oktane.default\">\n\t\t\t\t<div class=\"elementor-widget-container\">\n\t\t\t\t\t\t\t<div class=\"wysiwyg\"\n        >\n            <div class=\"page-section page-section__wrapper\">\n                <div class=\"wysiwyg__wrapper\">\n                    <div class=\"wysiwyg__content wp-content\">\n                        <p><a href=\"https:\/\/www.cbc.ca\/news\/canada\/sudbury\/northern-doctors-crisis-rural-1.7406879\" target=\"_blank\" rel=\"noopener\"><strong> Northern Ontario doctors say there's a rural medicine crisis due to a physician shortage<\/strong><\/a><br \/>CBC News<br \/>\u00a0<br \/><a href=\"https:\/\/www.journaldemontreal.com\/2024\/12\/11\/un-rapport-partisan-sur-la-covid-19-aux-etats-unis-plusieurs-experts-quebecois-deplorent-le-document-qui-manque-de-nuances\" target=\"_blank\" rel=\"noopener\"><strong>Un rapport \u2018partisan\u2019 sur la COVID-19 aux \u00c9tats-Unis: plusieurs experts qu\u00e9b\u00e9cois d\u00e9plorent le manque de nuances<\/strong><\/a><br \/>Journal de Montr\u00e9al<br \/>\u00a0<br \/><a href=\"https:\/\/www.msn.com\/fr-ca\/actualites\/quebec-canada\/n-b-le-minist\u00e8re-de-la-sant\u00e9-ne-suit-pas-ses-d\u00e9lais-dit-le-v\u00e9rificateur-g\u00e9n\u00e9ral\/ar-AA1vCVB2\" target=\"_blank\" rel=\"noopener\"><strong>N.-B.: Le minist\u00e8re de la Sant\u00e9 ne suit pas ses d\u00e9lais, dit le v\u00e9rificateur g\u00e9n\u00e9ral<\/strong><\/a><br \/>Le Canada Fran\u00e7ais<\/p>                    <\/div>\n                <\/div>\n            <\/div>\n\t\t<\/div>\n\t\t\t\t\t\t<\/div>\n\t\t\t\t<\/div>\n\t\t\t\t\t<\/div>\n\t\t\t\t<\/div>\n\t\t<div data-particle_enable=\"false\" data-particle-mobile-disabled=\"false\" class=\"elementor-element elementor-element-b7ecbbb e-flex e-con-boxed e-con e-parent\" data-id=\"b7ecbbb\" data-element_type=\"container\">\n\t\t\t\t\t<div class=\"e-con-inner\">\n\t\t\t\t<div class=\"elementor-element elementor-element-ba9461a elementor-widget elementor-widget-menu-anchor\" data-id=\"ba9461a\" data-element_type=\"widget\" data-widget_type=\"menu-anchor.default\">\n\t\t\t\t<div class=\"elementor-widget-container\">\n\t\t\t\t\t\t\t<div class=\"elementor-menu-anchor\" id=\"Ecouter\"><\/div>\n\t\t\t\t\t\t<\/div>\n\t\t\t\t<\/div>\n\t\t\t\t<div class=\"elementor-element elementor-element-23f28c3 elementor-widget elementor-widget-wysiwyg_oktane\" data-id=\"23f28c3\" data-element_type=\"widget\" data-widget_type=\"wysiwyg_oktane.default\">\n\t\t\t\t<div class=\"elementor-widget-container\">\n\t\t\t\t\t\t\t<div class=\"wysiwyg\"\n        >\n            <div class=\"page-section page-section__wrapper\">\n                <div class=\"wysiwyg__wrapper\">\n                    <div class=\"wysiwyg__content wp-content\">\n                        <h2>Listen<\/h2>                    <\/div>\n                <\/div>\n            <\/div>\n\t\t<\/div>\n\t\t\t\t\t\t<\/div>\n\t\t\t\t<\/div>\n\t\t\t\t<div class=\"elementor-element elementor-element-3409898 elementor-widget elementor-widget-wysiwyg_oktane\" data-id=\"3409898\" data-element_type=\"widget\" data-widget_type=\"wysiwyg_oktane.default\">\n\t\t\t\t<div class=\"elementor-widget-container\">\n\t\t\t\t\t\t\t<div class=\"wysiwyg\"\n        >\n            <div class=\"page-section page-section__wrapper\">\n                <div class=\"wysiwyg__wrapper\">\n                    <div class=\"wysiwyg__content wp-content\">\n                        <p><a href=\"https:\/\/www.985fm.ca\/audio\/665674\/70-des-rendez-vous-de-clic-sante-au-prive-des-chiffres-qui-sont-inquietants\" target=\"_blank\" rel=\"noopener\"><strong> 70% des rendez-vous de Clic Sant\u00e9 au priv\u00e9: \u2018Des chiffres qui sont inqui\u00e9tants\u2019<\/strong><\/a><br \/>Entrevue avec Dr Xavier Gaudreau, vice-pr\u00e9sident du mouvement des M\u00e9decins qu\u00e9b\u00e9cois pour le r\u00e9gime public<br \/>Extrait de l\u2019\u00e9mission de radio \u2018La commission\u2019 au 98,5 fm<br \/>\u00a0<br \/><a href=\"https:\/\/ici.radio-canada.ca\/ohdio\/premiere\/emissions\/le-15-18\/segments\/rattrapage\/1937910\/clic-sante-et-prive-entrevue-avec-stephane-lajoie\" target=\"_blank\" rel=\"noopener\"><strong>Clic Sant\u00e9 et le priv\u00e9<\/strong><\/a><br \/>Entrevue avec St\u00e9phane Lajoie, pr\u00e9sident et porte-parole de Trimoz Technologies, l'entreprise conceptrice de Clic Sant\u00e9<br \/>Extrait de l\u2019\u00e9mission de radio \u2018Le 15-18\u2019 sur Radio-Canada Premi\u00e8re<br \/>\u00a0<br \/><a href=\"https:\/\/www.985fm.ca\/audio\/665755\/je-suis-completement-en-desaccord-stephane-lajoie\" target=\"_blank\" rel=\"noopener\"><strong>Clic Sant\u00e9 favorise le priv\u00e9? \u2018Je suis compl\u00e8tement en d\u00e9saccord\u2019<\/strong><\/a><br \/>Entrevue avec St\u00e9phane Lajoie, pr\u00e9sident et porte-parole de Trimoz Technologies, l'entreprise conceptrice de Clic Sant\u00e9<br \/>Extrait de l\u2019\u00e9mission de radio \u2018Le Qu\u00e9bec maintenant\u2019 au 98,5 fm<br \/>\u00a0<br \/><a href=\"https:\/\/ici.radio-canada.ca\/ohdio\/premiere\/emissions\/le-15-18\/segments\/rattrapage\/1937917\/josee-boileau-rendez-vous-en-ligne-manque-transparence-pour-citoyen\" target=\"_blank\" rel=\"noopener\"><strong>Rendez-vous en ligne, manque de transparence pour le citoyen ?<\/strong><\/a><br \/>Entrevue avec Jos\u00e9e Boileau, chroniqueuse<br \/>Extrait de l\u2019\u00e9mission de radio \u2018Le 15-18\u2019 sur Radio-Canada Premi\u00e8re<br \/>\u00a0<br \/><a href=\"https:\/\/www.qub.ca\/radio\/balado\/sophie-durocher?audio=1099459102\" target=\"_blank\" rel=\"noopener\"><strong>Une chirurgienne orthop\u00e9dique songe \u00e0 quitter le Qu\u00e9bec! <\/strong><\/a><br \/>Entrevue avec Dre Marie Gdalevitch, chirurgienne orthop\u00e9dique \u00e0 l\u2019H\u00f4pital de Verdun<br \/>Extrait de l\u2019\u00e9mission de radio \u2018Sophie Durocher\u2019 sur Qub Radio<br \/>\u00a0<br \/><a href=\"https:\/\/ici.radio-canada.ca\/ohdio\/premiere\/emissions\/penelope\/segments\/rattrapage\/1938809\/discussion-un-cours-201-mauvaise-nouvelle\" target=\"_blank\" rel=\"noopener\"><strong>Annoncer de mauvaises nouvelles en sant\u00e9, mode d\u2019emploi<\/strong><\/a><br \/>Entrevue avec Dr Isra\u00ebl Fortin, radio-oncologue et Marie-France Langlet, m\u00e8re d\u2019un ancien patient<br \/>Extrait de l\u2019\u00e9mission de radio \u2018P\u00e9n\u00e9lope\u2019 sur Radio-Canada Premi\u00e8re<br \/>\u00a0<br \/><a href=\"https:\/\/ici.radio-canada.ca\/ohdio\/premiere\/emissions\/penelope\/segments\/rattrapage\/1937737\/dre-annik-dupras-audition-et-vieillissement\" target=\"_blank\" rel=\"noopener\"><strong>Mieux comprendre la perte d\u2019audition chez les personnes \u00e2g\u00e9es<\/strong><\/a><br \/>Entrevue avec Dre Annik Dupras, g\u00e9riatre \u00e0 l\u2019h\u00f4pital Pierre-Le Gardeur<br \/>Extrait de l\u2019\u00e9mission de radio \u2018P\u00e9n\u00e9lope\u2019 sur Radio-Canada Premi\u00e8re<br \/>\u00a0<br \/><a href=\"https:\/\/ici.radio-canada.ca\/ohdio\/premiere\/emissions\/penelope\/segments\/rattrapage\/1937739\/dre-chantal-vallee-asthme-comprendre-pour-mieux-gerer\" target=\"_blank\" rel=\"noopener\"><strong>L\u2019asthme, comprendre pour mieux g\u00e9rer<\/strong><\/a><br \/>Entrevue avec Dre Chantal Vall\u00e9e, interniste et cheffe du d\u00e9partement de m\u00e9decine sp\u00e9cialis\u00e9e de l\u2019h\u00f4pital Charles-Lemoyne<br \/>Extrait de l\u2019\u00e9mission de radio \u2018P\u00e9n\u00e9lope\u2019 sur Radio-Canada Premi\u00e8re<br \/>\u00a0<br \/><a href=\"https:\/\/ici.radio-canada.ca\/ohdio\/premiere\/emissions\/penelope\/segments\/rattrapage\/1937738\/denis-fortier-quelles-sont-consequences-scoliose\" target=\"_blank\" rel=\"noopener\"><strong>Quelles sont les cons\u00e9quences de la scoliose?<\/strong><\/a><br \/>Entrevue avec Denis Fortier, physioth\u00e9rapeute<br \/>Extrait de l\u2019\u00e9mission de radio \u2018P\u00e9n\u00e9lope\u2019 sur Radio-Canada Premi\u00e8re<br \/>\u00a0<br \/><a href=\"https:\/\/www.985fm.ca\/audio\/665873\/congestion-nasale-une-prescription-est-maintenant-necessaire-en-france\" target=\"_blank\" rel=\"noopener\"><strong>Pour obtenir certains m\u00e9dicaments courants - Congestion nasale: une prescription est maintenant n\u00e9cessaire en France<\/strong><\/a><br \/>Entrevue avec Benoit Morin, pr\u00e9sident de l\u2019Association qu\u00e9b\u00e9coise des pharmaciens propri\u00e9taires du Qu\u00e9bec<br \/>Extrait de l\u2019\u00e9mission de radio \u2018Lagac\u00e9 le matin\u2019 au 98,5 fm<br \/>\u00a0<br \/><a href=\"https:\/\/ici.radio-canada.ca\/ohdio\/premiere\/emissions\/ca-nous-regarde\/segments\/rattrapage\/1938309\/consequences-resserrement-budgetaire-sur-soins-a-domicile-p-a-bolduc\" target=\"_blank\" rel=\"noopener\"><strong>Les cons\u00e9quences du resserrement budg\u00e9taire sur les soins \u00e0 domicile<\/strong><\/a><br \/>Entrevue avec Pierre-Alexandre Bolduc, journaliste<br \/>Extrait de l\u2019\u00e9mission de radio \u2018\u00c7a nous regarde\u2019 sur Radio-Canada Premi\u00e8re<br \/>\u00a0<br \/><a href=\"https:\/\/ici.radio-canada.ca\/ohdio\/premiere\/emissions\/le-15-18\/segments\/rattrapage\/1936824\/augmentation-detresse-chez-jeunes-dre-cecile-rousseau-psychiatre\" target=\"_blank\" rel=\"noopener\"><strong>Augmentation de la d\u00e9tresse chez les jeunes<\/strong><\/a><br \/>Entrevue avec Dre C\u00e9cile Rousseau, psychiatre<br \/>Extrait de l\u2019\u00e9mission de radio \u2018Le 15-18\u2019 sur Radio-Canada Premi\u00e8re<br \/>\u00a0<br \/><a href=\"https:\/\/www.985fm.ca\/audio\/665715\/regime-canadien-de-soins-dentaires-de-nombreux-patients-dans-l-incertitude\" target=\"_blank\" rel=\"noopener\"><strong>Un programme qui manque de clart\u00e9? R\u00e9gime canadien de soins dentaires: de nombreux patients dans l'incertitude<\/strong><\/a><br \/>Entrevue avec Dre Marie-Claude Desjardins, pr\u00e9sidente de l'Association des chirurgiens-dentistes du Qu\u00e9bec<br \/>Extrait de l\u2019\u00e9mission de radio \u2018La commission\u2019 au 98,5 fm<\/p>                    <\/div>\n                <\/div>\n            <\/div>\n\t\t<\/div>\n\t\t\t\t\t\t<\/div>\n\t\t\t\t<\/div>\n\t\t\t\t\t<\/div>\n\t\t\t\t<\/div>\n\t\t<div data-particle_enable=\"false\" data-particle-mobile-disabled=\"false\" class=\"elementor-element elementor-element-5a40346 e-flex e-con-boxed e-con e-parent\" data-id=\"5a40346\" data-element_type=\"container\">\n\t\t\t\t\t<div class=\"e-con-inner\">\n\t\t\t\t<div class=\"elementor-element elementor-element-8dd831d elementor-widget elementor-widget-menu-anchor\" data-id=\"8dd831d\" data-element_type=\"widget\" data-widget_type=\"menu-anchor.default\">\n\t\t\t\t<div class=\"elementor-widget-container\">\n\t\t\t\t\t\t\t<div class=\"elementor-menu-anchor\" id=\"Caricature\"><\/div>\n\t\t\t\t\t\t<\/div>\n\t\t\t\t<\/div>\n\t\t\t\t<div class=\"elementor-element elementor-element-7c812cb elementor-widget elementor-widget-wysiwyg_oktane\" data-id=\"7c812cb\" data-element_type=\"widget\" data-widget_type=\"wysiwyg_oktane.default\">\n\t\t\t\t<div class=\"elementor-widget-container\">\n\t\t\t\t\t\t\t<div class=\"wysiwyg\"\n        >\n            <div class=\"page-section page-section__wrapper\">\n                <div class=\"wysiwyg__wrapper\">\n                    <div class=\"wysiwyg__content wp-content\">\n                        <h2>Caricatures and Social Media<\/h2>                    <\/div>\n                <\/div>\n            <\/div>\n\t\t<\/div>\n\t\t\t\t\t\t<\/div>\n\t\t\t\t<\/div>\n\t\t\t\t<div class=\"elementor-element elementor-element-41ddf76 gallery-spacing-custom elementor-widget elementor-widget-image-gallery\" data-id=\"41ddf76\" data-element_type=\"widget\" data-widget_type=\"image-gallery.default\">\n\t\t\t\t<div class=\"elementor-widget-container\">\n\t\t\t\t\t\t\t<div class=\"elementor-image-gallery\">\n\t\t\t<div id='gallery-1' class='gallery galleryid-2738260 gallery-columns-1 gallery-size-large'><figure class='gallery-item'>\n\t\t\t<div class='gallery-icon landscape'>\n\t\t\t\t<a data-elementor-open-lightbox=\"yes\" data-elementor-lightbox-slideshow=\"41ddf76\" data-elementor-lightbox-title=\"tweet-dube-1-min\" data-e-action-hash=\"#elementor-action%3Aaction%3Dlightbox%26settings%3DeyJpZCI6MjczODI0MiwidXJsIjoiaHR0cHM6XC9cL3d3dy5hbW9tLm5ldFwvd3AtY29udGVudFwvdXBsb2Fkc1wvMjAyNFwvMTJcL3R3ZWV0LWR1YmUtMS1taW4tMi5wbmciLCJzbGlkZXNob3ciOiI0MWRkZjc2In0%3D\" href='https:\/\/www.amom.net\/wp-content\/uploads\/2024\/12\/tweet-dube-1-min-2.png'><img fetchpriority=\"high\" width=\"1024\" height=\"361\" src=\"https:\/\/www.amom.net\/wp-content\/uploads\/2024\/12\/tweet-dube-1-min-2-1024x361.png\" class=\"attachment-large size-large\" alt=\"\" decoding=\"async\" srcset=\"https:\/\/www.amom.net\/wp-content\/uploads\/2024\/12\/tweet-dube-1-min-2-1024x361.png 1024w, https:\/\/www.amom.net\/wp-content\/uploads\/2024\/12\/tweet-dube-1-min-2-300x106.png 300w, https:\/\/www.amom.net\/wp-content\/uploads\/2024\/12\/tweet-dube-1-min-2-768x271.png 768w, https:\/\/www.amom.net\/wp-content\/uploads\/2024\/12\/tweet-dube-1-min-2-600x212.png 600w, https:\/\/www.amom.net\/wp-content\/uploads\/2024\/12\/tweet-dube-1-min-2.png 1174w\" sizes=\"(max-width: 1024px) 100vw, 1024px\" \/><\/a>\n\t\t\t<\/div><\/figure><figure class='gallery-item'>\n\t\t\t<div class='gallery-icon portrait'>\n\t\t\t\t<a data-elementor-open-lightbox=\"yes\" data-elementor-lightbox-slideshow=\"41ddf76\" data-elementor-lightbox-title=\"tweet-dube-2-min\" data-e-action-hash=\"#elementor-action%3Aaction%3Dlightbox%26settings%3DeyJpZCI6MjczODI0NCwidXJsIjoiaHR0cHM6XC9cL3d3dy5hbW9tLm5ldFwvd3AtY29udGVudFwvdXBsb2Fkc1wvMjAyNFwvMTJcL3R3ZWV0LWR1YmUtMi1taW4tMS5wbmciLCJzbGlkZXNob3ciOiI0MWRkZjc2In0%3D\" href='https:\/\/www.amom.net\/wp-content\/uploads\/2024\/12\/tweet-dube-2-min-1.png'><img width=\"820\" height=\"1024\" src=\"https:\/\/www.amom.net\/wp-content\/uploads\/2024\/12\/tweet-dube-2-min-1-820x1024.png\" class=\"attachment-large size-large\" alt=\"\" decoding=\"async\" srcset=\"https:\/\/www.amom.net\/wp-content\/uploads\/2024\/12\/tweet-dube-2-min-1-820x1024.png 820w, https:\/\/www.amom.net\/wp-content\/uploads\/2024\/12\/tweet-dube-2-min-1-240x300.png 240w, https:\/\/www.amom.net\/wp-content\/uploads\/2024\/12\/tweet-dube-2-min-1-768x959.png 768w, https:\/\/www.amom.net\/wp-content\/uploads\/2024\/12\/tweet-dube-2-min-1-600x749.png 600w, https:\/\/www.amom.net\/wp-content\/uploads\/2024\/12\/tweet-dube-2-min-1.png 1180w\" sizes=\"(max-width: 820px) 100vw, 820px\" \/><\/a>\n\t\t\t<\/div><\/figure><figure class='gallery-item'>\n\t\t\t<div class='gallery-icon landscape'>\n\t\t\t\t<a data-elementor-open-lightbox=\"yes\" data-elementor-lightbox-slideshow=\"41ddf76\" data-elementor-lightbox-title=\"tweet-dube-3-min\" data-e-action-hash=\"#elementor-action%3Aaction%3Dlightbox%26settings%3DeyJpZCI6MjczODI0NiwidXJsIjoiaHR0cHM6XC9cL3d3dy5hbW9tLm5ldFwvd3AtY29udGVudFwvdXBsb2Fkc1wvMjAyNFwvMTJcL3R3ZWV0LWR1YmUtMy1taW4ucG5nIiwic2xpZGVzaG93IjoiNDFkZGY3NiJ9\" href='https:\/\/www.amom.net\/wp-content\/uploads\/2024\/12\/tweet-dube-3-min.png'><img width=\"1024\" height=\"807\" src=\"https:\/\/www.amom.net\/wp-content\/uploads\/2024\/12\/tweet-dube-3-min-1024x807.png\" class=\"attachment-large size-large\" alt=\"\" decoding=\"async\" srcset=\"https:\/\/www.amom.net\/wp-content\/uploads\/2024\/12\/tweet-dube-3-min-1024x807.png 1024w, https:\/\/www.amom.net\/wp-content\/uploads\/2024\/12\/tweet-dube-3-min-300x236.png 300w, https:\/\/www.amom.net\/wp-content\/uploads\/2024\/12\/tweet-dube-3-min-768x605.png 768w, https:\/\/www.amom.net\/wp-content\/uploads\/2024\/12\/tweet-dube-3-min-600x473.png 600w, https:\/\/www.amom.net\/wp-content\/uploads\/2024\/12\/tweet-dube-3-min.png 1180w\" sizes=\"(max-width: 1024px) 100vw, 1024px\" \/><\/a>\n\t\t\t<\/div><\/figure><figure class='gallery-item'>\n\t\t\t<div class='gallery-icon portrait'>\n\t\t\t\t<a data-elementor-open-lightbox=\"yes\" data-elementor-lightbox-slideshow=\"41ddf76\" data-elementor-lightbox-title=\"tweet-dube-4-min\" data-e-action-hash=\"#elementor-action%3Aaction%3Dlightbox%26settings%3DeyJpZCI6MjczODI0OCwidXJsIjoiaHR0cHM6XC9cL3d3dy5hbW9tLm5ldFwvd3AtY29udGVudFwvdXBsb2Fkc1wvMjAyNFwvMTJcL3R3ZWV0LWR1YmUtNC1taW4ucG5nIiwic2xpZGVzaG93IjoiNDFkZGY3NiJ9\" href='https:\/\/www.amom.net\/wp-content\/uploads\/2024\/12\/tweet-dube-4-min.png'><img loading=\"lazy\" width=\"816\" height=\"1024\" src=\"https:\/\/www.amom.net\/wp-content\/uploads\/2024\/12\/tweet-dube-4-min-816x1024.png\" class=\"attachment-large size-large\" alt=\"\" decoding=\"async\" srcset=\"https:\/\/www.amom.net\/wp-content\/uploads\/2024\/12\/tweet-dube-4-min-816x1024.png 816w, https:\/\/www.amom.net\/wp-content\/uploads\/2024\/12\/tweet-dube-4-min-239x300.png 239w, https:\/\/www.amom.net\/wp-content\/uploads\/2024\/12\/tweet-dube-4-min-768x964.png 768w, https:\/\/www.amom.net\/wp-content\/uploads\/2024\/12\/tweet-dube-4-min-600x753.png 600w, https:\/\/www.amom.net\/wp-content\/uploads\/2024\/12\/tweet-dube-4-min.png 1178w\" sizes=\"(max-width: 816px) 100vw, 816px\" \/><\/a>\n\t\t\t<\/div><\/figure><figure class='gallery-item'>\n\t\t\t<div class='gallery-icon landscape'>\n\t\t\t\t<a data-elementor-open-lightbox=\"yes\" data-elementor-lightbox-slideshow=\"41ddf76\" data-elementor-lightbox-title=\"tweet-dube-5-min\" data-e-action-hash=\"#elementor-action%3Aaction%3Dlightbox%26settings%3DeyJpZCI6MjczODI1MCwidXJsIjoiaHR0cHM6XC9cL3d3dy5hbW9tLm5ldFwvd3AtY29udGVudFwvdXBsb2Fkc1wvMjAyNFwvMTJcL3R3ZWV0LWR1YmUtNS1taW4ucG5nIiwic2xpZGVzaG93IjoiNDFkZGY3NiJ9\" href='https:\/\/www.amom.net\/wp-content\/uploads\/2024\/12\/tweet-dube-5-min.png'><img loading=\"lazy\" width=\"1024\" height=\"1005\" src=\"https:\/\/www.amom.net\/wp-content\/uploads\/2024\/12\/tweet-dube-5-min-1024x1005.png\" class=\"attachment-large size-large\" alt=\"\" decoding=\"async\" srcset=\"https:\/\/www.amom.net\/wp-content\/uploads\/2024\/12\/tweet-dube-5-min-1024x1005.png 1024w, https:\/\/www.amom.net\/wp-content\/uploads\/2024\/12\/tweet-dube-5-min-300x294.png 300w, https:\/\/www.amom.net\/wp-content\/uploads\/2024\/12\/tweet-dube-5-min-768x754.png 768w, https:\/\/www.amom.net\/wp-content\/uploads\/2024\/12\/tweet-dube-5-min-600x589.png 600w, https:\/\/www.amom.net\/wp-content\/uploads\/2024\/12\/tweet-dube-5-min.png 1182w\" sizes=\"(max-width: 1024px) 100vw, 1024px\" \/><\/a>\n\t\t\t<\/div><\/figure><figure class='gallery-item'>\n\t\t\t<div class='gallery-icon landscape'>\n\t\t\t\t<a data-elementor-open-lightbox=\"yes\" data-elementor-lightbox-slideshow=\"41ddf76\" data-elementor-lightbox-title=\"facebook-dre-brunet-1-min\" data-e-action-hash=\"#elementor-action%3Aaction%3Dlightbox%26settings%3DeyJpZCI6MjczODI1MiwidXJsIjoiaHR0cHM6XC9cL3d3dy5hbW9tLm5ldFwvd3AtY29udGVudFwvdXBsb2Fkc1wvMjAyNFwvMTJcL2ZhY2Vib29rLWRyZS1icnVuZXQtMS1taW4ucG5nIiwic2xpZGVzaG93IjoiNDFkZGY3NiJ9\" href='https:\/\/www.amom.net\/wp-content\/uploads\/2024\/12\/facebook-dre-brunet-1-min.png'><img loading=\"lazy\" width=\"1024\" height=\"1011\" src=\"https:\/\/www.amom.net\/wp-content\/uploads\/2024\/12\/facebook-dre-brunet-1-min-1024x1011.png\" class=\"attachment-large size-large\" alt=\"\" decoding=\"async\" srcset=\"https:\/\/www.amom.net\/wp-content\/uploads\/2024\/12\/facebook-dre-brunet-1-min-1024x1011.png 1024w, https:\/\/www.amom.net\/wp-content\/uploads\/2024\/12\/facebook-dre-brunet-1-min-300x296.png 300w, https:\/\/www.amom.net\/wp-content\/uploads\/2024\/12\/facebook-dre-brunet-1-min-768x758.png 768w, https:\/\/www.amom.net\/wp-content\/uploads\/2024\/12\/facebook-dre-brunet-1-min-600x592.png 600w, https:\/\/www.amom.net\/wp-content\/uploads\/2024\/12\/facebook-dre-brunet-1-min-100x100.png 100w, https:\/\/www.amom.net\/wp-content\/uploads\/2024\/12\/facebook-dre-brunet-1-min.png 1382w\" sizes=\"(max-width: 1024px) 100vw, 1024px\" \/><\/a>\n\t\t\t<\/div><\/figure><figure class='gallery-item'>\n\t\t\t<div class='gallery-icon landscape'>\n\t\t\t\t<a data-elementor-open-lightbox=\"yes\" data-elementor-lightbox-slideshow=\"41ddf76\" data-elementor-lightbox-title=\"facebook-dre-brunet-2-min\" data-e-action-hash=\"#elementor-action%3Aaction%3Dlightbox%26settings%3DeyJpZCI6MjczODI1NCwidXJsIjoiaHR0cHM6XC9cL3d3dy5hbW9tLm5ldFwvd3AtY29udGVudFwvdXBsb2Fkc1wvMjAyNFwvMTJcL2ZhY2Vib29rLWRyZS1icnVuZXQtMi1taW4ucG5nIiwic2xpZGVzaG93IjoiNDFkZGY3NiJ9\" href='https:\/\/www.amom.net\/wp-content\/uploads\/2024\/12\/facebook-dre-brunet-2-min.png'><img loading=\"lazy\" width=\"1024\" height=\"726\" src=\"https:\/\/www.amom.net\/wp-content\/uploads\/2024\/12\/facebook-dre-brunet-2-min-1024x726.png\" class=\"attachment-large size-large\" alt=\"\" decoding=\"async\" srcset=\"https:\/\/www.amom.net\/wp-content\/uploads\/2024\/12\/facebook-dre-brunet-2-min-1024x726.png 1024w, https:\/\/www.amom.net\/wp-content\/uploads\/2024\/12\/facebook-dre-brunet-2-min-300x213.png 300w, https:\/\/www.amom.net\/wp-content\/uploads\/2024\/12\/facebook-dre-brunet-2-min-768x545.png 768w, https:\/\/www.amom.net\/wp-content\/uploads\/2024\/12\/facebook-dre-brunet-2-min-600x426.png 600w, https:\/\/www.amom.net\/wp-content\/uploads\/2024\/12\/facebook-dre-brunet-2-min.png 1376w\" sizes=\"(max-width: 1024px) 100vw, 1024px\" \/><\/a>\n\t\t\t<\/div><\/figure><figure class='gallery-item'>\n\t\t\t<div class='gallery-icon landscape'>\n\t\t\t\t<a data-elementor-open-lightbox=\"yes\" data-elementor-lightbox-slideshow=\"41ddf76\" data-elementor-lightbox-title=\"facebook-dre-brunet-3-min\" data-e-action-hash=\"#elementor-action%3Aaction%3Dlightbox%26settings%3DeyJpZCI6MjczODI1NiwidXJsIjoiaHR0cHM6XC9cL3d3dy5hbW9tLm5ldFwvd3AtY29udGVudFwvdXBsb2Fkc1wvMjAyNFwvMTJcL2ZhY2Vib29rLWRyZS1icnVuZXQtMy1taW4ucG5nIiwic2xpZGVzaG93IjoiNDFkZGY3NiJ9\" href='https:\/\/www.amom.net\/wp-content\/uploads\/2024\/12\/facebook-dre-brunet-3-min.png'><img loading=\"lazy\" width=\"1024\" height=\"434\" src=\"https:\/\/www.amom.net\/wp-content\/uploads\/2024\/12\/facebook-dre-brunet-3-min-1024x434.png\" class=\"attachment-large size-large\" alt=\"\" decoding=\"async\" srcset=\"https:\/\/www.amom.net\/wp-content\/uploads\/2024\/12\/facebook-dre-brunet-3-min-1024x434.png 1024w, https:\/\/www.amom.net\/wp-content\/uploads\/2024\/12\/facebook-dre-brunet-3-min-300x127.png 300w, https:\/\/www.amom.net\/wp-content\/uploads\/2024\/12\/facebook-dre-brunet-3-min-768x326.png 768w, https:\/\/www.amom.net\/wp-content\/uploads\/2024\/12\/facebook-dre-brunet-3-min-600x255.png 600w, https:\/\/www.amom.net\/wp-content\/uploads\/2024\/12\/facebook-dre-brunet-3-min.png 1386w\" sizes=\"(max-width: 1024px) 100vw, 1024px\" \/><\/a>\n\t\t\t<\/div><\/figure>\n\t\t<\/div>\n\t\t<\/div>\n\t\t\t\t\t\t<\/div>\n\t\t\t\t<\/div>\n\t\t\t\t\t<\/div>\n\t\t\t\t<\/div>\n\t\t\t\t<\/div>\n\t\t","protected":false},"excerpt":{"rendered":"<p>Table of Contents Headlines Healthcare Policy and Network Management Studies, Discoveries and Medications Other Healthcare Professionals Patients and Personal Health Healthcare in Canada and Beyond Listen Caricatures and Social Media Headlines Attribution des m\u00e9decins de famille : une \u2018approche tr\u00e8s comptable\u2019 Radio-Canada Attribution des m\u00e9decins de famille : l\u2019opposition d\u00e9nonce le mod\u00e8le \u00e9tudi\u00e9 par Qu\u00e9bec [&hellip;]<\/p>\n","protected":false},"author":252,"featured_media":0,"comment_status":"open","ping_status":"open","sticky":false,"template":"","format":"standard","meta":{"_acf_changed":false,"footnotes":""},"categories":[103],"tags":[],"class_list":["post-2738260","post","type-post","status-publish","format-standard","hentry","category-press-reviews"],"acf":[],"yoast_head":"<!-- This site is optimized with the Yoast SEO plugin v26.8 - https:\/\/yoast.com\/product\/yoast-seo-wordpress\/ -->\n<title>Assignment of family doctors: a &quot;very accounting-oriented&quot; approach - Association des m\u00e9decins omnipraticiens de Montr\u00e9al<\/title>\n<meta name=\"robots\" content=\"index, follow, max-snippet:-1, max-image-preview:large, max-video-preview:-1\" \/>\n<link rel=\"canonical\" href=\"https:\/\/www.amom.net\/en\/assignment-of-family-doctors-a-very-accounting-oriented-approach\/\" \/>\n<meta property=\"og:locale\" content=\"en_US\" \/>\n<meta property=\"og:type\" content=\"article\" \/>\n<meta property=\"og:title\" content=\"Assignment of family doctors: a &quot;very accounting-oriented&quot; approach - Association des m\u00e9decins omnipraticiens de Montr\u00e9al\" \/>\n<meta property=\"og:description\" content=\"Table of Contents Headlines Healthcare Policy and Network Management Studies, Discoveries and Medications Other Healthcare Professionals Patients and Personal Health Healthcare in Canada and Beyond Listen Caricatures and Social Media Headlines Attribution des m\u00e9decins de famille : une \u2018approche tr\u00e8s comptable\u2019 Radio-Canada Attribution des m\u00e9decins de famille : l\u2019opposition d\u00e9nonce le mod\u00e8le \u00e9tudi\u00e9 par Qu\u00e9bec [&hellip;]\" \/>\n<meta property=\"og:url\" content=\"https:\/\/www.amom.net\/en\/assignment-of-family-doctors-a-very-accounting-oriented-approach\/\" \/>\n<meta property=\"og:site_name\" content=\"Association des m\u00e9decins omnipraticiens de Montr\u00e9al\" \/>\n<meta property=\"article:publisher\" content=\"https:\/\/www.facebook.com\/profile.php?id=100064821276218\" \/>\n<meta property=\"article:published_time\" content=\"2024-12-11T16:14:45+00:00\" \/>\n<meta property=\"article:modified_time\" content=\"2024-12-11T17:10:41+00:00\" \/>\n<meta property=\"og:image\" content=\"https:\/\/www.amom.net\/wp-content\/uploads\/2024\/12\/tweet-dube-1-min-2-1024x361.png\" \/>\n<meta name=\"author\" content=\"Catherine Vachon, responsable des communications\" \/>\n<meta name=\"twitter:card\" content=\"summary_large_image\" \/>\n<meta name=\"twitter:label1\" content=\"Written by\" \/>\n\t<meta name=\"twitter:data1\" content=\"Catherine Vachon, responsable des communications\" \/>\n\t<meta name=\"twitter:label2\" content=\"Est. reading time\" \/>\n\t<meta name=\"twitter:data2\" content=\"6 minutes\" \/>\n<script type=\"application\/ld+json\" class=\"yoast-schema-graph\">{\"@context\":\"https:\/\/schema.org\",\"@graph\":[{\"@type\":\"Article\",\"@id\":\"https:\/\/www.amom.net\/en\/assignment-of-family-doctors-a-very-accounting-oriented-approach\/#article\",\"isPartOf\":{\"@id\":\"https:\/\/www.amom.net\/en\/assignment-of-family-doctors-a-very-accounting-oriented-approach\/\"},\"author\":{\"name\":\"Catherine Vachon, responsable des communications\",\"@id\":\"https:\/\/www.amom.net\/#\/schema\/person\/bdf6b293e92f24f62c11388c92549978\"},\"headline\":\"Assignment of family doctors: a &#8220;very accounting-oriented&#8221; approach\",\"datePublished\":\"2024-12-11T16:14:45+00:00\",\"dateModified\":\"2024-12-11T17:10:41+00:00\",\"mainEntityOfPage\":{\"@id\":\"https:\/\/www.amom.net\/en\/assignment-of-family-doctors-a-very-accounting-oriented-approach\/\"},\"wordCount\":803,\"commentCount\":0,\"publisher\":{\"@id\":\"https:\/\/www.amom.net\/#organization\"},\"image\":{\"@id\":\"https:\/\/www.amom.net\/en\/assignment-of-family-doctors-a-very-accounting-oriented-approach\/#primaryimage\"},\"thumbnailUrl\":\"https:\/\/www.amom.net\/wp-content\/uploads\/2024\/12\/tweet-dube-1-min-2-1024x361.png\",\"articleSection\":[\"Press\u00a0Reviews\"],\"inLanguage\":\"en-US\",\"potentialAction\":[{\"@type\":\"CommentAction\",\"name\":\"Comment\",\"target\":[\"https:\/\/www.amom.net\/en\/assignment-of-family-doctors-a-very-accounting-oriented-approach\/#respond\"]}]},{\"@type\":\"WebPage\",\"@id\":\"https:\/\/www.amom.net\/en\/assignment-of-family-doctors-a-very-accounting-oriented-approach\/\",\"url\":\"https:\/\/www.amom.net\/en\/assignment-of-family-doctors-a-very-accounting-oriented-approach\/\",\"name\":\"Assignment of family doctors: a \\\"very accounting-oriented\\\" approach - Association des m\u00e9decins omnipraticiens de Montr\u00e9al\",\"isPartOf\":{\"@id\":\"https:\/\/www.amom.net\/#website\"},\"primaryImageOfPage\":{\"@id\":\"https:\/\/www.amom.net\/en\/assignment-of-family-doctors-a-very-accounting-oriented-approach\/#primaryimage\"},\"image\":{\"@id\":\"https:\/\/www.amom.net\/en\/assignment-of-family-doctors-a-very-accounting-oriented-approach\/#primaryimage\"},\"thumbnailUrl\":\"https:\/\/www.amom.net\/wp-content\/uploads\/2024\/12\/tweet-dube-1-min-2-1024x361.png\",\"datePublished\":\"2024-12-11T16:14:45+00:00\",\"dateModified\":\"2024-12-11T17:10:41+00:00\",\"breadcrumb\":{\"@id\":\"https:\/\/www.amom.net\/en\/assignment-of-family-doctors-a-very-accounting-oriented-approach\/#breadcrumb\"},\"inLanguage\":\"en-US\",\"potentialAction\":[{\"@type\":\"ReadAction\",\"target\":[\"https:\/\/www.amom.net\/en\/assignment-of-family-doctors-a-very-accounting-oriented-approach\/\"]}]},{\"@type\":\"ImageObject\",\"inLanguage\":\"en-US\",\"@id\":\"https:\/\/www.amom.net\/en\/assignment-of-family-doctors-a-very-accounting-oriented-approach\/#primaryimage\",\"url\":\"https:\/\/www.amom.net\/wp-content\/uploads\/2024\/12\/tweet-dube-1-min-2-1024x361.png\",\"contentUrl\":\"https:\/\/www.amom.net\/wp-content\/uploads\/2024\/12\/tweet-dube-1-min-2-1024x361.png\"},{\"@type\":\"BreadcrumbList\",\"@id\":\"https:\/\/www.amom.net\/en\/assignment-of-family-doctors-a-very-accounting-oriented-approach\/#breadcrumb\",\"itemListElement\":[{\"@type\":\"ListItem\",\"position\":1,\"name\":\"Accueil\",\"item\":\"https:\/\/www.amom.net\/\"},{\"@type\":\"ListItem\",\"position\":2,\"name\":\"Assignment of family doctors: a &#8220;very accounting-oriented&#8221; approach\"}]},{\"@type\":\"WebSite\",\"@id\":\"https:\/\/www.amom.net\/#website\",\"url\":\"https:\/\/www.amom.net\/\",\"name\":\"Association des m\u00e9decins omnipraticiens de Montr\u00e9al\",\"description\":\"\",\"publisher\":{\"@id\":\"https:\/\/www.amom.net\/#organization\"},\"potentialAction\":[{\"@type\":\"SearchAction\",\"target\":{\"@type\":\"EntryPoint\",\"urlTemplate\":\"https:\/\/www.amom.net\/?s={search_term_string}\"},\"query-input\":{\"@type\":\"PropertyValueSpecification\",\"valueRequired\":true,\"valueName\":\"search_term_string\"}}],\"inLanguage\":\"en-US\"},{\"@type\":\"Organization\",\"@id\":\"https:\/\/www.amom.net\/#organization\",\"name\":\"Association des m\u00e9decins omnipraticiens de Montr\u00e9al\",\"url\":\"https:\/\/www.amom.net\/\",\"logo\":{\"@type\":\"ImageObject\",\"inLanguage\":\"en-US\",\"@id\":\"https:\/\/www.amom.net\/#\/schema\/logo\/image\/\",\"url\":\"https:\/\/www.amom.net\/wp-content\/uploads\/2023\/09\/logo-amom-1.svg\",\"contentUrl\":\"https:\/\/www.amom.net\/wp-content\/uploads\/2023\/09\/logo-amom-1.svg\",\"width\":281,\"height\":129,\"caption\":\"Association des m\u00e9decins omnipraticiens de Montr\u00e9al\"},\"image\":{\"@id\":\"https:\/\/www.amom.net\/#\/schema\/logo\/image\/\"},\"sameAs\":[\"https:\/\/www.facebook.com\/profile.php?id=100064821276218\"]},{\"@type\":\"Person\",\"@id\":\"https:\/\/www.amom.net\/#\/schema\/person\/bdf6b293e92f24f62c11388c92549978\",\"name\":\"Catherine Vachon, responsable des communications\",\"image\":{\"@type\":\"ImageObject\",\"inLanguage\":\"en-US\",\"@id\":\"https:\/\/www.amom.net\/#\/schema\/person\/image\/\",\"url\":\"https:\/\/secure.gravatar.com\/avatar\/875f8cc9ba46e8298385f0b18b815b56a1ef0cdde318a62dd90e2b5b83f44a30?s=96&d=mm&r=g\",\"contentUrl\":\"https:\/\/secure.gravatar.com\/avatar\/875f8cc9ba46e8298385f0b18b815b56a1ef0cdde318a62dd90e2b5b83f44a30?s=96&d=mm&r=g\",\"caption\":\"Catherine Vachon, responsable des communications\"},\"url\":\"https:\/\/www.amom.net\/en\/author\/cvachon\/\"}]}<\/script>\n<!-- \/ Yoast SEO plugin. -->","yoast_head_json":{"title":"Assignment of family doctors: a \"very accounting-oriented\" approach - Association des m\u00e9decins omnipraticiens de Montr\u00e9al","robots":{"index":"index","follow":"follow","max-snippet":"max-snippet:-1","max-image-preview":"max-image-preview:large","max-video-preview":"max-video-preview:-1"},"canonical":"https:\/\/www.amom.net\/en\/assignment-of-family-doctors-a-very-accounting-oriented-approach\/","og_locale":"en_US","og_type":"article","og_title":"Assignment of family doctors: a \"very accounting-oriented\" approach - Association des m\u00e9decins omnipraticiens de Montr\u00e9al","og_description":"Table of Contents Headlines Healthcare Policy and Network Management Studies, Discoveries and Medications Other Healthcare Professionals Patients and Personal Health Healthcare in Canada and Beyond Listen Caricatures and Social Media Headlines Attribution des m\u00e9decins de famille : une \u2018approche tr\u00e8s comptable\u2019 Radio-Canada Attribution des m\u00e9decins de famille : l\u2019opposition d\u00e9nonce le mod\u00e8le \u00e9tudi\u00e9 par Qu\u00e9bec [&hellip;]","og_url":"https:\/\/www.amom.net\/en\/assignment-of-family-doctors-a-very-accounting-oriented-approach\/","og_site_name":"Association des m\u00e9decins omnipraticiens de Montr\u00e9al","article_publisher":"https:\/\/www.facebook.com\/profile.php?id=100064821276218","article_published_time":"2024-12-11T16:14:45+00:00","article_modified_time":"2024-12-11T17:10:41+00:00","og_image":[{"url":"https:\/\/www.amom.net\/wp-content\/uploads\/2024\/12\/tweet-dube-1-min-2-1024x361.png","type":"","width":"","height":""}],"author":"Catherine Vachon, responsable des communications","twitter_card":"summary_large_image","twitter_misc":{"Written by":"Catherine Vachon, responsable des communications","Est. reading time":"6 minutes"},"schema":{"@context":"https:\/\/schema.org","@graph":[{"@type":"Article","@id":"https:\/\/www.amom.net\/en\/assignment-of-family-doctors-a-very-accounting-oriented-approach\/#article","isPartOf":{"@id":"https:\/\/www.amom.net\/en\/assignment-of-family-doctors-a-very-accounting-oriented-approach\/"},"author":{"name":"Catherine Vachon, responsable des communications","@id":"https:\/\/www.amom.net\/#\/schema\/person\/bdf6b293e92f24f62c11388c92549978"},"headline":"Assignment of family doctors: a &#8220;very accounting-oriented&#8221; approach","datePublished":"2024-12-11T16:14:45+00:00","dateModified":"2024-12-11T17:10:41+00:00","mainEntityOfPage":{"@id":"https:\/\/www.amom.net\/en\/assignment-of-family-doctors-a-very-accounting-oriented-approach\/"},"wordCount":803,"commentCount":0,"publisher":{"@id":"https:\/\/www.amom.net\/#organization"},"image":{"@id":"https:\/\/www.amom.net\/en\/assignment-of-family-doctors-a-very-accounting-oriented-approach\/#primaryimage"},"thumbnailUrl":"https:\/\/www.amom.net\/wp-content\/uploads\/2024\/12\/tweet-dube-1-min-2-1024x361.png","articleSection":["Press\u00a0Reviews"],"inLanguage":"en-US","potentialAction":[{"@type":"CommentAction","name":"Comment","target":["https:\/\/www.amom.net\/en\/assignment-of-family-doctors-a-very-accounting-oriented-approach\/#respond"]}]},{"@type":"WebPage","@id":"https:\/\/www.amom.net\/en\/assignment-of-family-doctors-a-very-accounting-oriented-approach\/","url":"https:\/\/www.amom.net\/en\/assignment-of-family-doctors-a-very-accounting-oriented-approach\/","name":"Assignment of family doctors: a \"very accounting-oriented\" approach - Association des m\u00e9decins omnipraticiens de Montr\u00e9al","isPartOf":{"@id":"https:\/\/www.amom.net\/#website"},"primaryImageOfPage":{"@id":"https:\/\/www.amom.net\/en\/assignment-of-family-doctors-a-very-accounting-oriented-approach\/#primaryimage"},"image":{"@id":"https:\/\/www.amom.net\/en\/assignment-of-family-doctors-a-very-accounting-oriented-approach\/#primaryimage"},"thumbnailUrl":"https:\/\/www.amom.net\/wp-content\/uploads\/2024\/12\/tweet-dube-1-min-2-1024x361.png","datePublished":"2024-12-11T16:14:45+00:00","dateModified":"2024-12-11T17:10:41+00:00","breadcrumb":{"@id":"https:\/\/www.amom.net\/en\/assignment-of-family-doctors-a-very-accounting-oriented-approach\/#breadcrumb"},"inLanguage":"en-US","potentialAction":[{"@type":"ReadAction","target":["https:\/\/www.amom.net\/en\/assignment-of-family-doctors-a-very-accounting-oriented-approach\/"]}]},{"@type":"ImageObject","inLanguage":"en-US","@id":"https:\/\/www.amom.net\/en\/assignment-of-family-doctors-a-very-accounting-oriented-approach\/#primaryimage","url":"https:\/\/www.amom.net\/wp-content\/uploads\/2024\/12\/tweet-dube-1-min-2-1024x361.png","contentUrl":"https:\/\/www.amom.net\/wp-content\/uploads\/2024\/12\/tweet-dube-1-min-2-1024x361.png"},{"@type":"BreadcrumbList","@id":"https:\/\/www.amom.net\/en\/assignment-of-family-doctors-a-very-accounting-oriented-approach\/#breadcrumb","itemListElement":[{"@type":"ListItem","position":1,"name":"Accueil","item":"https:\/\/www.amom.net\/"},{"@type":"ListItem","position":2,"name":"Assignment of family doctors: a &#8220;very accounting-oriented&#8221; approach"}]},{"@type":"WebSite","@id":"https:\/\/www.amom.net\/#website","url":"https:\/\/www.amom.net\/","name":"Association des m\u00e9decins omnipraticiens de Montr\u00e9al","description":"","publisher":{"@id":"https:\/\/www.amom.net\/#organization"},"potentialAction":[{"@type":"SearchAction","target":{"@type":"EntryPoint","urlTemplate":"https:\/\/www.amom.net\/?s={search_term_string}"},"query-input":{"@type":"PropertyValueSpecification","valueRequired":true,"valueName":"search_term_string"}}],"inLanguage":"en-US"},{"@type":"Organization","@id":"https:\/\/www.amom.net\/#organization","name":"Association des m\u00e9decins omnipraticiens de Montr\u00e9al","url":"https:\/\/www.amom.net\/","logo":{"@type":"ImageObject","inLanguage":"en-US","@id":"https:\/\/www.amom.net\/#\/schema\/logo\/image\/","url":"https:\/\/www.amom.net\/wp-content\/uploads\/2023\/09\/logo-amom-1.svg","contentUrl":"https:\/\/www.amom.net\/wp-content\/uploads\/2023\/09\/logo-amom-1.svg","width":281,"height":129,"caption":"Association des m\u00e9decins omnipraticiens de Montr\u00e9al"},"image":{"@id":"https:\/\/www.amom.net\/#\/schema\/logo\/image\/"},"sameAs":["https:\/\/www.facebook.com\/profile.php?id=100064821276218"]},{"@type":"Person","@id":"https:\/\/www.amom.net\/#\/schema\/person\/bdf6b293e92f24f62c11388c92549978","name":"Catherine Vachon, responsable des communications","image":{"@type":"ImageObject","inLanguage":"en-US","@id":"https:\/\/www.amom.net\/#\/schema\/person\/image\/","url":"https:\/\/secure.gravatar.com\/avatar\/875f8cc9ba46e8298385f0b18b815b56a1ef0cdde318a62dd90e2b5b83f44a30?s=96&d=mm&r=g","contentUrl":"https:\/\/secure.gravatar.com\/avatar\/875f8cc9ba46e8298385f0b18b815b56a1ef0cdde318a62dd90e2b5b83f44a30?s=96&d=mm&r=g","caption":"Catherine Vachon, responsable des communications"},"url":"https:\/\/www.amom.net\/en\/author\/cvachon\/"}]}},"_links":{"self":[{"href":"https:\/\/www.amom.net\/en\/wp-json\/wp\/v2\/posts\/2738260","targetHints":{"allow":["GET"]}}],"collection":[{"href":"https:\/\/www.amom.net\/en\/wp-json\/wp\/v2\/posts"}],"about":[{"href":"https:\/\/www.amom.net\/en\/wp-json\/wp\/v2\/types\/post"}],"author":[{"embeddable":true,"href":"https:\/\/www.amom.net\/en\/wp-json\/wp\/v2\/users\/252"}],"replies":[{"embeddable":true,"href":"https:\/\/www.amom.net\/en\/wp-json\/wp\/v2\/comments?post=2738260"}],"version-history":[{"count":5,"href":"https:\/\/www.amom.net\/en\/wp-json\/wp\/v2\/posts\/2738260\/revisions"}],"predecessor-version":[{"id":2738265,"href":"https:\/\/www.amom.net\/en\/wp-json\/wp\/v2\/posts\/2738260\/revisions\/2738265"}],"wp:attachment":[{"href":"https:\/\/www.amom.net\/en\/wp-json\/wp\/v2\/media?parent=2738260"}],"wp:term":[{"taxonomy":"category","embeddable":true,"href":"https:\/\/www.amom.net\/en\/wp-json\/wp\/v2\/categories?post=2738260"},{"taxonomy":"post_tag","embeddable":true,"href":"https:\/\/www.amom.net\/en\/wp-json\/wp\/v2\/tags?post=2738260"}],"curies":[{"name":"wp","href":"https:\/\/api.w.org\/{rel}","templated":true}]}}