{"id":2738317,"date":"2024-12-13T14:01:20","date_gmt":"2024-12-13T19:01:20","guid":{"rendered":"https:\/\/www.amom.net\/?p=2738317"},"modified":"2024-12-13T14:13:13","modified_gmt":"2024-12-13T19:13:13","slug":"elna-network-of-private-clinics-protects-itself-from-creditors","status":"publish","type":"post","link":"https:\/\/www.amom.net\/en\/elna-network-of-private-clinics-protects-itself-from-creditors\/","title":{"rendered":"ELNA network of private clinics protects itself from creditors"},"content":{"rendered":"\t\t<div data-elementor-type=\"wp-post\" data-elementor-id=\"2738317\" class=\"elementor elementor-2738317 elementor-2738310\" data-elementor-post-type=\"post\">\n\t\t\t\t<div data-particle_enable=\"false\" data-particle-mobile-disabled=\"false\" class=\"elementor-element elementor-element-394a585 e-flex e-con-boxed e-con e-parent\" data-id=\"394a585\" data-element_type=\"container\">\n\t\t\t\t\t<div class=\"e-con-inner\">\n\t\t\n\n\n\n\t\t<div class=\"elementor-element elementor-element-50b9dfd elementor-widget elementor-widget-accordion_oktane\" data-id=\"50b9dfd\" data-element_type=\"widget\" data-widget_type=\"accordion_oktane.default\">\n\t\t\t\t<div class=\"elementor-widget-container\">\n\t\t\t\t\t\n        <div class=\"Accordion\">\n            <div class=\"page-section page-section__wrapper\">\n                                    <div class=\"Accordion__item\">\n                        <div class=\"Accordion__content-wrapper\">\n                            <input type=\"checkbox\" id=\"faq-8461\" data-tab=\"1\" role=\"tabpanel\" aria-labelledby=\"accordion-title-8461\">\n                            <h4 class=\"Accordion__head-title\">\n                                <label for=\"faq-8461\">Table of Contents<\/label>\n                                <div class=\"Accordion__head-icon\">\n                                <\/div>\n                            <\/h4>\n                            <div class=\"Accordion__wysiwyg-content\">\n                                <div class=\"wp-content\">\n                                    <ul><li><a href=\"#manchette\">Headlines<\/a><\/li><li><a href=\"#Politique\">Healthcare Policy and Network Management<\/a><\/li><li><a href=\"#Etudes\">Studies, Discoveries and Medications<\/a><\/li><li><a href=\"#Autres\">Other Healthcare Professionals<\/a><\/li><li><a href=\"#Patients\">Patients and Personal Health<\/a><\/li><li><a href=\"#ailleurs\">Elsewhere in Qu\u00e9bec <\/a><\/li><li><a href=\"#Sante\">Healthcare in Canada and Beyond<\/a><\/li><li><a href=\"#Visionner\">Watch<\/a><\/li><li><a href=\"#Ecouter\">Listen<\/a><\/li><li><a href=\"#Caricature\">Caricatures and Social Media<\/a><\/li><\/ul>                                                                    <\/div>\n                            <\/div>\n                        <\/div>\n                    <\/div>\n                            <\/div>\n        <\/div>\n    \t\t\t\t<\/div>\n\t\t\t\t<\/div>\n\t\t\t\t\t<\/div>\n\t\t\t\t<\/div>\n\t\t<div data-particle_enable=\"false\" data-particle-mobile-disabled=\"false\" class=\"elementor-element elementor-element-5fbe63c e-flex e-con-boxed e-con e-parent\" data-id=\"5fbe63c\" data-element_type=\"container\">\n\t\t\t\t\t<div class=\"e-con-inner\">\n\t\t\t\t<div class=\"elementor-element elementor-element-85c94fb elementor-widget elementor-widget-menu-anchor\" data-id=\"85c94fb\" data-element_type=\"widget\" data-widget_type=\"menu-anchor.default\">\n\t\t\t\t<div class=\"elementor-widget-container\">\n\t\t\t\t\t\t\t<div class=\"elementor-menu-anchor\" id=\"manchette\"><\/div>\n\t\t\t\t\t\t<\/div>\n\t\t\t\t<\/div>\n\t\t\t\t<div class=\"elementor-element elementor-element-c8494f5 elementor-widget elementor-widget-wysiwyg_oktane\" data-id=\"c8494f5\" data-element_type=\"widget\" data-widget_type=\"wysiwyg_oktane.default\">\n\t\t\t\t<div class=\"elementor-widget-container\">\n\t\t\t\t\t\t\t<div class=\"wysiwyg\"\n        >\n            <div class=\"page-section page-section__wrapper\">\n                <div class=\"wysiwyg__wrapper\">\n                    <div class=\"wysiwyg__content wp-content\">\n                        <h2>Headlines<\/h2>                    <\/div>\n                <\/div>\n            <\/div>\n\t\t<\/div>\n\t\t\t\t\t\t<\/div>\n\t\t\t\t<\/div>\n\t\t\t\t<div class=\"elementor-element elementor-element-192f176 elementor-widget elementor-widget-wysiwyg_oktane\" data-id=\"192f176\" data-element_type=\"widget\" data-widget_type=\"wysiwyg_oktane.default\">\n\t\t\t\t<div class=\"elementor-widget-container\">\n\t\t\t\t\t\t\t<div class=\"wysiwyg\"\n        >\n            <div class=\"page-section page-section__wrapper\">\n                <div class=\"wysiwyg__wrapper\">\n                    <div class=\"wysiwyg__content wp-content\">\n                        <p><a href=\"https:\/\/ici.radio-canada.ca\/nouvelle\/2126371\/elna-clinique-privee-quebec-difficultes-financieres\" target=\"_blank\" rel=\"noopener\"><strong> Le r\u00e9seau de cliniques priv\u00e9es ELNA se met \u00e0 l\u2019abri de ses cr\u00e9anciers <\/strong><\/a><br \/>Radio-Canada<br \/>\u00a0<br \/><a href=\"https:\/\/www.montrealgazette.com\/news\/article577495.html\" target=\"_blank\" rel=\"noopener\"><strong>Montreal\u2019s ELNA Medical Group enters creditor protection<\/strong><\/a><br \/>The Gazette<br \/>\u00a0<br \/><a href=\"https:\/\/www.montrealgazette.com\/opinion\/columnists\/article561900.html\" target=\"_blank\" rel=\"noopener\"><strong>Quebec\u2019s home-care cuts are hurting the most vulnerable<\/strong><\/a><br \/>The Gazette<br \/>\u00a0<br \/><a href=\"https:\/\/www.journaldemontreal.com\/2024\/12\/13\/la-chirurgie-dallongement-des-membres-desormais-interdite-je-nai-pas-envie-daller-en-prison---dre-marie-gdalevitch\" target=\"_blank\" rel=\"noopener\"><strong>La chirurgie d\u2019allongement des membres d\u00e9sormais interdite: \u2018Je n\u2019ai pas envie d\u2019aller en prison!\u2019 \u2013 Dre Marie Gdalevitch<\/strong><\/a><br \/>Journal de Montr\u00e9al<br \/>\u00a0<br \/><a href=\"https:\/\/urbania.ca\/article\/emmenez-vous-vos-enfants-a-lurgence-pour-rien\" target=\"_blank\" rel=\"noopener\"><strong>Emmenez-vous vos enfants \u00e0 l\u2019urgence pour rien ? <\/strong><\/a><br \/>Urbania<br \/>\u00a0<br \/><a href=\"https:\/\/www.cbc.ca\/news\/canada\/montreal\/quebec-caregivers-decry-reduction-in-home-care-services-1.7409973\" target=\"_blank\" rel=\"noopener\"><strong>Quebec caregivers decry reduction in home-care services<\/strong><\/a><br \/>CTV News<\/p>                    <\/div>\n                <\/div>\n            <\/div>\n\t\t<\/div>\n\t\t\t\t\t\t<\/div>\n\t\t\t\t<\/div>\n\t\t\t\t\t<\/div>\n\t\t\t\t<\/div>\n\t\t<div data-particle_enable=\"false\" data-particle-mobile-disabled=\"false\" class=\"elementor-element elementor-element-f2e0eb4 e-flex e-con-boxed e-con e-parent\" data-id=\"f2e0eb4\" data-element_type=\"container\">\n\t\t\t\t\t<div class=\"e-con-inner\">\n\t\t\t\t<div class=\"elementor-element elementor-element-80ff00d elementor-widget elementor-widget-menu-anchor\" data-id=\"80ff00d\" data-element_type=\"widget\" data-widget_type=\"menu-anchor.default\">\n\t\t\t\t<div class=\"elementor-widget-container\">\n\t\t\t\t\t\t\t<div class=\"elementor-menu-anchor\" id=\"Politique\"><\/div>\n\t\t\t\t\t\t<\/div>\n\t\t\t\t<\/div>\n\t\t\t\t<div class=\"elementor-element elementor-element-365a088 elementor-widget elementor-widget-wysiwyg_oktane\" data-id=\"365a088\" data-element_type=\"widget\" data-widget_type=\"wysiwyg_oktane.default\">\n\t\t\t\t<div class=\"elementor-widget-container\">\n\t\t\t\t\t\t\t<div class=\"wysiwyg\"\n        >\n            <div class=\"page-section page-section__wrapper\">\n                <div class=\"wysiwyg__wrapper\">\n                    <div class=\"wysiwyg__content wp-content\">\n                        <h2>Healthcare Policy and Network Management<\/h2>                    <\/div>\n                <\/div>\n            <\/div>\n\t\t<\/div>\n\t\t\t\t\t\t<\/div>\n\t\t\t\t<\/div>\n\t\t\t\t<div class=\"elementor-element elementor-element-4319768 elementor-widget elementor-widget-wysiwyg_oktane\" data-id=\"4319768\" data-element_type=\"widget\" data-widget_type=\"wysiwyg_oktane.default\">\n\t\t\t\t<div class=\"elementor-widget-container\">\n\t\t\t\t\t\t\t<div class=\"wysiwyg\"\n        >\n            <div class=\"page-section page-section__wrapper\">\n                <div class=\"wysiwyg__wrapper\">\n                    <div class=\"wysiwyg__content wp-content\">\n                        <p><a href=\"https:\/\/www.lapresse.ca\/dialogue\/opinions\/2024-12-12\/systeme-de-sante\/plus-de-solidarite-pour-soigner-notre-humanite.php\" target=\"_blank\" rel=\"noopener\"><strong> Plus de solidarit\u00e9 pour soigner notre humanit\u00e9 <\/strong><\/a><br \/>La Presse<br \/>\u00a0<br \/><a href=\"https:\/\/ici.radio-canada.ca\/nouvelle\/2126632\/compression-sante-deficit-sante-quebec\" target=\"_blank\" rel=\"noopener\"><strong>Une cible de r\u00e9duction des heures travaill\u00e9es irr\u00e9alisable partout, reconna\u00eet Sant\u00e9 Qu\u00e9bec <\/strong><\/a><br \/>Radio-Canada<\/p>                    <\/div>\n                <\/div>\n            <\/div>\n\t\t<\/div>\n\t\t\t\t\t\t<\/div>\n\t\t\t\t<\/div>\n\t\t\t\t\t<\/div>\n\t\t\t\t<\/div>\n\t\t<div data-particle_enable=\"false\" data-particle-mobile-disabled=\"false\" class=\"elementor-element elementor-element-2136413 e-flex e-con-boxed e-con e-parent\" data-id=\"2136413\" data-element_type=\"container\">\n\t\t\t\t\t<div class=\"e-con-inner\">\n\t\t\t\t<div class=\"elementor-element elementor-element-eede8d4 elementor-widget elementor-widget-menu-anchor\" data-id=\"eede8d4\" data-element_type=\"widget\" data-widget_type=\"menu-anchor.default\">\n\t\t\t\t<div class=\"elementor-widget-container\">\n\t\t\t\t\t\t\t<div class=\"elementor-menu-anchor\" id=\"Etudes\"><\/div>\n\t\t\t\t\t\t<\/div>\n\t\t\t\t<\/div>\n\t\t\t\t<div class=\"elementor-element elementor-element-cc3e37c elementor-widget elementor-widget-wysiwyg_oktane\" data-id=\"cc3e37c\" data-element_type=\"widget\" data-widget_type=\"wysiwyg_oktane.default\">\n\t\t\t\t<div class=\"elementor-widget-container\">\n\t\t\t\t\t\t\t<div class=\"wysiwyg\"\n        >\n            <div class=\"page-section page-section__wrapper\">\n                <div class=\"wysiwyg__wrapper\">\n                    <div class=\"wysiwyg__content wp-content\">\n                        <h2>Studies, Discoveries and Medications<\/h2>                    <\/div>\n                <\/div>\n            <\/div>\n\t\t<\/div>\n\t\t\t\t\t\t<\/div>\n\t\t\t\t<\/div>\n\t\t\t\t<div class=\"elementor-element elementor-element-26823cc elementor-widget elementor-widget-wysiwyg_oktane\" data-id=\"26823cc\" data-element_type=\"widget\" data-widget_type=\"wysiwyg_oktane.default\">\n\t\t\t\t<div class=\"elementor-widget-container\">\n\t\t\t\t\t\t\t<div class=\"wysiwyg\"\n        >\n            <div class=\"page-section page-section__wrapper\">\n                <div class=\"wysiwyg__wrapper\">\n                    <div class=\"wysiwyg__content wp-content\">\n                        <p><a href=\"https:\/\/www.lapresse.ca\/actualites\/sante\/2024-12-12\/remboursement-des-prescriptions\/quebec-souhaite-davantage-de-medicaments-generiques.php\" target=\"_blank\" rel=\"noopener\"><strong> Qu\u00e9bec souhaite davantage de m\u00e9dicaments g\u00e9n\u00e9riques<\/strong><\/a><br \/>La Presse<br \/>\u00a0<br \/><a href=\"https:\/\/www.lenouvelliste.ca\/partenaires\/ulaval-nouvelles\/2024\/12\/12\/quel-masque-faut-il-porter-pour-bien-se-proteger-contre-les-virus-respiratoires-HH7WP2H2IZGSJKXVCTXAR3BIMU\" target=\"_blank\" rel=\"noopener\"><strong>Quel masque faut-il porter pour bien se prot\u00e9ger contre les virus respiratoires?<\/strong><\/a><br \/>Le Nouvelliste<\/p>                    <\/div>\n                <\/div>\n            <\/div>\n\t\t<\/div>\n\t\t\t\t\t\t<\/div>\n\t\t\t\t<\/div>\n\t\t\t\t\t<\/div>\n\t\t\t\t<\/div>\n\t\t<div data-particle_enable=\"false\" data-particle-mobile-disabled=\"false\" class=\"elementor-element elementor-element-d58b686 e-flex e-con-boxed e-con e-parent\" data-id=\"d58b686\" data-element_type=\"container\">\n\t\t\t\t\t<div class=\"e-con-inner\">\n\t\t\t\t<div class=\"elementor-element elementor-element-d2064af elementor-widget elementor-widget-menu-anchor\" data-id=\"d2064af\" data-element_type=\"widget\" data-widget_type=\"menu-anchor.default\">\n\t\t\t\t<div class=\"elementor-widget-container\">\n\t\t\t\t\t\t\t<div class=\"elementor-menu-anchor\" id=\"Autres\"><\/div>\n\t\t\t\t\t\t<\/div>\n\t\t\t\t<\/div>\n\t\t\t\t<div class=\"elementor-element elementor-element-6037e4e elementor-widget elementor-widget-wysiwyg_oktane\" data-id=\"6037e4e\" data-element_type=\"widget\" data-widget_type=\"wysiwyg_oktane.default\">\n\t\t\t\t<div class=\"elementor-widget-container\">\n\t\t\t\t\t\t\t<div class=\"wysiwyg\"\n        >\n            <div class=\"page-section page-section__wrapper\">\n                <div class=\"wysiwyg__wrapper\">\n                    <div class=\"wysiwyg__content wp-content\">\n                        <h2>Other Healthcare Professionals<\/h2>                    <\/div>\n                <\/div>\n            <\/div>\n\t\t<\/div>\n\t\t\t\t\t\t<\/div>\n\t\t\t\t<\/div>\n\t\t\t\t<div class=\"elementor-element elementor-element-06cbed9 elementor-widget elementor-widget-wysiwyg_oktane\" data-id=\"06cbed9\" data-element_type=\"widget\" data-widget_type=\"wysiwyg_oktane.default\">\n\t\t\t\t<div class=\"elementor-widget-container\">\n\t\t\t\t\t\t\t<div class=\"wysiwyg\"\n        >\n            <div class=\"page-section page-section__wrapper\">\n                <div class=\"wysiwyg__wrapper\">\n                    <div class=\"wysiwyg__content wp-content\">\n                        <p><a href=\"https:\/\/www.lapresse.ca\/actualites\/sante\/2024-12-13\/equite-salariale\/demande-d-injonction-des-pediatres-contre-leur-syndicat.php\" target=\"_blank\" rel=\"noopener\"><strong> Demande d\u2019injonction des p\u00e9diatres contre leur syndicat<\/strong><\/a><br \/>La Presse<br \/>\u00a0<br \/><a href=\"https:\/\/www.lesoleil.com\/actualites\/actualites-locales\/la-capitale\/2024\/12\/12\/greve-des-paramedics-une-vie-humaine-ca-na-pas-de-prix-ZUKBLDLISZCANKUZ6K4TPVJXGM\/\" target=\"_blank\" rel=\"noopener\"><strong>Gr\u00e8ve des param\u00e9dics: \u2018Une vie humaine, \u00e7a n\u2019a pas de prix\u2019<\/strong><\/a><br \/>Le Soleil<\/p>                    <\/div>\n                <\/div>\n            <\/div>\n\t\t<\/div>\n\t\t\t\t\t\t<\/div>\n\t\t\t\t<\/div>\n\t\t\t\t\t<\/div>\n\t\t\t\t<\/div>\n\t\t<div data-particle_enable=\"false\" data-particle-mobile-disabled=\"false\" class=\"elementor-element elementor-element-8b2a2bc e-flex e-con-boxed e-con e-parent\" data-id=\"8b2a2bc\" data-element_type=\"container\">\n\t\t\t\t\t<div class=\"e-con-inner\">\n\t\t\t\t<div class=\"elementor-element elementor-element-24d7d12 elementor-widget elementor-widget-menu-anchor\" data-id=\"24d7d12\" data-element_type=\"widget\" data-widget_type=\"menu-anchor.default\">\n\t\t\t\t<div class=\"elementor-widget-container\">\n\t\t\t\t\t\t\t<div class=\"elementor-menu-anchor\" id=\"Patients\"><\/div>\n\t\t\t\t\t\t<\/div>\n\t\t\t\t<\/div>\n\t\t\t\t<div class=\"elementor-element elementor-element-1ac366d elementor-widget elementor-widget-wysiwyg_oktane\" data-id=\"1ac366d\" data-element_type=\"widget\" data-widget_type=\"wysiwyg_oktane.default\">\n\t\t\t\t<div class=\"elementor-widget-container\">\n\t\t\t\t\t\t\t<div class=\"wysiwyg\"\n        >\n            <div class=\"page-section page-section__wrapper\">\n                <div class=\"wysiwyg__wrapper\">\n                    <div class=\"wysiwyg__content wp-content\">\n                        <h2>Patients and Personal Health<\/h2>                    <\/div>\n                <\/div>\n            <\/div>\n\t\t<\/div>\n\t\t\t\t\t\t<\/div>\n\t\t\t\t<\/div>\n\t\t\t\t<div class=\"elementor-element elementor-element-5c79065 elementor-widget elementor-widget-wysiwyg_oktane\" data-id=\"5c79065\" data-element_type=\"widget\" data-widget_type=\"wysiwyg_oktane.default\">\n\t\t\t\t<div class=\"elementor-widget-container\">\n\t\t\t\t\t\t\t<div class=\"wysiwyg\"\n        >\n            <div class=\"page-section page-section__wrapper\">\n                <div class=\"wysiwyg__wrapper\">\n                    <div class=\"wysiwyg__content wp-content\">\n                        <p><a href=\"https:\/\/globalnews.ca\/news\/10912730\/rsv-antibodies-vaccine-holidays\/\" target=\"_blank\" rel=\"noopener\"><strong> It\u2019s RSV season in Canada. Here\u2019s how to keep children safe<\/strong><\/a><br \/>Global News<br \/>\u00a0<br \/><a href=\"https:\/\/www.journaldemontreal.com\/2024\/12\/13\/elle-sest-casse-la-jambe-10-fois-depuis-son-cancer-chaque-fois-que-je-descends-les-marches-jai-toujours-peur-que-ca-casse---lorianne-leblanc\" target=\"_blank\" rel=\"noopener\"><strong>Elle s\u2019est cass\u00e9 la jambe 10 fois depuis son cancer: \u2018Chaque fois que je descendais les marches, j\u2019avais toujours peur que \u00e7a casse\u2019 <\/strong><\/a><br \/>Journal de Montr\u00e9al<\/p>                    <\/div>\n                <\/div>\n            <\/div>\n\t\t<\/div>\n\t\t\t\t\t\t<\/div>\n\t\t\t\t<\/div>\n\t\t\t\t\t<\/div>\n\t\t\t\t<\/div>\n\t\t<div data-particle_enable=\"false\" data-particle-mobile-disabled=\"false\" class=\"elementor-element elementor-element-a95f006 e-flex e-con-boxed e-con e-parent\" data-id=\"a95f006\" data-element_type=\"container\">\n\t\t\t\t\t<div class=\"e-con-inner\">\n\t\t\t\t<div class=\"elementor-element elementor-element-0bb616a elementor-widget elementor-widget-menu-anchor\" data-id=\"0bb616a\" data-element_type=\"widget\" data-widget_type=\"menu-anchor.default\">\n\t\t\t\t<div class=\"elementor-widget-container\">\n\t\t\t\t\t\t\t<div class=\"elementor-menu-anchor\" id=\"ailleurs\"><\/div>\n\t\t\t\t\t\t<\/div>\n\t\t\t\t<\/div>\n\t\t\t\t<div class=\"elementor-element elementor-element-30d21b2 elementor-widget elementor-widget-wysiwyg_oktane\" data-id=\"30d21b2\" data-element_type=\"widget\" data-widget_type=\"wysiwyg_oktane.default\">\n\t\t\t\t<div class=\"elementor-widget-container\">\n\t\t\t\t\t\t\t<div class=\"wysiwyg\"\n        >\n            <div class=\"page-section page-section__wrapper\">\n                <div class=\"wysiwyg__wrapper\">\n                    <div class=\"wysiwyg__content wp-content\">\n                        <h2>Elsewhere in Qu\u00e9bec<\/h2>                    <\/div>\n                <\/div>\n            <\/div>\n\t\t<\/div>\n\t\t\t\t\t\t<\/div>\n\t\t\t\t<\/div>\n\t\t\t\t<div class=\"elementor-element elementor-element-531488d elementor-widget elementor-widget-wysiwyg_oktane\" data-id=\"531488d\" data-element_type=\"widget\" data-widget_type=\"wysiwyg_oktane.default\">\n\t\t\t\t<div class=\"elementor-widget-container\">\n\t\t\t\t\t\t\t<div class=\"wysiwyg\"\n        >\n            <div class=\"page-section page-section__wrapper\">\n                <div class=\"wysiwyg__wrapper\">\n                    <div class=\"wysiwyg__content wp-content\">\n                        <p><a href=\"https:\/\/ici.radio-canada.ca\/nouvelle\/2126383\/sucrerie-repas-noel-employes-chu-quebec\" target=\"_blank\" rel=\"noopener\"><strong> Une canne de No\u00ebl remplace le traditionnel repas du CHU <\/strong><\/a><br \/>Radio-Canada<br \/>\u00a0<br \/><a href=\"https:\/\/ici.radio-canada.ca\/nouvelle\/2126568\/coupures-sante-emplois-ciusss-mauricie\" target=\"_blank\" rel=\"noopener\"><strong>Compressions en sant\u00e9 : des mesures d\u00e9j\u00e0 appliqu\u00e9es au CIUSSS MCQ <\/strong><\/a><br \/>Radio-Canada<\/p>                    <\/div>\n                <\/div>\n            <\/div>\n\t\t<\/div>\n\t\t\t\t\t\t<\/div>\n\t\t\t\t<\/div>\n\t\t\t\t\t<\/div>\n\t\t\t\t<\/div>\n\t\t<div data-particle_enable=\"false\" data-particle-mobile-disabled=\"false\" class=\"elementor-element elementor-element-2392efd e-flex e-con-boxed e-con e-parent\" data-id=\"2392efd\" data-element_type=\"container\">\n\t\t\t\t\t<div class=\"e-con-inner\">\n\t\t\t\t<div class=\"elementor-element elementor-element-e007452 elementor-widget elementor-widget-menu-anchor\" data-id=\"e007452\" data-element_type=\"widget\" data-widget_type=\"menu-anchor.default\">\n\t\t\t\t<div class=\"elementor-widget-container\">\n\t\t\t\t\t\t\t<div class=\"elementor-menu-anchor\" id=\"Sante\"><\/div>\n\t\t\t\t\t\t<\/div>\n\t\t\t\t<\/div>\n\t\t\t\t<div class=\"elementor-element elementor-element-bb3a497 elementor-widget elementor-widget-wysiwyg_oktane\" data-id=\"bb3a497\" data-element_type=\"widget\" data-widget_type=\"wysiwyg_oktane.default\">\n\t\t\t\t<div class=\"elementor-widget-container\">\n\t\t\t\t\t\t\t<div class=\"wysiwyg\"\n        >\n            <div class=\"page-section page-section__wrapper\">\n                <div class=\"wysiwyg__wrapper\">\n                    <div class=\"wysiwyg__content wp-content\">\n                        <h2>Healthcare in Canada and Beyond<\/h2>                    <\/div>\n                <\/div>\n            <\/div>\n\t\t<\/div>\n\t\t\t\t\t\t<\/div>\n\t\t\t\t<\/div>\n\t\t\t\t<div class=\"elementor-element elementor-element-02a2085 elementor-widget elementor-widget-wysiwyg_oktane\" data-id=\"02a2085\" data-element_type=\"widget\" data-widget_type=\"wysiwyg_oktane.default\">\n\t\t\t\t<div class=\"elementor-widget-container\">\n\t\t\t\t\t\t\t<div class=\"wysiwyg\"\n        >\n            <div class=\"page-section page-section__wrapper\">\n                <div class=\"wysiwyg__wrapper\">\n                    <div class=\"wysiwyg__content wp-content\">\n                        <p><a href=\"https:\/\/ici.radio-canada.ca\/nouvelle\/2126447\/urgences-soins-primaires-north-bay\" target=\"_blank\" rel=\"noopener\"><strong> Pr\u00e8s d\u2019une visite aux urgences sur quatre pourrait \u00eatre \u00e9vit\u00e9e dans le Nord <\/strong><\/a><br \/>Radio-Canada<br \/>\u00a0<br \/><a href=\"https:\/\/www.lapresse.ca\/actualites\/sante\/2024-12-13\/les-incendies-de-foret-au-canada-auraient-cause-une-hausse-des-visites-medicales-aux-etats-unis.php\" target=\"_blank\" rel=\"noopener\"><strong>Les incendies de for\u00eat au Canada auraient caus\u00e9 une hausse des visites m\u00e9dicales aux \u00c9tats-Unis<\/strong><\/a><br \/>La Presse<br \/>\u00a0<br \/><a href=\"https:\/\/www.tvanouvelles.ca\/2024\/12\/13\/accro-aux-paris-en-ligne-a-cause-dun-medicament-il-se-fait-indemniser-par-son-medecin\" target=\"_blank\" rel=\"noopener\"><strong>Accro aux paris en ligne \u00e0 cause d\u2019un m\u00e9dicament, il se fait indemniser par son m\u00e9decin<\/strong><\/a><br \/>TVA Nouvelles<\/p>                    <\/div>\n                <\/div>\n            <\/div>\n\t\t<\/div>\n\t\t\t\t\t\t<\/div>\n\t\t\t\t<\/div>\n\t\t\t\t\t<\/div>\n\t\t\t\t<\/div>\n\t\t<div data-particle_enable=\"false\" data-particle-mobile-disabled=\"false\" class=\"elementor-element elementor-element-b907cdf e-flex e-con-boxed e-con e-parent\" data-id=\"b907cdf\" data-element_type=\"container\">\n\t\t\t\t\t<div class=\"e-con-inner\">\n\t\t\t\t<div class=\"elementor-element elementor-element-82c1116 elementor-widget elementor-widget-menu-anchor\" data-id=\"82c1116\" data-element_type=\"widget\" data-widget_type=\"menu-anchor.default\">\n\t\t\t\t<div class=\"elementor-widget-container\">\n\t\t\t\t\t\t\t<div class=\"elementor-menu-anchor\" id=\"Visionner\"><\/div>\n\t\t\t\t\t\t<\/div>\n\t\t\t\t<\/div>\n\t\t\t\t<div class=\"elementor-element elementor-element-b531867 elementor-widget elementor-widget-wysiwyg_oktane\" data-id=\"b531867\" data-element_type=\"widget\" data-widget_type=\"wysiwyg_oktane.default\">\n\t\t\t\t<div class=\"elementor-widget-container\">\n\t\t\t\t\t\t\t<div class=\"wysiwyg\"\n        >\n            <div class=\"page-section page-section__wrapper\">\n                <div class=\"wysiwyg__wrapper\">\n                    <div class=\"wysiwyg__content wp-content\">\n                        <h2>Watch<\/h2>                    <\/div>\n                <\/div>\n            <\/div>\n\t\t<\/div>\n\t\t\t\t\t\t<\/div>\n\t\t\t\t<\/div>\n\t\t\t\t<div class=\"elementor-element elementor-element-33fab04 elementor-widget elementor-widget-wysiwyg_oktane\" data-id=\"33fab04\" data-element_type=\"widget\" data-widget_type=\"wysiwyg_oktane.default\">\n\t\t\t\t<div class=\"elementor-widget-container\">\n\t\t\t\t\t\t\t<div class=\"wysiwyg\"\n        >\n            <div class=\"page-section page-section__wrapper\">\n                <div class=\"wysiwyg__wrapper\">\n                    <div class=\"wysiwyg__content wp-content\">\n                        <p><a href=\"https:\/\/globalnews.ca\/video\/10915618\/elna-medical-groups-granted-creditor-protection\/\" target=\"_blank\" rel=\"noopener\"><strong> ELNA medical groups granted creditor protection<\/strong><\/a><br \/>Reportage de Global News (avec Dr Samer Daher, m\u00e9decin de famille et pr\u00e9sident de l\u2019Association des m\u00e9decins omnipraticiens de Montr\u00e9al (AMOM) (\u00e0 partir d\u2019environ 37 minutes et 50 secondes)<br \/>\u00a0<br \/><a href=\"https:\/\/montreal.ctvnews.ca\/fate-of-elna-medical-s-montreal-clinics-unclear-after-creditor-protection-granted-1.7143647\" target=\"_blank\" rel=\"noopener\"><strong>Fate of ELNA Medical's Montreal clinics unclear after creditor protection granted<\/strong><\/a><br \/>Reportage de CTV News (avec Dr Fran\u00e7ois-Pierre Gladu, m\u00e9decin de famille et membre du C.A. de la F\u00e9d\u00e9ration des m\u00e9decins omnipraticiens du Qu\u00e9bec (FMOQ))<br \/>\u00a0<br \/><a href=\"https:\/\/www.cbc.ca\/news\/canada\/montreal\/elna-medical-group-creditor-protection-1.7408394\" target=\"_blank\" rel=\"noopener\"><strong>ELNA medical group enters creditor protection <\/strong><\/a><br \/>Reportage de CBC News (avec Dre Lyne Couture, pr\u00e9sidente de l\u2019Association des m\u00e9decins omnipraticiens Laurentides-Lanaudi\u00e8re (AMOLL))<\/p>                    <\/div>\n                <\/div>\n            <\/div>\n\t\t<\/div>\n\t\t\t\t\t\t<\/div>\n\t\t\t\t<\/div>\n\t\t\t\t\t<\/div>\n\t\t\t\t<\/div>\n\t\t<div data-particle_enable=\"false\" data-particle-mobile-disabled=\"false\" class=\"elementor-element elementor-element-b7ecbbb e-flex e-con-boxed e-con e-parent\" data-id=\"b7ecbbb\" data-element_type=\"container\">\n\t\t\t\t\t<div class=\"e-con-inner\">\n\t\t\t\t<div class=\"elementor-element elementor-element-ba9461a elementor-widget elementor-widget-menu-anchor\" data-id=\"ba9461a\" data-element_type=\"widget\" data-widget_type=\"menu-anchor.default\">\n\t\t\t\t<div class=\"elementor-widget-container\">\n\t\t\t\t\t\t\t<div class=\"elementor-menu-anchor\" id=\"Ecouter\"><\/div>\n\t\t\t\t\t\t<\/div>\n\t\t\t\t<\/div>\n\t\t\t\t<div class=\"elementor-element elementor-element-23f28c3 elementor-widget elementor-widget-wysiwyg_oktane\" data-id=\"23f28c3\" data-element_type=\"widget\" data-widget_type=\"wysiwyg_oktane.default\">\n\t\t\t\t<div class=\"elementor-widget-container\">\n\t\t\t\t\t\t\t<div class=\"wysiwyg\"\n        >\n            <div class=\"page-section page-section__wrapper\">\n                <div class=\"wysiwyg__wrapper\">\n                    <div class=\"wysiwyg__content wp-content\">\n                        <h2>Listen<\/h2>                    <\/div>\n                <\/div>\n            <\/div>\n\t\t<\/div>\n\t\t\t\t\t\t<\/div>\n\t\t\t\t<\/div>\n\t\t\t\t<div class=\"elementor-element elementor-element-3409898 elementor-widget elementor-widget-wysiwyg_oktane\" data-id=\"3409898\" data-element_type=\"widget\" data-widget_type=\"wysiwyg_oktane.default\">\n\t\t\t\t<div class=\"elementor-widget-container\">\n\t\t\t\t\t\t\t<div class=\"wysiwyg\"\n        >\n            <div class=\"page-section page-section__wrapper\">\n                <div class=\"wysiwyg__wrapper\">\n                    <div class=\"wysiwyg__content wp-content\">\n                        <p><a href=\"https:\/\/ici.radio-canada.ca\/ohdio\/premiere\/emissions\/le-15-18\/segments\/rattrapage\/1940358\/reseau-cliniques-privees-elna-se-met-a-abri-ses-creanciers\" target=\"_blank\" rel=\"noopener\"><strong> Le r\u00e9seau de cliniques priv\u00e9es ELNA se met \u00e0 l\u2019abri de ses cr\u00e9anciers<\/strong><\/a><br \/>Entrevue avec Me Marco Laverdi\u00e8re, avocat et enseignant au\u00a0programme de droit et politiques de la sant\u00e9\u00a0de l\u2019Universit\u00e9 de Sherbrooke<br \/>Extrait de l\u2019\u00e9mission de radio \u2018Le 15-18\u2019 sur Radio-Canada Premi\u00e8re<br \/>\u00a0<br \/><a href=\"https:\/\/www.iheart.com\/podcast\/962-elias-makos-69297199\/episode\/will-quebecs-new-system-finally-simplify-248055099\/\" target=\"_blank\" rel=\"noopener\"><strong>Will Quebec\u2019s new system finally simplify healthcare bookings and reduce privatization?<\/strong><\/a><br \/>Entrevue avec Andr\u00e9 Fortin, porte-parole de l\u2019opposition officielle en mati\u00e8re de sant\u00e9 pour le parti lib\u00e9ral du Qu\u00e9bec<br \/>Extrait de l\u2019\u00e9mission de radio \u2018Elias Makos\u2019 sur CJAD 800<br \/>\u00a0<br \/><a href=\"https:\/\/www.fm1047.ca\/audio\/666221\/vers-quels-professionnels-de-sante-se-diriger\" target=\"_blank\" rel=\"noopener\"><strong>Vers quels professionnels de sant\u00e9 se diriger ?<\/strong><\/a><br \/>Entrevue avec Dr Nicholas Poelman, chiropraticien<br \/>Extrait de l\u2019\u00e9mission de radio \u2018Que l\u2019Outaouais se l\u00e8ve au 104,7 fm<br \/>\u00a0<br \/><a href=\"https:\/\/www.qub.ca\/radio\/balado\/richard-martineau?audio=1099466470\" target=\"_blank\" rel=\"noopener\"><strong>Crise des anesth\u00e9sistes : Ga\u00e9tan Barrette d\u00e9nonce les pratiques douteuses<\/strong><\/a><br \/>Entrevue avec Ga\u00e9tan Barrette, ancien ministre de la Sant\u00e9 <br \/>Extrait de l\u2019\u00e9mission de radio \u2018Richard Martineau\u2019 sur Qub Radio<br \/>\u00a0<br \/><a href=\"https:\/\/www.fm1047.ca\/audio\/666148\/les-revendications-de-la-federation-des-medecins-specialistes\" target=\"_blank\" rel=\"noopener\"><strong>Les revendications de la f\u00e9d\u00e9ration des m\u00e9decins sp\u00e9cialistes<\/strong><\/a><br \/>Entrevue avec Marc Ranger, ancien directeur qu\u00e9b\u00e9cois du Syndicat canadien de la fonction publique<br \/>Extrait de l\u2019\u00e9mission de radio \u2018Que l\u2019Outaouais se l\u00e8ve au 104,7 fm<\/p>                    <\/div>\n                <\/div>\n            <\/div>\n\t\t<\/div>\n\t\t\t\t\t\t<\/div>\n\t\t\t\t<\/div>\n\t\t\t\t\t<\/div>\n\t\t\t\t<\/div>\n\t\t<div data-particle_enable=\"false\" data-particle-mobile-disabled=\"false\" class=\"elementor-element elementor-element-5a40346 e-flex e-con-boxed e-con e-parent\" data-id=\"5a40346\" data-element_type=\"container\">\n\t\t\t\t\t<div class=\"e-con-inner\">\n\t\t\t\t<div class=\"elementor-element elementor-element-8dd831d elementor-widget elementor-widget-menu-anchor\" data-id=\"8dd831d\" data-element_type=\"widget\" data-widget_type=\"menu-anchor.default\">\n\t\t\t\t<div class=\"elementor-widget-container\">\n\t\t\t\t\t\t\t<div class=\"elementor-menu-anchor\" id=\"Caricature\"><\/div>\n\t\t\t\t\t\t<\/div>\n\t\t\t\t<\/div>\n\t\t\t\t<div class=\"elementor-element elementor-element-7c812cb elementor-widget elementor-widget-wysiwyg_oktane\" data-id=\"7c812cb\" data-element_type=\"widget\" data-widget_type=\"wysiwyg_oktane.default\">\n\t\t\t\t<div class=\"elementor-widget-container\">\n\t\t\t\t\t\t\t<div class=\"wysiwyg\"\n        >\n            <div class=\"page-section page-section__wrapper\">\n                <div class=\"wysiwyg__wrapper\">\n                    <div class=\"wysiwyg__content wp-content\">\n                        <h2>Caricatures and Social Media<\/h2>                    <\/div>\n                <\/div>\n            <\/div>\n\t\t<\/div>\n\t\t\t\t\t\t<\/div>\n\t\t\t\t<\/div>\n\t\t\t\t<div class=\"elementor-element elementor-element-41ddf76 gallery-spacing-custom elementor-widget elementor-widget-image-gallery\" data-id=\"41ddf76\" data-element_type=\"widget\" data-widget_type=\"image-gallery.default\">\n\t\t\t\t<div class=\"elementor-widget-container\">\n\t\t\t\t\t\t\t<div class=\"elementor-image-gallery\">\n\t\t\t<div id='gallery-1' class='gallery galleryid-2738317 gallery-columns-1 gallery-size-large'><figure class='gallery-item'>\n\t\t\t<div class='gallery-icon landscape'>\n\t\t\t\t<a data-elementor-open-lightbox=\"yes\" data-elementor-lightbox-slideshow=\"41ddf76\" data-elementor-lightbox-title=\"caricature-cote-min\" data-e-action-hash=\"#elementor-action%3Aaction%3Dlightbox%26settings%3DeyJpZCI6MjczODMxMywidXJsIjoiaHR0cHM6XC9cL3d3dy5hbW9tLm5ldFwvd3AtY29udGVudFwvdXBsb2Fkc1wvMjAyNFwvMTJcL2NhcmljYXR1cmUtY290ZS1taW4tMS5qcGciLCJzbGlkZXNob3ciOiI0MWRkZjc2In0%3D\" href='https:\/\/www.amom.net\/wp-content\/uploads\/2024\/12\/caricature-cote-min-1.jpg'><img fetchpriority=\"high\" width=\"1024\" height=\"900\" src=\"https:\/\/www.amom.net\/wp-content\/uploads\/2024\/12\/caricature-cote-min-1-1024x900.jpg\" class=\"attachment-large size-large\" alt=\"\" aria-describedby=\"gallery-1-2738313\" decoding=\"async\" srcset=\"https:\/\/www.amom.net\/wp-content\/uploads\/2024\/12\/caricature-cote-min-1-1024x900.jpg 1024w, https:\/\/www.amom.net\/wp-content\/uploads\/2024\/12\/caricature-cote-min-1-300x264.jpg 300w, https:\/\/www.amom.net\/wp-content\/uploads\/2024\/12\/caricature-cote-min-1-768x675.jpg 768w, https:\/\/www.amom.net\/wp-content\/uploads\/2024\/12\/caricature-cote-min-1-1536x1350.jpg 1536w, https:\/\/www.amom.net\/wp-content\/uploads\/2024\/12\/caricature-cote-min-1-600x527.jpg 600w, https:\/\/www.amom.net\/wp-content\/uploads\/2024\/12\/caricature-cote-min-1.jpg 1600w\" sizes=\"(max-width: 1024px) 100vw, 1024px\" \/><\/a>\n\t\t\t<\/div>\n\t\t\t\t<figcaption class='wp-caption-text gallery-caption' id='gallery-1-2738313'>\n\t\t\t\thttps:\/\/www.lesoleil.com\/opinions\/caricatures\/2024\/12\/13\/la-caricature-de-cote-E4BEVCK6TNAHFEJAXOPPXECXD4\/\n\t\t\t\t<\/figcaption><\/figure>\n\t\t<\/div>\n\t\t<\/div>\n\t\t\t\t\t\t<\/div>\n\t\t\t\t<\/div>\n\t\t\t\t\t<\/div>\n\t\t\t\t<\/div>\n\t\t\t\t<\/div>\n\t\t","protected":false},"excerpt":{"rendered":"<p>Table of Contents Headlines Healthcare Policy and Network Management Studies, Discoveries and Medications Other Healthcare Professionals Patients and Personal Health Elsewhere in Qu\u00e9bec Healthcare in Canada and Beyond Watch Listen Caricatures and Social Media Headlines Le r\u00e9seau de cliniques priv\u00e9es ELNA se met \u00e0 l\u2019abri de ses cr\u00e9anciers Radio-Canada Montreal\u2019s ELNA Medical Group enters creditor [&hellip;]<\/p>\n","protected":false},"author":252,"featured_media":0,"comment_status":"open","ping_status":"open","sticky":false,"template":"","format":"standard","meta":{"_acf_changed":false,"footnotes":""},"categories":[103],"tags":[],"class_list":["post-2738317","post","type-post","status-publish","format-standard","hentry","category-press-reviews"],"acf":[],"yoast_head":"<!-- This site is optimized with the Yoast SEO plugin v26.8 - https:\/\/yoast.com\/product\/yoast-seo-wordpress\/ -->\n<title>ELNA network of private clinics protects itself from creditors - Association des m\u00e9decins omnipraticiens de Montr\u00e9al<\/title>\n<meta name=\"robots\" content=\"index, follow, max-snippet:-1, max-image-preview:large, max-video-preview:-1\" \/>\n<link rel=\"canonical\" href=\"https:\/\/www.amom.net\/en\/elna-network-of-private-clinics-protects-itself-from-creditors\/\" \/>\n<meta property=\"og:locale\" content=\"en_US\" \/>\n<meta property=\"og:type\" content=\"article\" \/>\n<meta property=\"og:title\" content=\"ELNA network of private clinics protects itself from creditors - Association des m\u00e9decins omnipraticiens de Montr\u00e9al\" \/>\n<meta property=\"og:description\" content=\"Table of Contents Headlines Healthcare Policy and Network Management Studies, Discoveries and Medications Other Healthcare Professionals Patients and Personal Health Elsewhere in Qu\u00e9bec Healthcare in Canada and Beyond Watch Listen Caricatures and Social Media Headlines Le r\u00e9seau de cliniques priv\u00e9es ELNA se met \u00e0 l\u2019abri de ses cr\u00e9anciers Radio-Canada Montreal\u2019s ELNA Medical Group enters creditor [&hellip;]\" \/>\n<meta property=\"og:url\" content=\"https:\/\/www.amom.net\/en\/elna-network-of-private-clinics-protects-itself-from-creditors\/\" \/>\n<meta property=\"og:site_name\" content=\"Association des m\u00e9decins omnipraticiens de Montr\u00e9al\" \/>\n<meta property=\"article:publisher\" content=\"https:\/\/www.facebook.com\/profile.php?id=100064821276218\" \/>\n<meta property=\"article:published_time\" content=\"2024-12-13T19:01:20+00:00\" \/>\n<meta property=\"article:modified_time\" content=\"2024-12-13T19:13:13+00:00\" \/>\n<meta property=\"og:image\" content=\"https:\/\/www.amom.net\/wp-content\/uploads\/2024\/12\/caricature-cote-min-1-1024x900.jpg\" \/>\n<meta name=\"author\" content=\"Catherine Vachon, responsable des communications\" \/>\n<meta name=\"twitter:card\" content=\"summary_large_image\" \/>\n<meta name=\"twitter:label1\" content=\"Written by\" \/>\n\t<meta name=\"twitter:data1\" content=\"Catherine Vachon, responsable des communications\" \/>\n\t<meta name=\"twitter:label2\" content=\"Est. reading time\" \/>\n\t<meta name=\"twitter:data2\" content=\"4 minutes\" \/>\n<script type=\"application\/ld+json\" class=\"yoast-schema-graph\">{\"@context\":\"https:\/\/schema.org\",\"@graph\":[{\"@type\":\"Article\",\"@id\":\"https:\/\/www.amom.net\/en\/elna-network-of-private-clinics-protects-itself-from-creditors\/#article\",\"isPartOf\":{\"@id\":\"https:\/\/www.amom.net\/en\/elna-network-of-private-clinics-protects-itself-from-creditors\/\"},\"author\":{\"name\":\"Catherine Vachon, responsable des communications\",\"@id\":\"https:\/\/www.amom.net\/#\/schema\/person\/bdf6b293e92f24f62c11388c92549978\"},\"headline\":\"ELNA network of private clinics protects itself from creditors\",\"datePublished\":\"2024-12-13T19:01:20+00:00\",\"dateModified\":\"2024-12-13T19:13:13+00:00\",\"mainEntityOfPage\":{\"@id\":\"https:\/\/www.amom.net\/en\/elna-network-of-private-clinics-protects-itself-from-creditors\/\"},\"wordCount\":674,\"commentCount\":0,\"publisher\":{\"@id\":\"https:\/\/www.amom.net\/#organization\"},\"image\":{\"@id\":\"https:\/\/www.amom.net\/en\/elna-network-of-private-clinics-protects-itself-from-creditors\/#primaryimage\"},\"thumbnailUrl\":\"https:\/\/www.amom.net\/wp-content\/uploads\/2024\/12\/caricature-cote-min-1-1024x900.jpg\",\"articleSection\":[\"Press\u00a0Reviews\"],\"inLanguage\":\"en-US\",\"potentialAction\":[{\"@type\":\"CommentAction\",\"name\":\"Comment\",\"target\":[\"https:\/\/www.amom.net\/en\/elna-network-of-private-clinics-protects-itself-from-creditors\/#respond\"]}]},{\"@type\":\"WebPage\",\"@id\":\"https:\/\/www.amom.net\/en\/elna-network-of-private-clinics-protects-itself-from-creditors\/\",\"url\":\"https:\/\/www.amom.net\/en\/elna-network-of-private-clinics-protects-itself-from-creditors\/\",\"name\":\"ELNA network of private clinics protects itself from creditors - Association des m\u00e9decins omnipraticiens de Montr\u00e9al\",\"isPartOf\":{\"@id\":\"https:\/\/www.amom.net\/#website\"},\"primaryImageOfPage\":{\"@id\":\"https:\/\/www.amom.net\/en\/elna-network-of-private-clinics-protects-itself-from-creditors\/#primaryimage\"},\"image\":{\"@id\":\"https:\/\/www.amom.net\/en\/elna-network-of-private-clinics-protects-itself-from-creditors\/#primaryimage\"},\"thumbnailUrl\":\"https:\/\/www.amom.net\/wp-content\/uploads\/2024\/12\/caricature-cote-min-1-1024x900.jpg\",\"datePublished\":\"2024-12-13T19:01:20+00:00\",\"dateModified\":\"2024-12-13T19:13:13+00:00\",\"breadcrumb\":{\"@id\":\"https:\/\/www.amom.net\/en\/elna-network-of-private-clinics-protects-itself-from-creditors\/#breadcrumb\"},\"inLanguage\":\"en-US\",\"potentialAction\":[{\"@type\":\"ReadAction\",\"target\":[\"https:\/\/www.amom.net\/en\/elna-network-of-private-clinics-protects-itself-from-creditors\/\"]}]},{\"@type\":\"ImageObject\",\"inLanguage\":\"en-US\",\"@id\":\"https:\/\/www.amom.net\/en\/elna-network-of-private-clinics-protects-itself-from-creditors\/#primaryimage\",\"url\":\"https:\/\/www.amom.net\/wp-content\/uploads\/2024\/12\/caricature-cote-min-1-1024x900.jpg\",\"contentUrl\":\"https:\/\/www.amom.net\/wp-content\/uploads\/2024\/12\/caricature-cote-min-1-1024x900.jpg\"},{\"@type\":\"BreadcrumbList\",\"@id\":\"https:\/\/www.amom.net\/en\/elna-network-of-private-clinics-protects-itself-from-creditors\/#breadcrumb\",\"itemListElement\":[{\"@type\":\"ListItem\",\"position\":1,\"name\":\"Accueil\",\"item\":\"https:\/\/www.amom.net\/\"},{\"@type\":\"ListItem\",\"position\":2,\"name\":\"ELNA network of private clinics protects itself from creditors\"}]},{\"@type\":\"WebSite\",\"@id\":\"https:\/\/www.amom.net\/#website\",\"url\":\"https:\/\/www.amom.net\/\",\"name\":\"Association des m\u00e9decins omnipraticiens de Montr\u00e9al\",\"description\":\"\",\"publisher\":{\"@id\":\"https:\/\/www.amom.net\/#organization\"},\"potentialAction\":[{\"@type\":\"SearchAction\",\"target\":{\"@type\":\"EntryPoint\",\"urlTemplate\":\"https:\/\/www.amom.net\/?s={search_term_string}\"},\"query-input\":{\"@type\":\"PropertyValueSpecification\",\"valueRequired\":true,\"valueName\":\"search_term_string\"}}],\"inLanguage\":\"en-US\"},{\"@type\":\"Organization\",\"@id\":\"https:\/\/www.amom.net\/#organization\",\"name\":\"Association des m\u00e9decins omnipraticiens de Montr\u00e9al\",\"url\":\"https:\/\/www.amom.net\/\",\"logo\":{\"@type\":\"ImageObject\",\"inLanguage\":\"en-US\",\"@id\":\"https:\/\/www.amom.net\/#\/schema\/logo\/image\/\",\"url\":\"https:\/\/www.amom.net\/wp-content\/uploads\/2023\/09\/logo-amom-1.svg\",\"contentUrl\":\"https:\/\/www.amom.net\/wp-content\/uploads\/2023\/09\/logo-amom-1.svg\",\"width\":281,\"height\":129,\"caption\":\"Association des m\u00e9decins omnipraticiens de Montr\u00e9al\"},\"image\":{\"@id\":\"https:\/\/www.amom.net\/#\/schema\/logo\/image\/\"},\"sameAs\":[\"https:\/\/www.facebook.com\/profile.php?id=100064821276218\"]},{\"@type\":\"Person\",\"@id\":\"https:\/\/www.amom.net\/#\/schema\/person\/bdf6b293e92f24f62c11388c92549978\",\"name\":\"Catherine Vachon, responsable des communications\",\"image\":{\"@type\":\"ImageObject\",\"inLanguage\":\"en-US\",\"@id\":\"https:\/\/www.amom.net\/#\/schema\/person\/image\/\",\"url\":\"https:\/\/secure.gravatar.com\/avatar\/875f8cc9ba46e8298385f0b18b815b56a1ef0cdde318a62dd90e2b5b83f44a30?s=96&d=mm&r=g\",\"contentUrl\":\"https:\/\/secure.gravatar.com\/avatar\/875f8cc9ba46e8298385f0b18b815b56a1ef0cdde318a62dd90e2b5b83f44a30?s=96&d=mm&r=g\",\"caption\":\"Catherine Vachon, responsable des communications\"},\"url\":\"https:\/\/www.amom.net\/en\/author\/cvachon\/\"}]}<\/script>\n<!-- \/ Yoast SEO plugin. -->","yoast_head_json":{"title":"ELNA network of private clinics protects itself from creditors - Association des m\u00e9decins omnipraticiens de Montr\u00e9al","robots":{"index":"index","follow":"follow","max-snippet":"max-snippet:-1","max-image-preview":"max-image-preview:large","max-video-preview":"max-video-preview:-1"},"canonical":"https:\/\/www.amom.net\/en\/elna-network-of-private-clinics-protects-itself-from-creditors\/","og_locale":"en_US","og_type":"article","og_title":"ELNA network of private clinics protects itself from creditors - Association des m\u00e9decins omnipraticiens de Montr\u00e9al","og_description":"Table of Contents Headlines Healthcare Policy and Network Management Studies, Discoveries and Medications Other Healthcare Professionals Patients and Personal Health Elsewhere in Qu\u00e9bec Healthcare in Canada and Beyond Watch Listen Caricatures and Social Media Headlines Le r\u00e9seau de cliniques priv\u00e9es ELNA se met \u00e0 l\u2019abri de ses cr\u00e9anciers Radio-Canada Montreal\u2019s ELNA Medical Group enters creditor [&hellip;]","og_url":"https:\/\/www.amom.net\/en\/elna-network-of-private-clinics-protects-itself-from-creditors\/","og_site_name":"Association des m\u00e9decins omnipraticiens de Montr\u00e9al","article_publisher":"https:\/\/www.facebook.com\/profile.php?id=100064821276218","article_published_time":"2024-12-13T19:01:20+00:00","article_modified_time":"2024-12-13T19:13:13+00:00","og_image":[{"url":"https:\/\/www.amom.net\/wp-content\/uploads\/2024\/12\/caricature-cote-min-1-1024x900.jpg","type":"","width":"","height":""}],"author":"Catherine Vachon, responsable des communications","twitter_card":"summary_large_image","twitter_misc":{"Written by":"Catherine Vachon, responsable des communications","Est. reading time":"4 minutes"},"schema":{"@context":"https:\/\/schema.org","@graph":[{"@type":"Article","@id":"https:\/\/www.amom.net\/en\/elna-network-of-private-clinics-protects-itself-from-creditors\/#article","isPartOf":{"@id":"https:\/\/www.amom.net\/en\/elna-network-of-private-clinics-protects-itself-from-creditors\/"},"author":{"name":"Catherine Vachon, responsable des communications","@id":"https:\/\/www.amom.net\/#\/schema\/person\/bdf6b293e92f24f62c11388c92549978"},"headline":"ELNA network of private clinics protects itself from creditors","datePublished":"2024-12-13T19:01:20+00:00","dateModified":"2024-12-13T19:13:13+00:00","mainEntityOfPage":{"@id":"https:\/\/www.amom.net\/en\/elna-network-of-private-clinics-protects-itself-from-creditors\/"},"wordCount":674,"commentCount":0,"publisher":{"@id":"https:\/\/www.amom.net\/#organization"},"image":{"@id":"https:\/\/www.amom.net\/en\/elna-network-of-private-clinics-protects-itself-from-creditors\/#primaryimage"},"thumbnailUrl":"https:\/\/www.amom.net\/wp-content\/uploads\/2024\/12\/caricature-cote-min-1-1024x900.jpg","articleSection":["Press\u00a0Reviews"],"inLanguage":"en-US","potentialAction":[{"@type":"CommentAction","name":"Comment","target":["https:\/\/www.amom.net\/en\/elna-network-of-private-clinics-protects-itself-from-creditors\/#respond"]}]},{"@type":"WebPage","@id":"https:\/\/www.amom.net\/en\/elna-network-of-private-clinics-protects-itself-from-creditors\/","url":"https:\/\/www.amom.net\/en\/elna-network-of-private-clinics-protects-itself-from-creditors\/","name":"ELNA network of private clinics protects itself from creditors - Association des m\u00e9decins omnipraticiens de Montr\u00e9al","isPartOf":{"@id":"https:\/\/www.amom.net\/#website"},"primaryImageOfPage":{"@id":"https:\/\/www.amom.net\/en\/elna-network-of-private-clinics-protects-itself-from-creditors\/#primaryimage"},"image":{"@id":"https:\/\/www.amom.net\/en\/elna-network-of-private-clinics-protects-itself-from-creditors\/#primaryimage"},"thumbnailUrl":"https:\/\/www.amom.net\/wp-content\/uploads\/2024\/12\/caricature-cote-min-1-1024x900.jpg","datePublished":"2024-12-13T19:01:20+00:00","dateModified":"2024-12-13T19:13:13+00:00","breadcrumb":{"@id":"https:\/\/www.amom.net\/en\/elna-network-of-private-clinics-protects-itself-from-creditors\/#breadcrumb"},"inLanguage":"en-US","potentialAction":[{"@type":"ReadAction","target":["https:\/\/www.amom.net\/en\/elna-network-of-private-clinics-protects-itself-from-creditors\/"]}]},{"@type":"ImageObject","inLanguage":"en-US","@id":"https:\/\/www.amom.net\/en\/elna-network-of-private-clinics-protects-itself-from-creditors\/#primaryimage","url":"https:\/\/www.amom.net\/wp-content\/uploads\/2024\/12\/caricature-cote-min-1-1024x900.jpg","contentUrl":"https:\/\/www.amom.net\/wp-content\/uploads\/2024\/12\/caricature-cote-min-1-1024x900.jpg"},{"@type":"BreadcrumbList","@id":"https:\/\/www.amom.net\/en\/elna-network-of-private-clinics-protects-itself-from-creditors\/#breadcrumb","itemListElement":[{"@type":"ListItem","position":1,"name":"Accueil","item":"https:\/\/www.amom.net\/"},{"@type":"ListItem","position":2,"name":"ELNA network of private clinics protects itself from creditors"}]},{"@type":"WebSite","@id":"https:\/\/www.amom.net\/#website","url":"https:\/\/www.amom.net\/","name":"Association des m\u00e9decins omnipraticiens de Montr\u00e9al","description":"","publisher":{"@id":"https:\/\/www.amom.net\/#organization"},"potentialAction":[{"@type":"SearchAction","target":{"@type":"EntryPoint","urlTemplate":"https:\/\/www.amom.net\/?s={search_term_string}"},"query-input":{"@type":"PropertyValueSpecification","valueRequired":true,"valueName":"search_term_string"}}],"inLanguage":"en-US"},{"@type":"Organization","@id":"https:\/\/www.amom.net\/#organization","name":"Association des m\u00e9decins omnipraticiens de Montr\u00e9al","url":"https:\/\/www.amom.net\/","logo":{"@type":"ImageObject","inLanguage":"en-US","@id":"https:\/\/www.amom.net\/#\/schema\/logo\/image\/","url":"https:\/\/www.amom.net\/wp-content\/uploads\/2023\/09\/logo-amom-1.svg","contentUrl":"https:\/\/www.amom.net\/wp-content\/uploads\/2023\/09\/logo-amom-1.svg","width":281,"height":129,"caption":"Association des m\u00e9decins omnipraticiens de Montr\u00e9al"},"image":{"@id":"https:\/\/www.amom.net\/#\/schema\/logo\/image\/"},"sameAs":["https:\/\/www.facebook.com\/profile.php?id=100064821276218"]},{"@type":"Person","@id":"https:\/\/www.amom.net\/#\/schema\/person\/bdf6b293e92f24f62c11388c92549978","name":"Catherine Vachon, responsable des communications","image":{"@type":"ImageObject","inLanguage":"en-US","@id":"https:\/\/www.amom.net\/#\/schema\/person\/image\/","url":"https:\/\/secure.gravatar.com\/avatar\/875f8cc9ba46e8298385f0b18b815b56a1ef0cdde318a62dd90e2b5b83f44a30?s=96&d=mm&r=g","contentUrl":"https:\/\/secure.gravatar.com\/avatar\/875f8cc9ba46e8298385f0b18b815b56a1ef0cdde318a62dd90e2b5b83f44a30?s=96&d=mm&r=g","caption":"Catherine Vachon, responsable des communications"},"url":"https:\/\/www.amom.net\/en\/author\/cvachon\/"}]}},"_links":{"self":[{"href":"https:\/\/www.amom.net\/en\/wp-json\/wp\/v2\/posts\/2738317","targetHints":{"allow":["GET"]}}],"collection":[{"href":"https:\/\/www.amom.net\/en\/wp-json\/wp\/v2\/posts"}],"about":[{"href":"https:\/\/www.amom.net\/en\/wp-json\/wp\/v2\/types\/post"}],"author":[{"embeddable":true,"href":"https:\/\/www.amom.net\/en\/wp-json\/wp\/v2\/users\/252"}],"replies":[{"embeddable":true,"href":"https:\/\/www.amom.net\/en\/wp-json\/wp\/v2\/comments?post=2738317"}],"version-history":[{"count":5,"href":"https:\/\/www.amom.net\/en\/wp-json\/wp\/v2\/posts\/2738317\/revisions"}],"predecessor-version":[{"id":2738322,"href":"https:\/\/www.amom.net\/en\/wp-json\/wp\/v2\/posts\/2738317\/revisions\/2738322"}],"wp:attachment":[{"href":"https:\/\/www.amom.net\/en\/wp-json\/wp\/v2\/media?parent=2738317"}],"wp:term":[{"taxonomy":"category","embeddable":true,"href":"https:\/\/www.amom.net\/en\/wp-json\/wp\/v2\/categories?post=2738317"},{"taxonomy":"post_tag","embeddable":true,"href":"https:\/\/www.amom.net\/en\/wp-json\/wp\/v2\/tags?post=2738317"}],"curies":[{"name":"wp","href":"https:\/\/api.w.org\/{rel}","templated":true}]}}