{"id":2738338,"date":"2024-12-16T12:54:29","date_gmt":"2024-12-16T17:54:29","guid":{"rendered":"https:\/\/www.amom.net\/?p=2738338"},"modified":"2024-12-16T13:06:29","modified_gmt":"2024-12-16T18:06:29","slug":"elna-medical-group-in-difficulty-the-network-of-clinics-begins-to-lay-off-staff","status":"publish","type":"post","link":"https:\/\/www.amom.net\/en\/elna-medical-group-in-difficulty-the-network-of-clinics-begins-to-lay-off-staff\/","title":{"rendered":"ELNA M\u00e9dical Group: In difficulty, the network of clinics begins to lay off staff"},"content":{"rendered":"\t\t<div data-elementor-type=\"wp-post\" data-elementor-id=\"2738338\" class=\"elementor elementor-2738338 elementor-2738323\" data-elementor-post-type=\"post\">\n\t\t\t\t<div data-particle_enable=\"false\" data-particle-mobile-disabled=\"false\" class=\"elementor-element elementor-element-394a585 e-flex e-con-boxed e-con e-parent\" data-id=\"394a585\" data-element_type=\"container\">\n\t\t\t\t\t<div class=\"e-con-inner\">\n\t\t\n\n\n\n\t\t<div class=\"elementor-element elementor-element-50b9dfd elementor-widget elementor-widget-accordion_oktane\" data-id=\"50b9dfd\" data-element_type=\"widget\" data-widget_type=\"accordion_oktane.default\">\n\t\t\t\t<div class=\"elementor-widget-container\">\n\t\t\t\t\t\n        <div class=\"Accordion\">\n            <div class=\"page-section page-section__wrapper\">\n                                    <div class=\"Accordion__item\">\n                        <div class=\"Accordion__content-wrapper\">\n                            <input type=\"checkbox\" id=\"faq-8461\" data-tab=\"1\" role=\"tabpanel\" aria-labelledby=\"accordion-title-8461\">\n                            <h4 class=\"Accordion__head-title\">\n                                <label for=\"faq-8461\">Table of Contents<\/label>\n                                <div class=\"Accordion__head-icon\">\n                                <\/div>\n                            <\/h4>\n                            <div class=\"Accordion__wysiwyg-content\">\n                                <div class=\"wp-content\">\n                                    <ul><li><a href=\"#manchette\">Headlines<\/a><\/li><li><a href=\"#Politique\">Healthcare Policy and Network Management<\/a><\/li><li><a href=\"#Etudes\">Studies, Discoveries and Medications<\/a><\/li><li><a href=\"#Autres\">Other Healthcare Professionals<\/a><\/li><li><a href=\"#Patients\">Patients and Personal Health<\/a><\/li><li><a href=\"#ailleurs\">Elsewhere in Qu\u00e9bec <\/a><\/li><li><a href=\"#Sante\">Healthcare in Canada and Beyond<\/a><\/li><li><a href=\"#Ecouter\">Listen<\/a><\/li><li><a href=\"#Caricature\">Caricatures and Social Media<\/a><\/li><\/ul>                                                                    <\/div>\n                            <\/div>\n                        <\/div>\n                    <\/div>\n                            <\/div>\n        <\/div>\n    \t\t\t\t<\/div>\n\t\t\t\t<\/div>\n\t\t\t\t\t<\/div>\n\t\t\t\t<\/div>\n\t\t<div data-particle_enable=\"false\" data-particle-mobile-disabled=\"false\" class=\"elementor-element elementor-element-5fbe63c e-flex e-con-boxed e-con e-parent\" data-id=\"5fbe63c\" data-element_type=\"container\">\n\t\t\t\t\t<div class=\"e-con-inner\">\n\t\t\t\t<div class=\"elementor-element elementor-element-85c94fb elementor-widget elementor-widget-menu-anchor\" data-id=\"85c94fb\" data-element_type=\"widget\" data-widget_type=\"menu-anchor.default\">\n\t\t\t\t<div class=\"elementor-widget-container\">\n\t\t\t\t\t\t\t<div class=\"elementor-menu-anchor\" id=\"manchette\"><\/div>\n\t\t\t\t\t\t<\/div>\n\t\t\t\t<\/div>\n\t\t\t\t<div class=\"elementor-element elementor-element-c8494f5 elementor-widget elementor-widget-wysiwyg_oktane\" data-id=\"c8494f5\" data-element_type=\"widget\" data-widget_type=\"wysiwyg_oktane.default\">\n\t\t\t\t<div class=\"elementor-widget-container\">\n\t\t\t\t\t\t\t<div class=\"wysiwyg\"\n        >\n            <div class=\"page-section page-section__wrapper\">\n                <div class=\"wysiwyg__wrapper\">\n                    <div class=\"wysiwyg__content wp-content\">\n                        <h2>Headlines<\/h2>                    <\/div>\n                <\/div>\n            <\/div>\n\t\t<\/div>\n\t\t\t\t\t\t<\/div>\n\t\t\t\t<\/div>\n\t\t\t\t<div class=\"elementor-element elementor-element-192f176 elementor-widget elementor-widget-wysiwyg_oktane\" data-id=\"192f176\" data-element_type=\"widget\" data-widget_type=\"wysiwyg_oktane.default\">\n\t\t\t\t<div class=\"elementor-widget-container\">\n\t\t\t\t\t\t\t<div class=\"wysiwyg\"\n        >\n            <div class=\"page-section page-section__wrapper\">\n                <div class=\"wysiwyg__wrapper\">\n                    <div class=\"wysiwyg__content wp-content\">\n                        <p><a href=\"https:\/\/www.lapresse.ca\/actualites\/sante\/2024-12-14\/groupe-elna-medical\/en-difficulte-le-reseau-de-cliniques-commence-a-licencier.php\" target=\"_blank\" rel=\"noopener\"><strong> Groupe ELNA M\u00e9dical\u00a0: En difficult\u00e9, le r\u00e9seau de cliniques commence \u00e0 licencier<\/strong><\/a><br \/>La Presse<br \/>\u00a0<br \/><a href=\"https:\/\/www.montrealgazette.com\/news\/article609568.html\" target=\"_blank\" rel=\"noopener\"><strong>Aging population driving ER crisis in Quebec <\/strong><\/a><br \/>The Gazette<br \/>\u00a0<br \/><a href=\"https:\/\/www.journaldemontreal.com\/2024\/12\/13\/encore-plusieurs-professionnels-trop-curieux-fouillent-dans-les-renseignements-confidentiels-de-patients\" target=\"_blank\" rel=\"noopener\"><strong>Sant\u00e9 au Qu\u00e9bec: encore plusieurs professionnels trop curieux fouillent dans les renseignements confidentiels de patients<\/strong><\/a><br \/>Journal de Montr\u00e9al<br \/>\u00a0<br \/><a href=\"https:\/\/www.journaldemontreal.com\/2024\/12\/14\/apres-avoir-attendu-six-heures-a-lurgence-un-montrealais-decede-dun-anevrisme\" target=\"_blank\" rel=\"noopener\"><strong>Un Montr\u00e9alais quitte l\u2019urgence apr\u00e8s avoir attendu six heures et d\u00e9c\u00e8de d\u2019un an\u00e9vrisme le lendemain<\/strong><\/a><br \/>Journal de Montr\u00e9al<\/p>                    <\/div>\n                <\/div>\n            <\/div>\n\t\t<\/div>\n\t\t\t\t\t\t<\/div>\n\t\t\t\t<\/div>\n\t\t\t\t\t<\/div>\n\t\t\t\t<\/div>\n\t\t<div data-particle_enable=\"false\" data-particle-mobile-disabled=\"false\" class=\"elementor-element elementor-element-f2e0eb4 e-flex e-con-boxed e-con e-parent\" data-id=\"f2e0eb4\" data-element_type=\"container\">\n\t\t\t\t\t<div class=\"e-con-inner\">\n\t\t\t\t<div class=\"elementor-element elementor-element-80ff00d elementor-widget elementor-widget-menu-anchor\" data-id=\"80ff00d\" data-element_type=\"widget\" data-widget_type=\"menu-anchor.default\">\n\t\t\t\t<div class=\"elementor-widget-container\">\n\t\t\t\t\t\t\t<div class=\"elementor-menu-anchor\" id=\"Politique\"><\/div>\n\t\t\t\t\t\t<\/div>\n\t\t\t\t<\/div>\n\t\t\t\t<div class=\"elementor-element elementor-element-365a088 elementor-widget elementor-widget-wysiwyg_oktane\" data-id=\"365a088\" data-element_type=\"widget\" data-widget_type=\"wysiwyg_oktane.default\">\n\t\t\t\t<div class=\"elementor-widget-container\">\n\t\t\t\t\t\t\t<div class=\"wysiwyg\"\n        >\n            <div class=\"page-section page-section__wrapper\">\n                <div class=\"wysiwyg__wrapper\">\n                    <div class=\"wysiwyg__content wp-content\">\n                        <h2>Healthcare Policy and Network Management<\/h2>                    <\/div>\n                <\/div>\n            <\/div>\n\t\t<\/div>\n\t\t\t\t\t\t<\/div>\n\t\t\t\t<\/div>\n\t\t\t\t<div class=\"elementor-element elementor-element-4319768 elementor-widget elementor-widget-wysiwyg_oktane\" data-id=\"4319768\" data-element_type=\"widget\" data-widget_type=\"wysiwyg_oktane.default\">\n\t\t\t\t<div class=\"elementor-widget-container\">\n\t\t\t\t\t\t\t<div class=\"wysiwyg\"\n        >\n            <div class=\"page-section page-section__wrapper\">\n                <div class=\"wysiwyg__wrapper\">\n                    <div class=\"wysiwyg__content wp-content\">\n                        <p><a href=\"https:\/\/ici.radio-canada.ca\/nouvelle\/2126882\/coupures-soins-domicile-biron-caq\" target=\"_blank\" rel=\"noopener\"><strong> Coupes en sant\u00e9 : Qu\u00e9bec rappelle Sant\u00e9 Qu\u00e9bec \u00e0 l\u2019ordre<\/strong><\/a><br \/>Radio-Canada<br \/>\u00a0<br \/><a href=\"https:\/\/www.lapresse.ca\/actualites\/sante\/2024-12-14\/mort-de-joyce-echaquan\/pourquoi-rendre-obligatoire-la-securisation-culturelle.php\" target=\"_blank\" rel=\"noopener\"><strong>Mort de Joyce Echaquan\u00a0: Pourquoi rendre obligatoire la s\u00e9curisation culturelle ?<\/strong><\/a><br \/>La Presse<\/p>                    <\/div>\n                <\/div>\n            <\/div>\n\t\t<\/div>\n\t\t\t\t\t\t<\/div>\n\t\t\t\t<\/div>\n\t\t\t\t\t<\/div>\n\t\t\t\t<\/div>\n\t\t<div data-particle_enable=\"false\" data-particle-mobile-disabled=\"false\" class=\"elementor-element elementor-element-2136413 e-flex e-con-boxed e-con e-parent\" data-id=\"2136413\" data-element_type=\"container\">\n\t\t\t\t\t<div class=\"e-con-inner\">\n\t\t\t\t<div class=\"elementor-element elementor-element-eede8d4 elementor-widget elementor-widget-menu-anchor\" data-id=\"eede8d4\" data-element_type=\"widget\" data-widget_type=\"menu-anchor.default\">\n\t\t\t\t<div class=\"elementor-widget-container\">\n\t\t\t\t\t\t\t<div class=\"elementor-menu-anchor\" id=\"Etudes\"><\/div>\n\t\t\t\t\t\t<\/div>\n\t\t\t\t<\/div>\n\t\t\t\t<div class=\"elementor-element elementor-element-cc3e37c elementor-widget elementor-widget-wysiwyg_oktane\" data-id=\"cc3e37c\" data-element_type=\"widget\" data-widget_type=\"wysiwyg_oktane.default\">\n\t\t\t\t<div class=\"elementor-widget-container\">\n\t\t\t\t\t\t\t<div class=\"wysiwyg\"\n        >\n            <div class=\"page-section page-section__wrapper\">\n                <div class=\"wysiwyg__wrapper\">\n                    <div class=\"wysiwyg__content wp-content\">\n                        <h2>Studies, Discoveries and Medications<\/h2>                    <\/div>\n                <\/div>\n            <\/div>\n\t\t<\/div>\n\t\t\t\t\t\t<\/div>\n\t\t\t\t<\/div>\n\t\t\t\t<div class=\"elementor-element elementor-element-26823cc elementor-widget elementor-widget-wysiwyg_oktane\" data-id=\"26823cc\" data-element_type=\"widget\" data-widget_type=\"wysiwyg_oktane.default\">\n\t\t\t\t<div class=\"elementor-widget-container\">\n\t\t\t\t\t\t\t<div class=\"wysiwyg\"\n        >\n            <div class=\"page-section page-section__wrapper\">\n                <div class=\"wysiwyg__wrapper\">\n                    <div class=\"wysiwyg__content wp-content\">\n                        <p><a href=\"https:\/\/www.journaldemontreal.com\/2024\/12\/14\/vers-une-eradication-du-cancer-du-col-de-luterus-par-la-vaccination\" target=\"_blank\" rel=\"noopener\"><strong> Vers une \u00e9radication du cancer du col de l\u2019ut\u00e9rus par la vaccination<\/strong><\/a><br \/>Journal de Montr\u00e9al<br \/>\u00a0<br \/><a href=\"https:\/\/www.lapresse.ca\/actualites\/sante\/des-microplastiques-partout-en-nous\/2024-12-15\/nos-corps-impregnes.php\" target=\"_blank\" rel=\"noopener\"><strong>Des microplastiques partout en nous\u00a0: Nos corps impr\u00e9gn\u00e9s<\/strong><\/a><br \/>La Presse<br \/>\u00a0<br \/><a href=\"https:\/\/www.lapresse.ca\/actualites\/sante\/des-microplastiques-partout-en-nous\/2024-12-15\/on-en-mange-on-en-respire.php\" target=\"_blank\" rel=\"noopener\"><strong>Des microplastiques partout en nous\u00a0: On en mange, on en respire<\/strong><\/a><br \/>La Presse<br \/>\u00a0<br \/><a href=\"https:\/\/www.lapresse.ca\/actualites\/sante\/des-microplastiques-partout-en-nous\/2024-12-15\/comment-les-eviter.php\" target=\"_blank\" rel=\"noopener\"><strong>Des microplastiques partout en nous\u00a0: Comment les \u00e9viter ?<\/strong><\/a><br \/>La Presse<br \/>\u00a0<br \/><a href=\"https:\/\/nouvelles.ulaval.ca\/2024\/12\/13\/mieux-guerir-le-cancer-de-l'oeil-grace-a-des-implants-radioactifs-personnalises-c6ff80fe-981f-4b0b-85a2-4eb92b3494f6\" target=\"_blank\" rel=\"noopener\"><strong>Mieux gu\u00e9rir le cancer de l'\u0153il gr\u00e2ce \u00e0 des implants radioactifs personnalis\u00e9s<\/strong><\/a><br \/>ULaval Nouvelles<\/p>                    <\/div>\n                <\/div>\n            <\/div>\n\t\t<\/div>\n\t\t\t\t\t\t<\/div>\n\t\t\t\t<\/div>\n\t\t\t\t\t<\/div>\n\t\t\t\t<\/div>\n\t\t<div data-particle_enable=\"false\" data-particle-mobile-disabled=\"false\" class=\"elementor-element elementor-element-d58b686 e-flex e-con-boxed e-con e-parent\" data-id=\"d58b686\" data-element_type=\"container\">\n\t\t\t\t\t<div class=\"e-con-inner\">\n\t\t\t\t<div class=\"elementor-element elementor-element-d2064af elementor-widget elementor-widget-menu-anchor\" data-id=\"d2064af\" data-element_type=\"widget\" data-widget_type=\"menu-anchor.default\">\n\t\t\t\t<div class=\"elementor-widget-container\">\n\t\t\t\t\t\t\t<div class=\"elementor-menu-anchor\" id=\"Autres\"><\/div>\n\t\t\t\t\t\t<\/div>\n\t\t\t\t<\/div>\n\t\t\t\t<div class=\"elementor-element elementor-element-6037e4e elementor-widget elementor-widget-wysiwyg_oktane\" data-id=\"6037e4e\" data-element_type=\"widget\" data-widget_type=\"wysiwyg_oktane.default\">\n\t\t\t\t<div class=\"elementor-widget-container\">\n\t\t\t\t\t\t\t<div class=\"wysiwyg\"\n        >\n            <div class=\"page-section page-section__wrapper\">\n                <div class=\"wysiwyg__wrapper\">\n                    <div class=\"wysiwyg__content wp-content\">\n                        <h2>Other Healthcare Professionals\u00a0<\/h2>                    <\/div>\n                <\/div>\n            <\/div>\n\t\t<\/div>\n\t\t\t\t\t\t<\/div>\n\t\t\t\t<\/div>\n\t\t\t\t<div class=\"elementor-element elementor-element-06cbed9 elementor-widget elementor-widget-wysiwyg_oktane\" data-id=\"06cbed9\" data-element_type=\"widget\" data-widget_type=\"wysiwyg_oktane.default\">\n\t\t\t\t<div class=\"elementor-widget-container\">\n\t\t\t\t\t\t\t<div class=\"wysiwyg\"\n        >\n            <div class=\"page-section page-section__wrapper\">\n                <div class=\"wysiwyg__wrapper\">\n                    <div class=\"wysiwyg__content wp-content\">\n                        <p><a href=\"https:\/\/www.lapresse.ca\/actualites\/sante\/2024-12-14\/hopital-maisonneuve-rosemont-a-montreal\/recrudescence-des-heures-supplementaires-obligatoires.php\" target=\"_blank\" rel=\"noopener\"><strong> H\u00f4pital Maisonneuve-Rosemont \u00e0 Montr\u00e9al\u00a0: Recrudescence des heures suppl\u00e9mentaires obligatoires<\/strong><\/a><br \/>La Presse<br \/>\u00a0<br \/><a href=\"https:\/\/ici.radio-canada.ca\/nouvelle\/2126822\/pediatres-femmes-fmsq-injonction\" target=\"_blank\" rel=\"noopener\"><strong>Les p\u00e9diatres d\u00e9posent une injonction contre la FMSQ pour iniquit\u00e9 salariale<\/strong><\/a><br \/>Radio-Canada<br \/>\u00a0<br \/><a href=\"https:\/\/www.lapresse.ca\/contexte\/2024-12-15\/un-cafe-avec-le-psychiatre-gilles-chamberland\/dans-notre-monde-etre-perfectionniste-ca-n-a-pas-de-bon-sens.php\" target=\"_blank\" rel=\"noopener\"><strong>\u2018Dans notre monde, \u00eatre perfectionniste, \u00e7a n\u2019a pas de bon sens\u2019<\/strong><\/a><br \/>La Presse<br \/>\u00a0<br \/><a href=\"https:\/\/www.journaldemontreal.com\/2024\/12\/14\/infirmier-urgentologue-et-bedeistes\" target=\"_blank\" rel=\"noopener\"><strong>Infirmier, urgentologue et... b\u00e9d\u00e9istes<\/strong><\/a><br \/>Journal de Montr\u00e9al\u00a0<\/p>                    <\/div>\n                <\/div>\n            <\/div>\n\t\t<\/div>\n\t\t\t\t\t\t<\/div>\n\t\t\t\t<\/div>\n\t\t\t\t\t<\/div>\n\t\t\t\t<\/div>\n\t\t<div data-particle_enable=\"false\" data-particle-mobile-disabled=\"false\" class=\"elementor-element elementor-element-8b2a2bc e-flex e-con-boxed e-con e-parent\" data-id=\"8b2a2bc\" data-element_type=\"container\">\n\t\t\t\t\t<div class=\"e-con-inner\">\n\t\t\t\t<div class=\"elementor-element elementor-element-24d7d12 elementor-widget elementor-widget-menu-anchor\" data-id=\"24d7d12\" data-element_type=\"widget\" data-widget_type=\"menu-anchor.default\">\n\t\t\t\t<div class=\"elementor-widget-container\">\n\t\t\t\t\t\t\t<div class=\"elementor-menu-anchor\" id=\"Patients\"><\/div>\n\t\t\t\t\t\t<\/div>\n\t\t\t\t<\/div>\n\t\t\t\t<div class=\"elementor-element elementor-element-1ac366d elementor-widget elementor-widget-wysiwyg_oktane\" data-id=\"1ac366d\" data-element_type=\"widget\" data-widget_type=\"wysiwyg_oktane.default\">\n\t\t\t\t<div class=\"elementor-widget-container\">\n\t\t\t\t\t\t\t<div class=\"wysiwyg\"\n        >\n            <div class=\"page-section page-section__wrapper\">\n                <div class=\"wysiwyg__wrapper\">\n                    <div class=\"wysiwyg__content wp-content\">\n                        <h2>Patients and Personal Health<\/h2>                    <\/div>\n                <\/div>\n            <\/div>\n\t\t<\/div>\n\t\t\t\t\t\t<\/div>\n\t\t\t\t<\/div>\n\t\t\t\t<div class=\"elementor-element elementor-element-5c79065 elementor-widget elementor-widget-wysiwyg_oktane\" data-id=\"5c79065\" data-element_type=\"widget\" data-widget_type=\"wysiwyg_oktane.default\">\n\t\t\t\t<div class=\"elementor-widget-container\">\n\t\t\t\t\t\t\t<div class=\"wysiwyg\"\n        >\n            <div class=\"page-section page-section__wrapper\">\n                <div class=\"wysiwyg__wrapper\">\n                    <div class=\"wysiwyg__content wp-content\">\n                        <p><a href=\"https:\/\/www.ledevoir.com\/opinion\/editoriaux\/826117\/editorial-tel-jeunes-tire-sonnette-alarme\" target=\"_blank\" rel=\"noopener\"><strong> Tel-jeunes tire la sonnette d\u2019alarme<\/strong><\/a><br \/>Le Devoir<br \/>\u00a0<br \/><a href=\"https:\/\/ici.radio-canada.ca\/nouvelle\/2127015\/ukrainiens-guerre-ramq-refugies-ministre-dube\" target=\"_blank\" rel=\"noopener\"><strong>Qu\u00e9bec prolonge jusqu\u2019en 2028 la couverture des r\u00e9fugi\u00e9s ukrainiens par la RAMQ <\/strong><\/a><br \/>Radio-Canada<\/p>                    <\/div>\n                <\/div>\n            <\/div>\n\t\t<\/div>\n\t\t\t\t\t\t<\/div>\n\t\t\t\t<\/div>\n\t\t\t\t\t<\/div>\n\t\t\t\t<\/div>\n\t\t<div data-particle_enable=\"false\" data-particle-mobile-disabled=\"false\" class=\"elementor-element elementor-element-a95f006 e-flex e-con-boxed e-con e-parent\" data-id=\"a95f006\" data-element_type=\"container\">\n\t\t\t\t\t<div class=\"e-con-inner\">\n\t\t\t\t<div class=\"elementor-element elementor-element-0bb616a elementor-widget elementor-widget-menu-anchor\" data-id=\"0bb616a\" data-element_type=\"widget\" data-widget_type=\"menu-anchor.default\">\n\t\t\t\t<div class=\"elementor-widget-container\">\n\t\t\t\t\t\t\t<div class=\"elementor-menu-anchor\" id=\"ailleurs\"><\/div>\n\t\t\t\t\t\t<\/div>\n\t\t\t\t<\/div>\n\t\t\t\t<div class=\"elementor-element elementor-element-30d21b2 elementor-widget elementor-widget-wysiwyg_oktane\" data-id=\"30d21b2\" data-element_type=\"widget\" data-widget_type=\"wysiwyg_oktane.default\">\n\t\t\t\t<div class=\"elementor-widget-container\">\n\t\t\t\t\t\t\t<div class=\"wysiwyg\"\n        >\n            <div class=\"page-section page-section__wrapper\">\n                <div class=\"wysiwyg__wrapper\">\n                    <div class=\"wysiwyg__content wp-content\">\n                        <h2>Elsewhere in Qu\u00e9bec<\/h2>                    <\/div>\n                <\/div>\n            <\/div>\n\t\t<\/div>\n\t\t\t\t\t\t<\/div>\n\t\t\t\t<\/div>\n\t\t\t\t<div class=\"elementor-element elementor-element-531488d elementor-widget elementor-widget-wysiwyg_oktane\" data-id=\"531488d\" data-element_type=\"widget\" data-widget_type=\"wysiwyg_oktane.default\">\n\t\t\t\t<div class=\"elementor-widget-container\">\n\t\t\t\t\t\t\t<div class=\"wysiwyg\"\n        >\n            <div class=\"page-section page-section__wrapper\">\n                <div class=\"wysiwyg__wrapper\">\n                    <div class=\"wysiwyg__content wp-content\">\n                        <p><a href=\"https:\/\/ici.radio-canada.ca\/nouvelle\/2126303\/medecine-domicile-ambulancier-bas-saintlaurent\" target=\"_blank\" rel=\"noopener\"><strong> \u2018R\u00e9confortant, rassurant\u2019 : des param\u00e9dicaux assurent des suivis chez des patients <\/strong><\/a><br \/>Radio-Canada<\/p>                    <\/div>\n                <\/div>\n            <\/div>\n\t\t<\/div>\n\t\t\t\t\t\t<\/div>\n\t\t\t\t<\/div>\n\t\t\t\t\t<\/div>\n\t\t\t\t<\/div>\n\t\t<div data-particle_enable=\"false\" data-particle-mobile-disabled=\"false\" class=\"elementor-element elementor-element-2392efd e-flex e-con-boxed e-con e-parent\" data-id=\"2392efd\" data-element_type=\"container\">\n\t\t\t\t\t<div class=\"e-con-inner\">\n\t\t\t\t<div class=\"elementor-element elementor-element-e007452 elementor-widget elementor-widget-menu-anchor\" data-id=\"e007452\" data-element_type=\"widget\" data-widget_type=\"menu-anchor.default\">\n\t\t\t\t<div class=\"elementor-widget-container\">\n\t\t\t\t\t\t\t<div class=\"elementor-menu-anchor\" id=\"Sante\"><\/div>\n\t\t\t\t\t\t<\/div>\n\t\t\t\t<\/div>\n\t\t\t\t<div class=\"elementor-element elementor-element-bb3a497 elementor-widget elementor-widget-wysiwyg_oktane\" data-id=\"bb3a497\" data-element_type=\"widget\" data-widget_type=\"wysiwyg_oktane.default\">\n\t\t\t\t<div class=\"elementor-widget-container\">\n\t\t\t\t\t\t\t<div class=\"wysiwyg\"\n        >\n            <div class=\"page-section page-section__wrapper\">\n                <div class=\"wysiwyg__wrapper\">\n                    <div class=\"wysiwyg__content wp-content\">\n                        <h2>Healthcare in Canada and Beyond<\/h2>                    <\/div>\n                <\/div>\n            <\/div>\n\t\t<\/div>\n\t\t\t\t\t\t<\/div>\n\t\t\t\t<\/div>\n\t\t\t\t<div class=\"elementor-element elementor-element-02a2085 elementor-widget elementor-widget-wysiwyg_oktane\" data-id=\"02a2085\" data-element_type=\"widget\" data-widget_type=\"wysiwyg_oktane.default\">\n\t\t\t\t<div class=\"elementor-widget-container\">\n\t\t\t\t\t\t\t<div class=\"wysiwyg\"\n        >\n            <div class=\"page-section page-section__wrapper\">\n                <div class=\"wysiwyg__wrapper\">\n                    <div class=\"wysiwyg__content wp-content\">\n                        <p><a href=\"https:\/\/ici.radio-canada.ca\/nouvelle\/2126691\/ontario-soins-domicile-engorgement-hopitaux\" target=\"_blank\" rel=\"noopener\"><strong> Et si les soins \u00e0 domicile \u00e9taient la solution \u00e0 la m\u00e9decine de couloir <\/strong><\/a><br \/>Radio-Canada<\/p>                    <\/div>\n                <\/div>\n            <\/div>\n\t\t<\/div>\n\t\t\t\t\t\t<\/div>\n\t\t\t\t<\/div>\n\t\t\t\t\t<\/div>\n\t\t\t\t<\/div>\n\t\t<div data-particle_enable=\"false\" data-particle-mobile-disabled=\"false\" class=\"elementor-element elementor-element-b7ecbbb e-flex e-con-boxed e-con e-parent\" data-id=\"b7ecbbb\" data-element_type=\"container\">\n\t\t\t\t\t<div class=\"e-con-inner\">\n\t\t\t\t<div class=\"elementor-element elementor-element-ba9461a elementor-widget elementor-widget-menu-anchor\" data-id=\"ba9461a\" data-element_type=\"widget\" data-widget_type=\"menu-anchor.default\">\n\t\t\t\t<div class=\"elementor-widget-container\">\n\t\t\t\t\t\t\t<div class=\"elementor-menu-anchor\" id=\"Ecouter\"><\/div>\n\t\t\t\t\t\t<\/div>\n\t\t\t\t<\/div>\n\t\t\t\t<div class=\"elementor-element elementor-element-23f28c3 elementor-widget elementor-widget-wysiwyg_oktane\" data-id=\"23f28c3\" data-element_type=\"widget\" data-widget_type=\"wysiwyg_oktane.default\">\n\t\t\t\t<div class=\"elementor-widget-container\">\n\t\t\t\t\t\t\t<div class=\"wysiwyg\"\n        >\n            <div class=\"page-section page-section__wrapper\">\n                <div class=\"wysiwyg__wrapper\">\n                    <div class=\"wysiwyg__content wp-content\">\n                        <h2>Listen<\/h2>                    <\/div>\n                <\/div>\n            <\/div>\n\t\t<\/div>\n\t\t\t\t\t\t<\/div>\n\t\t\t\t<\/div>\n\t\t\t\t<div class=\"elementor-element elementor-element-3409898 elementor-widget elementor-widget-wysiwyg_oktane\" data-id=\"3409898\" data-element_type=\"widget\" data-widget_type=\"wysiwyg_oktane.default\">\n\t\t\t\t<div class=\"elementor-widget-container\">\n\t\t\t\t\t\t\t<div class=\"wysiwyg\"\n        >\n            <div class=\"page-section page-section__wrapper\">\n                <div class=\"wysiwyg__wrapper\">\n                    <div class=\"wysiwyg__content wp-content\">\n                        <p><a href=\"https:\/\/www.fm93.com\/audio\/666734\/5-ans-obligatoires-au-public-pour-les-medecins-ca-va-aggraver-le-probleme\" target=\"_blank\" rel=\"noopener\"><strong> 5 ans obligatoires au public pour les m\u00e9decins : \u2018\u00c7a va aggraver le probl\u00e8me\u2019<\/strong><\/a><br \/>Entrevue avec Dr Pascal Renaud, pr\u00e9sident de l\u2019Association des m\u00e9decins omnipraticiens de Qu\u00e9bec (AMOQ)<br \/>Extrait de l\u2019\u00e9mission de radio \u2018Que l\u2019Outaouais se l\u00e8ve au 93 fm<br \/>\u00a0<br \/><a href=\"https:\/\/ici.radio-canada.ca\/ohdio\/premiere\/emissions\/dessine-moi-un-matin\/segments\/rattrapage\/1941412\/sante-avec-dr-francois-marquis-effet-fetes-sur-systeme-sante\" target=\"_blank\" rel=\"noopener\"><strong>L\u2019effet des f\u00eates sur le syst\u00e8me de sant\u00e9<\/strong><\/a><br \/>Entrevue avec Dr Fran\u00e7ois Marquis, chef de service des soins intensifs \u00e0 l'h\u00f4pital Maisonneuve-Rosemont<br \/>Extrait de l\u2019\u00e9mission de radio \u2018Dessine-moi un matin\u2019 sur Radio-Canada Premi\u00e8re<br \/>\u00a0<br \/><a href=\"https:\/\/ici.radio-canada.ca\/ohdio\/premiere\/emissions\/genre-humain\/segments\/rattrapage\/1940558\/est-ce-que-age-est-plus-qu-un-chiffredr-quoc-dinh-nguyen-geriatre\" target=\"_blank\" rel=\"noopener\"><strong>Est-ce que l\u2019\u00e2ge est plus qu\u2019un chiffre?<\/strong><\/a><br \/>Entrevue avec Dr Quoc Dinh Nguyen, g\u00e9riatre<br \/>Extrait de l\u2019\u00e9mission de radio \u2018Dessine-moi un matin\u2019 sur Radio-Canada Premi\u00e8re<br \/>\u00a0<br \/><a href=\"https:\/\/ici.radio-canada.ca\/ohdio\/premiere\/emissions\/les-annees-lumiere\/segments\/rattrapage\/1941683\/moduler-serotonine-et-dopamine-grace-a-lumiere\" target=\"_blank\" rel=\"noopener\"><strong>Mieux comprendre nos neurotransmetteurs avec l\u2019optog\u00e9n\u00e9tique<\/strong><\/a><br \/>Reportage d\u2019Alexandre Touchette, journaliste<br \/>Extrait de l\u2019\u00e9mission de radio \u2018Dessine-moi un matin\u2019 sur Radio-Canada Premi\u00e8re<br \/>\u00a0<br \/><a href=\"https:\/\/ici.radio-canada.ca\/ohdio\/premiere\/emissions\/les-annees-lumiere\/segments\/rattrapage\/1941684\/un-lien-entre-ablation-amygdales-et-sante-mentale\" target=\"_blank\" rel=\"noopener\"><strong>Un lien entre l\u2019ablation des amygdales et la sant\u00e9 mentale<\/strong><\/a><br \/>Entrevue avec Dr Mathieu Bergeron, co-chef du service d'oto-rhino-laryngologie au CHU\u00a0Sainte-Justine<br \/>Extrait de l\u2019\u00e9mission de radio \u2018Dessine-moi un matin\u2019 sur Radio-Canada Premi\u00e8re<\/p>                    <\/div>\n                <\/div>\n            <\/div>\n\t\t<\/div>\n\t\t\t\t\t\t<\/div>\n\t\t\t\t<\/div>\n\t\t\t\t\t<\/div>\n\t\t\t\t<\/div>\n\t\t<div data-particle_enable=\"false\" data-particle-mobile-disabled=\"false\" class=\"elementor-element elementor-element-5a40346 e-flex e-con-boxed e-con e-parent\" data-id=\"5a40346\" data-element_type=\"container\">\n\t\t\t\t\t<div class=\"e-con-inner\">\n\t\t\t\t<div class=\"elementor-element elementor-element-8dd831d elementor-widget elementor-widget-menu-anchor\" data-id=\"8dd831d\" data-element_type=\"widget\" data-widget_type=\"menu-anchor.default\">\n\t\t\t\t<div class=\"elementor-widget-container\">\n\t\t\t\t\t\t\t<div class=\"elementor-menu-anchor\" id=\"Caricature\"><\/div>\n\t\t\t\t\t\t<\/div>\n\t\t\t\t<\/div>\n\t\t\t\t<div class=\"elementor-element elementor-element-7c812cb elementor-widget elementor-widget-wysiwyg_oktane\" data-id=\"7c812cb\" data-element_type=\"widget\" data-widget_type=\"wysiwyg_oktane.default\">\n\t\t\t\t<div class=\"elementor-widget-container\">\n\t\t\t\t\t\t\t<div class=\"wysiwyg\"\n        >\n            <div class=\"page-section page-section__wrapper\">\n                <div class=\"wysiwyg__wrapper\">\n                    <div class=\"wysiwyg__content wp-content\">\n                        <h2>Caricatures and Social Media<\/h2>                    <\/div>\n                <\/div>\n            <\/div>\n\t\t<\/div>\n\t\t\t\t\t\t<\/div>\n\t\t\t\t<\/div>\n\t\t\t\t<div class=\"elementor-element elementor-element-41ddf76 gallery-spacing-custom elementor-widget elementor-widget-image-gallery\" data-id=\"41ddf76\" data-element_type=\"widget\" data-widget_type=\"image-gallery.default\">\n\t\t\t\t<div class=\"elementor-widget-container\">\n\t\t\t\t\t\t\t<div class=\"elementor-image-gallery\">\n\t\t\t<div id='gallery-1' class='gallery galleryid-2738338 gallery-columns-1 gallery-size-large'><figure class='gallery-item'>\n\t\t\t<div class='gallery-icon landscape'>\n\t\t\t\t<a data-elementor-open-lightbox=\"yes\" data-elementor-lightbox-slideshow=\"41ddf76\" data-elementor-lightbox-title=\"tweet-fortin-min\" data-e-action-hash=\"#elementor-action%3Aaction%3Dlightbox%26settings%3DeyJpZCI6MjczODMyNiwidXJsIjoiaHR0cHM6XC9cL3d3dy5hbW9tLm5ldFwvd3AtY29udGVudFwvdXBsb2Fkc1wvMjAyNFwvMTJcL3R3ZWV0LWZvcnRpbi1taW4ucG5nIiwic2xpZGVzaG93IjoiNDFkZGY3NiJ9\" href='https:\/\/www.amom.net\/wp-content\/uploads\/2024\/12\/tweet-fortin-min.png'><img fetchpriority=\"high\" width=\"1024\" height=\"1007\" src=\"https:\/\/www.amom.net\/wp-content\/uploads\/2024\/12\/tweet-fortin-min-1024x1007.png\" class=\"attachment-large size-large\" alt=\"\" decoding=\"async\" srcset=\"https:\/\/www.amom.net\/wp-content\/uploads\/2024\/12\/tweet-fortin-min-1024x1007.png 1024w, https:\/\/www.amom.net\/wp-content\/uploads\/2024\/12\/tweet-fortin-min-300x295.png 300w, https:\/\/www.amom.net\/wp-content\/uploads\/2024\/12\/tweet-fortin-min-768x755.png 768w, https:\/\/www.amom.net\/wp-content\/uploads\/2024\/12\/tweet-fortin-min-600x590.png 600w, https:\/\/www.amom.net\/wp-content\/uploads\/2024\/12\/tweet-fortin-min.png 1176w\" sizes=\"(max-width: 1024px) 100vw, 1024px\" \/><\/a>\n\t\t\t<\/div><\/figure><figure class='gallery-item'>\n\t\t\t<div class='gallery-icon landscape'>\n\t\t\t\t<a data-elementor-open-lightbox=\"yes\" data-elementor-lightbox-slideshow=\"41ddf76\" data-elementor-lightbox-title=\"tweet-dr-demers-1-min\" data-e-action-hash=\"#elementor-action%3Aaction%3Dlightbox%26settings%3DeyJpZCI6MjczODMyOCwidXJsIjoiaHR0cHM6XC9cL3d3dy5hbW9tLm5ldFwvd3AtY29udGVudFwvdXBsb2Fkc1wvMjAyNFwvMTJcL3R3ZWV0LWRyLWRlbWVycy0xLW1pbi5wbmciLCJzbGlkZXNob3ciOiI0MWRkZjc2In0%3D\" href='https:\/\/www.amom.net\/wp-content\/uploads\/2024\/12\/tweet-dr-demers-1-min.png'><img width=\"1024\" height=\"563\" src=\"https:\/\/www.amom.net\/wp-content\/uploads\/2024\/12\/tweet-dr-demers-1-min-1024x563.png\" class=\"attachment-large size-large\" alt=\"\" decoding=\"async\" srcset=\"https:\/\/www.amom.net\/wp-content\/uploads\/2024\/12\/tweet-dr-demers-1-min-1024x563.png 1024w, https:\/\/www.amom.net\/wp-content\/uploads\/2024\/12\/tweet-dr-demers-1-min-300x165.png 300w, https:\/\/www.amom.net\/wp-content\/uploads\/2024\/12\/tweet-dr-demers-1-min-768x422.png 768w, https:\/\/www.amom.net\/wp-content\/uploads\/2024\/12\/tweet-dr-demers-1-min-600x330.png 600w, https:\/\/www.amom.net\/wp-content\/uploads\/2024\/12\/tweet-dr-demers-1-min.png 1178w\" sizes=\"(max-width: 1024px) 100vw, 1024px\" \/><\/a>\n\t\t\t<\/div><\/figure><figure class='gallery-item'>\n\t\t\t<div class='gallery-icon landscape'>\n\t\t\t\t<a data-elementor-open-lightbox=\"yes\" data-elementor-lightbox-slideshow=\"41ddf76\" data-elementor-lightbox-title=\"tweet-dr-demers-2-min\" data-e-action-hash=\"#elementor-action%3Aaction%3Dlightbox%26settings%3DeyJpZCI6MjczODMzMCwidXJsIjoiaHR0cHM6XC9cL3d3dy5hbW9tLm5ldFwvd3AtY29udGVudFwvdXBsb2Fkc1wvMjAyNFwvMTJcL3R3ZWV0LWRyLWRlbWVycy0yLW1pbi5wbmciLCJzbGlkZXNob3ciOiI0MWRkZjc2In0%3D\" href='https:\/\/www.amom.net\/wp-content\/uploads\/2024\/12\/tweet-dr-demers-2-min.png'><img width=\"1024\" height=\"939\" src=\"https:\/\/www.amom.net\/wp-content\/uploads\/2024\/12\/tweet-dr-demers-2-min-1024x939.png\" class=\"attachment-large size-large\" alt=\"\" decoding=\"async\" srcset=\"https:\/\/www.amom.net\/wp-content\/uploads\/2024\/12\/tweet-dr-demers-2-min-1024x939.png 1024w, https:\/\/www.amom.net\/wp-content\/uploads\/2024\/12\/tweet-dr-demers-2-min-300x275.png 300w, https:\/\/www.amom.net\/wp-content\/uploads\/2024\/12\/tweet-dr-demers-2-min-768x704.png 768w, https:\/\/www.amom.net\/wp-content\/uploads\/2024\/12\/tweet-dr-demers-2-min-600x550.png 600w, https:\/\/www.amom.net\/wp-content\/uploads\/2024\/12\/tweet-dr-demers-2-min.png 1180w\" sizes=\"(max-width: 1024px) 100vw, 1024px\" \/><\/a>\n\t\t\t<\/div><\/figure><figure class='gallery-item'>\n\t\t\t<div class='gallery-icon landscape'>\n\t\t\t\t<a data-elementor-open-lightbox=\"yes\" data-elementor-lightbox-slideshow=\"41ddf76\" data-elementor-lightbox-title=\"tweet-dre-gratuite-1-min\" data-e-action-hash=\"#elementor-action%3Aaction%3Dlightbox%26settings%3DeyJpZCI6MjczODMzMiwidXJsIjoiaHR0cHM6XC9cL3d3dy5hbW9tLm5ldFwvd3AtY29udGVudFwvdXBsb2Fkc1wvMjAyNFwvMTJcL3R3ZWV0LWRyZS1ncmF0dWl0ZS0xLW1pbi0yLnBuZyIsInNsaWRlc2hvdyI6IjQxZGRmNzYifQ%3D%3D\" href='https:\/\/www.amom.net\/wp-content\/uploads\/2024\/12\/tweet-dre-gratuite-1-min-2.png'><img loading=\"lazy\" width=\"1024\" height=\"282\" src=\"https:\/\/www.amom.net\/wp-content\/uploads\/2024\/12\/tweet-dre-gratuite-1-min-2-1024x282.png\" class=\"attachment-large size-large\" alt=\"\" decoding=\"async\" srcset=\"https:\/\/www.amom.net\/wp-content\/uploads\/2024\/12\/tweet-dre-gratuite-1-min-2-1024x282.png 1024w, https:\/\/www.amom.net\/wp-content\/uploads\/2024\/12\/tweet-dre-gratuite-1-min-2-300x83.png 300w, https:\/\/www.amom.net\/wp-content\/uploads\/2024\/12\/tweet-dre-gratuite-1-min-2-768x211.png 768w, https:\/\/www.amom.net\/wp-content\/uploads\/2024\/12\/tweet-dre-gratuite-1-min-2-600x165.png 600w, https:\/\/www.amom.net\/wp-content\/uploads\/2024\/12\/tweet-dre-gratuite-1-min-2.png 1178w\" sizes=\"(max-width: 1024px) 100vw, 1024px\" \/><\/a>\n\t\t\t<\/div><\/figure><figure class='gallery-item'>\n\t\t\t<div class='gallery-icon landscape'>\n\t\t\t\t<a data-elementor-open-lightbox=\"yes\" data-elementor-lightbox-slideshow=\"41ddf76\" data-elementor-lightbox-title=\"tweet-dre-gratuite-2-min\" data-e-action-hash=\"#elementor-action%3Aaction%3Dlightbox%26settings%3DeyJpZCI6MjczODMzNCwidXJsIjoiaHR0cHM6XC9cL3d3dy5hbW9tLm5ldFwvd3AtY29udGVudFwvdXBsb2Fkc1wvMjAyNFwvMTJcL3R3ZWV0LWRyZS1ncmF0dWl0ZS0yLW1pbi0yLnBuZyIsInNsaWRlc2hvdyI6IjQxZGRmNzYifQ%3D%3D\" href='https:\/\/www.amom.net\/wp-content\/uploads\/2024\/12\/tweet-dre-gratuite-2-min-2.png'><img loading=\"lazy\" width=\"1024\" height=\"429\" src=\"https:\/\/www.amom.net\/wp-content\/uploads\/2024\/12\/tweet-dre-gratuite-2-min-2-1024x429.png\" class=\"attachment-large size-large\" alt=\"\" decoding=\"async\" srcset=\"https:\/\/www.amom.net\/wp-content\/uploads\/2024\/12\/tweet-dre-gratuite-2-min-2-1024x429.png 1024w, https:\/\/www.amom.net\/wp-content\/uploads\/2024\/12\/tweet-dre-gratuite-2-min-2-300x126.png 300w, https:\/\/www.amom.net\/wp-content\/uploads\/2024\/12\/tweet-dre-gratuite-2-min-2-768x322.png 768w, https:\/\/www.amom.net\/wp-content\/uploads\/2024\/12\/tweet-dre-gratuite-2-min-2-600x251.png 600w, https:\/\/www.amom.net\/wp-content\/uploads\/2024\/12\/tweet-dre-gratuite-2-min-2.png 1180w\" sizes=\"(max-width: 1024px) 100vw, 1024px\" \/><\/a>\n\t\t\t<\/div><\/figure>\n\t\t<\/div>\n\t\t<\/div>\n\t\t\t\t\t\t<\/div>\n\t\t\t\t<\/div>\n\t\t\t\t\t<\/div>\n\t\t\t\t<\/div>\n\t\t\t\t<\/div>\n\t\t","protected":false},"excerpt":{"rendered":"<p>Table of Contents Headlines Healthcare Policy and Network Management Studies, Discoveries and Medications Other Healthcare Professionals Patients and Personal Health Elsewhere in Qu\u00e9bec Healthcare in Canada and Beyond Listen Caricatures and Social Media Headlines Groupe ELNA M\u00e9dical\u00a0: En difficult\u00e9, le r\u00e9seau de cliniques commence \u00e0 licencier La Presse Aging population driving ER crisis in Quebec [&hellip;]<\/p>\n","protected":false},"author":252,"featured_media":0,"comment_status":"open","ping_status":"open","sticky":false,"template":"","format":"standard","meta":{"_acf_changed":false,"footnotes":""},"categories":[103],"tags":[],"class_list":["post-2738338","post","type-post","status-publish","format-standard","hentry","category-press-reviews"],"acf":[],"yoast_head":"<!-- This site is optimized with the Yoast SEO plugin v26.8 - https:\/\/yoast.com\/product\/yoast-seo-wordpress\/ -->\n<title>ELNA M\u00e9dical Group: In difficulty, the network of clinics begins to lay off staff - Association des m\u00e9decins omnipraticiens de Montr\u00e9al<\/title>\n<meta name=\"robots\" content=\"index, follow, max-snippet:-1, max-image-preview:large, max-video-preview:-1\" \/>\n<link rel=\"canonical\" href=\"https:\/\/www.amom.net\/en\/elna-medical-group-in-difficulty-the-network-of-clinics-begins-to-lay-off-staff\/\" \/>\n<meta property=\"og:locale\" content=\"en_US\" \/>\n<meta property=\"og:type\" content=\"article\" \/>\n<meta property=\"og:title\" content=\"ELNA M\u00e9dical Group: In difficulty, the network of clinics begins to lay off staff - Association des m\u00e9decins omnipraticiens de Montr\u00e9al\" \/>\n<meta property=\"og:description\" content=\"Table of Contents Headlines Healthcare Policy and Network Management Studies, Discoveries and Medications Other Healthcare Professionals Patients and Personal Health Elsewhere in Qu\u00e9bec Healthcare in Canada and Beyond Listen Caricatures and Social Media Headlines Groupe ELNA M\u00e9dical\u00a0: En difficult\u00e9, le r\u00e9seau de cliniques commence \u00e0 licencier La Presse Aging population driving ER crisis in Quebec [&hellip;]\" \/>\n<meta property=\"og:url\" content=\"https:\/\/www.amom.net\/en\/elna-medical-group-in-difficulty-the-network-of-clinics-begins-to-lay-off-staff\/\" \/>\n<meta property=\"og:site_name\" content=\"Association des m\u00e9decins omnipraticiens de Montr\u00e9al\" \/>\n<meta property=\"article:publisher\" content=\"https:\/\/www.facebook.com\/profile.php?id=100064821276218\" \/>\n<meta property=\"article:published_time\" content=\"2024-12-16T17:54:29+00:00\" \/>\n<meta property=\"article:modified_time\" content=\"2024-12-16T18:06:29+00:00\" \/>\n<meta property=\"og:image\" content=\"https:\/\/www.amom.net\/wp-content\/uploads\/2024\/12\/tweet-fortin-min-1024x1007.png\" \/>\n<meta name=\"author\" content=\"Catherine Vachon, responsable des communications\" \/>\n<meta name=\"twitter:card\" content=\"summary_large_image\" \/>\n<meta name=\"twitter:label1\" content=\"Written by\" \/>\n\t<meta name=\"twitter:data1\" content=\"Catherine Vachon, responsable des communications\" \/>\n\t<meta name=\"twitter:label2\" content=\"Est. reading time\" \/>\n\t<meta name=\"twitter:data2\" content=\"4 minutes\" \/>\n<script type=\"application\/ld+json\" class=\"yoast-schema-graph\">{\"@context\":\"https:\/\/schema.org\",\"@graph\":[{\"@type\":\"Article\",\"@id\":\"https:\/\/www.amom.net\/en\/elna-medical-group-in-difficulty-the-network-of-clinics-begins-to-lay-off-staff\/#article\",\"isPartOf\":{\"@id\":\"https:\/\/www.amom.net\/en\/elna-medical-group-in-difficulty-the-network-of-clinics-begins-to-lay-off-staff\/\"},\"author\":{\"name\":\"Catherine Vachon, responsable des communications\",\"@id\":\"https:\/\/www.amom.net\/#\/schema\/person\/bdf6b293e92f24f62c11388c92549978\"},\"headline\":\"ELNA M\u00e9dical Group: In difficulty, the network of clinics begins to lay off staff\",\"datePublished\":\"2024-12-16T17:54:29+00:00\",\"dateModified\":\"2024-12-16T18:06:29+00:00\",\"mainEntityOfPage\":{\"@id\":\"https:\/\/www.amom.net\/en\/elna-medical-group-in-difficulty-the-network-of-clinics-begins-to-lay-off-staff\/\"},\"wordCount\":527,\"commentCount\":0,\"publisher\":{\"@id\":\"https:\/\/www.amom.net\/#organization\"},\"image\":{\"@id\":\"https:\/\/www.amom.net\/en\/elna-medical-group-in-difficulty-the-network-of-clinics-begins-to-lay-off-staff\/#primaryimage\"},\"thumbnailUrl\":\"https:\/\/www.amom.net\/wp-content\/uploads\/2024\/12\/tweet-fortin-min-1024x1007.png\",\"articleSection\":[\"Press\u00a0Reviews\"],\"inLanguage\":\"en-US\",\"potentialAction\":[{\"@type\":\"CommentAction\",\"name\":\"Comment\",\"target\":[\"https:\/\/www.amom.net\/en\/elna-medical-group-in-difficulty-the-network-of-clinics-begins-to-lay-off-staff\/#respond\"]}]},{\"@type\":\"WebPage\",\"@id\":\"https:\/\/www.amom.net\/en\/elna-medical-group-in-difficulty-the-network-of-clinics-begins-to-lay-off-staff\/\",\"url\":\"https:\/\/www.amom.net\/en\/elna-medical-group-in-difficulty-the-network-of-clinics-begins-to-lay-off-staff\/\",\"name\":\"ELNA M\u00e9dical Group: In difficulty, the network of clinics begins to lay off staff - Association des m\u00e9decins omnipraticiens de Montr\u00e9al\",\"isPartOf\":{\"@id\":\"https:\/\/www.amom.net\/#website\"},\"primaryImageOfPage\":{\"@id\":\"https:\/\/www.amom.net\/en\/elna-medical-group-in-difficulty-the-network-of-clinics-begins-to-lay-off-staff\/#primaryimage\"},\"image\":{\"@id\":\"https:\/\/www.amom.net\/en\/elna-medical-group-in-difficulty-the-network-of-clinics-begins-to-lay-off-staff\/#primaryimage\"},\"thumbnailUrl\":\"https:\/\/www.amom.net\/wp-content\/uploads\/2024\/12\/tweet-fortin-min-1024x1007.png\",\"datePublished\":\"2024-12-16T17:54:29+00:00\",\"dateModified\":\"2024-12-16T18:06:29+00:00\",\"breadcrumb\":{\"@id\":\"https:\/\/www.amom.net\/en\/elna-medical-group-in-difficulty-the-network-of-clinics-begins-to-lay-off-staff\/#breadcrumb\"},\"inLanguage\":\"en-US\",\"potentialAction\":[{\"@type\":\"ReadAction\",\"target\":[\"https:\/\/www.amom.net\/en\/elna-medical-group-in-difficulty-the-network-of-clinics-begins-to-lay-off-staff\/\"]}]},{\"@type\":\"ImageObject\",\"inLanguage\":\"en-US\",\"@id\":\"https:\/\/www.amom.net\/en\/elna-medical-group-in-difficulty-the-network-of-clinics-begins-to-lay-off-staff\/#primaryimage\",\"url\":\"https:\/\/www.amom.net\/wp-content\/uploads\/2024\/12\/tweet-fortin-min-1024x1007.png\",\"contentUrl\":\"https:\/\/www.amom.net\/wp-content\/uploads\/2024\/12\/tweet-fortin-min-1024x1007.png\"},{\"@type\":\"BreadcrumbList\",\"@id\":\"https:\/\/www.amom.net\/en\/elna-medical-group-in-difficulty-the-network-of-clinics-begins-to-lay-off-staff\/#breadcrumb\",\"itemListElement\":[{\"@type\":\"ListItem\",\"position\":1,\"name\":\"Accueil\",\"item\":\"https:\/\/www.amom.net\/\"},{\"@type\":\"ListItem\",\"position\":2,\"name\":\"ELNA M\u00e9dical Group: In difficulty, the network of clinics begins to lay off staff\"}]},{\"@type\":\"WebSite\",\"@id\":\"https:\/\/www.amom.net\/#website\",\"url\":\"https:\/\/www.amom.net\/\",\"name\":\"Association des m\u00e9decins omnipraticiens de Montr\u00e9al\",\"description\":\"\",\"publisher\":{\"@id\":\"https:\/\/www.amom.net\/#organization\"},\"potentialAction\":[{\"@type\":\"SearchAction\",\"target\":{\"@type\":\"EntryPoint\",\"urlTemplate\":\"https:\/\/www.amom.net\/?s={search_term_string}\"},\"query-input\":{\"@type\":\"PropertyValueSpecification\",\"valueRequired\":true,\"valueName\":\"search_term_string\"}}],\"inLanguage\":\"en-US\"},{\"@type\":\"Organization\",\"@id\":\"https:\/\/www.amom.net\/#organization\",\"name\":\"Association des m\u00e9decins omnipraticiens de Montr\u00e9al\",\"url\":\"https:\/\/www.amom.net\/\",\"logo\":{\"@type\":\"ImageObject\",\"inLanguage\":\"en-US\",\"@id\":\"https:\/\/www.amom.net\/#\/schema\/logo\/image\/\",\"url\":\"https:\/\/www.amom.net\/wp-content\/uploads\/2023\/09\/logo-amom-1.svg\",\"contentUrl\":\"https:\/\/www.amom.net\/wp-content\/uploads\/2023\/09\/logo-amom-1.svg\",\"width\":281,\"height\":129,\"caption\":\"Association des m\u00e9decins omnipraticiens de Montr\u00e9al\"},\"image\":{\"@id\":\"https:\/\/www.amom.net\/#\/schema\/logo\/image\/\"},\"sameAs\":[\"https:\/\/www.facebook.com\/profile.php?id=100064821276218\"]},{\"@type\":\"Person\",\"@id\":\"https:\/\/www.amom.net\/#\/schema\/person\/bdf6b293e92f24f62c11388c92549978\",\"name\":\"Catherine Vachon, responsable des communications\",\"image\":{\"@type\":\"ImageObject\",\"inLanguage\":\"en-US\",\"@id\":\"https:\/\/www.amom.net\/#\/schema\/person\/image\/\",\"url\":\"https:\/\/secure.gravatar.com\/avatar\/875f8cc9ba46e8298385f0b18b815b56a1ef0cdde318a62dd90e2b5b83f44a30?s=96&d=mm&r=g\",\"contentUrl\":\"https:\/\/secure.gravatar.com\/avatar\/875f8cc9ba46e8298385f0b18b815b56a1ef0cdde318a62dd90e2b5b83f44a30?s=96&d=mm&r=g\",\"caption\":\"Catherine Vachon, responsable des communications\"},\"url\":\"https:\/\/www.amom.net\/en\/author\/cvachon\/\"}]}<\/script>\n<!-- \/ Yoast SEO plugin. -->","yoast_head_json":{"title":"ELNA M\u00e9dical Group: In difficulty, the network of clinics begins to lay off staff - Association des m\u00e9decins omnipraticiens de Montr\u00e9al","robots":{"index":"index","follow":"follow","max-snippet":"max-snippet:-1","max-image-preview":"max-image-preview:large","max-video-preview":"max-video-preview:-1"},"canonical":"https:\/\/www.amom.net\/en\/elna-medical-group-in-difficulty-the-network-of-clinics-begins-to-lay-off-staff\/","og_locale":"en_US","og_type":"article","og_title":"ELNA M\u00e9dical Group: In difficulty, the network of clinics begins to lay off staff - Association des m\u00e9decins omnipraticiens de Montr\u00e9al","og_description":"Table of Contents Headlines Healthcare Policy and Network Management Studies, Discoveries and Medications Other Healthcare Professionals Patients and Personal Health Elsewhere in Qu\u00e9bec Healthcare in Canada and Beyond Listen Caricatures and Social Media Headlines Groupe ELNA M\u00e9dical\u00a0: En difficult\u00e9, le r\u00e9seau de cliniques commence \u00e0 licencier La Presse Aging population driving ER crisis in Quebec [&hellip;]","og_url":"https:\/\/www.amom.net\/en\/elna-medical-group-in-difficulty-the-network-of-clinics-begins-to-lay-off-staff\/","og_site_name":"Association des m\u00e9decins omnipraticiens de Montr\u00e9al","article_publisher":"https:\/\/www.facebook.com\/profile.php?id=100064821276218","article_published_time":"2024-12-16T17:54:29+00:00","article_modified_time":"2024-12-16T18:06:29+00:00","og_image":[{"url":"https:\/\/www.amom.net\/wp-content\/uploads\/2024\/12\/tweet-fortin-min-1024x1007.png","type":"","width":"","height":""}],"author":"Catherine Vachon, responsable des communications","twitter_card":"summary_large_image","twitter_misc":{"Written by":"Catherine Vachon, responsable des communications","Est. reading time":"4 minutes"},"schema":{"@context":"https:\/\/schema.org","@graph":[{"@type":"Article","@id":"https:\/\/www.amom.net\/en\/elna-medical-group-in-difficulty-the-network-of-clinics-begins-to-lay-off-staff\/#article","isPartOf":{"@id":"https:\/\/www.amom.net\/en\/elna-medical-group-in-difficulty-the-network-of-clinics-begins-to-lay-off-staff\/"},"author":{"name":"Catherine Vachon, responsable des communications","@id":"https:\/\/www.amom.net\/#\/schema\/person\/bdf6b293e92f24f62c11388c92549978"},"headline":"ELNA M\u00e9dical Group: In difficulty, the network of clinics begins to lay off staff","datePublished":"2024-12-16T17:54:29+00:00","dateModified":"2024-12-16T18:06:29+00:00","mainEntityOfPage":{"@id":"https:\/\/www.amom.net\/en\/elna-medical-group-in-difficulty-the-network-of-clinics-begins-to-lay-off-staff\/"},"wordCount":527,"commentCount":0,"publisher":{"@id":"https:\/\/www.amom.net\/#organization"},"image":{"@id":"https:\/\/www.amom.net\/en\/elna-medical-group-in-difficulty-the-network-of-clinics-begins-to-lay-off-staff\/#primaryimage"},"thumbnailUrl":"https:\/\/www.amom.net\/wp-content\/uploads\/2024\/12\/tweet-fortin-min-1024x1007.png","articleSection":["Press\u00a0Reviews"],"inLanguage":"en-US","potentialAction":[{"@type":"CommentAction","name":"Comment","target":["https:\/\/www.amom.net\/en\/elna-medical-group-in-difficulty-the-network-of-clinics-begins-to-lay-off-staff\/#respond"]}]},{"@type":"WebPage","@id":"https:\/\/www.amom.net\/en\/elna-medical-group-in-difficulty-the-network-of-clinics-begins-to-lay-off-staff\/","url":"https:\/\/www.amom.net\/en\/elna-medical-group-in-difficulty-the-network-of-clinics-begins-to-lay-off-staff\/","name":"ELNA M\u00e9dical Group: In difficulty, the network of clinics begins to lay off staff - Association des m\u00e9decins omnipraticiens de Montr\u00e9al","isPartOf":{"@id":"https:\/\/www.amom.net\/#website"},"primaryImageOfPage":{"@id":"https:\/\/www.amom.net\/en\/elna-medical-group-in-difficulty-the-network-of-clinics-begins-to-lay-off-staff\/#primaryimage"},"image":{"@id":"https:\/\/www.amom.net\/en\/elna-medical-group-in-difficulty-the-network-of-clinics-begins-to-lay-off-staff\/#primaryimage"},"thumbnailUrl":"https:\/\/www.amom.net\/wp-content\/uploads\/2024\/12\/tweet-fortin-min-1024x1007.png","datePublished":"2024-12-16T17:54:29+00:00","dateModified":"2024-12-16T18:06:29+00:00","breadcrumb":{"@id":"https:\/\/www.amom.net\/en\/elna-medical-group-in-difficulty-the-network-of-clinics-begins-to-lay-off-staff\/#breadcrumb"},"inLanguage":"en-US","potentialAction":[{"@type":"ReadAction","target":["https:\/\/www.amom.net\/en\/elna-medical-group-in-difficulty-the-network-of-clinics-begins-to-lay-off-staff\/"]}]},{"@type":"ImageObject","inLanguage":"en-US","@id":"https:\/\/www.amom.net\/en\/elna-medical-group-in-difficulty-the-network-of-clinics-begins-to-lay-off-staff\/#primaryimage","url":"https:\/\/www.amom.net\/wp-content\/uploads\/2024\/12\/tweet-fortin-min-1024x1007.png","contentUrl":"https:\/\/www.amom.net\/wp-content\/uploads\/2024\/12\/tweet-fortin-min-1024x1007.png"},{"@type":"BreadcrumbList","@id":"https:\/\/www.amom.net\/en\/elna-medical-group-in-difficulty-the-network-of-clinics-begins-to-lay-off-staff\/#breadcrumb","itemListElement":[{"@type":"ListItem","position":1,"name":"Accueil","item":"https:\/\/www.amom.net\/"},{"@type":"ListItem","position":2,"name":"ELNA M\u00e9dical Group: In difficulty, the network of clinics begins to lay off staff"}]},{"@type":"WebSite","@id":"https:\/\/www.amom.net\/#website","url":"https:\/\/www.amom.net\/","name":"Association des m\u00e9decins omnipraticiens de Montr\u00e9al","description":"","publisher":{"@id":"https:\/\/www.amom.net\/#organization"},"potentialAction":[{"@type":"SearchAction","target":{"@type":"EntryPoint","urlTemplate":"https:\/\/www.amom.net\/?s={search_term_string}"},"query-input":{"@type":"PropertyValueSpecification","valueRequired":true,"valueName":"search_term_string"}}],"inLanguage":"en-US"},{"@type":"Organization","@id":"https:\/\/www.amom.net\/#organization","name":"Association des m\u00e9decins omnipraticiens de Montr\u00e9al","url":"https:\/\/www.amom.net\/","logo":{"@type":"ImageObject","inLanguage":"en-US","@id":"https:\/\/www.amom.net\/#\/schema\/logo\/image\/","url":"https:\/\/www.amom.net\/wp-content\/uploads\/2023\/09\/logo-amom-1.svg","contentUrl":"https:\/\/www.amom.net\/wp-content\/uploads\/2023\/09\/logo-amom-1.svg","width":281,"height":129,"caption":"Association des m\u00e9decins omnipraticiens de Montr\u00e9al"},"image":{"@id":"https:\/\/www.amom.net\/#\/schema\/logo\/image\/"},"sameAs":["https:\/\/www.facebook.com\/profile.php?id=100064821276218"]},{"@type":"Person","@id":"https:\/\/www.amom.net\/#\/schema\/person\/bdf6b293e92f24f62c11388c92549978","name":"Catherine Vachon, responsable des communications","image":{"@type":"ImageObject","inLanguage":"en-US","@id":"https:\/\/www.amom.net\/#\/schema\/person\/image\/","url":"https:\/\/secure.gravatar.com\/avatar\/875f8cc9ba46e8298385f0b18b815b56a1ef0cdde318a62dd90e2b5b83f44a30?s=96&d=mm&r=g","contentUrl":"https:\/\/secure.gravatar.com\/avatar\/875f8cc9ba46e8298385f0b18b815b56a1ef0cdde318a62dd90e2b5b83f44a30?s=96&d=mm&r=g","caption":"Catherine Vachon, responsable des communications"},"url":"https:\/\/www.amom.net\/en\/author\/cvachon\/"}]}},"_links":{"self":[{"href":"https:\/\/www.amom.net\/en\/wp-json\/wp\/v2\/posts\/2738338","targetHints":{"allow":["GET"]}}],"collection":[{"href":"https:\/\/www.amom.net\/en\/wp-json\/wp\/v2\/posts"}],"about":[{"href":"https:\/\/www.amom.net\/en\/wp-json\/wp\/v2\/types\/post"}],"author":[{"embeddable":true,"href":"https:\/\/www.amom.net\/en\/wp-json\/wp\/v2\/users\/252"}],"replies":[{"embeddable":true,"href":"https:\/\/www.amom.net\/en\/wp-json\/wp\/v2\/comments?post=2738338"}],"version-history":[{"count":5,"href":"https:\/\/www.amom.net\/en\/wp-json\/wp\/v2\/posts\/2738338\/revisions"}],"predecessor-version":[{"id":2738343,"href":"https:\/\/www.amom.net\/en\/wp-json\/wp\/v2\/posts\/2738338\/revisions\/2738343"}],"wp:attachment":[{"href":"https:\/\/www.amom.net\/en\/wp-json\/wp\/v2\/media?parent=2738338"}],"wp:term":[{"taxonomy":"category","embeddable":true,"href":"https:\/\/www.amom.net\/en\/wp-json\/wp\/v2\/categories?post=2738338"},{"taxonomy":"post_tag","embeddable":true,"href":"https:\/\/www.amom.net\/en\/wp-json\/wp\/v2\/tags?post=2738338"}],"curies":[{"name":"wp","href":"https:\/\/api.w.org\/{rel}","templated":true}]}}