{"id":2738367,"date":"2024-12-18T11:31:21","date_gmt":"2024-12-18T16:31:21","guid":{"rendered":"https:\/\/www.amom.net\/?p=2738367"},"modified":"2024-12-18T12:07:48","modified_gmt":"2024-12-18T17:07:48","slug":"start-of-2025-resident-doctors-ready-to-strike-if-necessary","status":"publish","type":"post","link":"https:\/\/www.amom.net\/en\/start-of-2025-resident-doctors-ready-to-strike-if-necessary\/","title":{"rendered":"Start of 2025: Resident doctors ready to strike if necessary"},"content":{"rendered":"\t\t<div data-elementor-type=\"wp-post\" data-elementor-id=\"2738367\" class=\"elementor elementor-2738367 elementor-2738351\" data-elementor-post-type=\"post\">\n\t\t\t\t<div data-particle_enable=\"false\" data-particle-mobile-disabled=\"false\" class=\"elementor-element elementor-element-394a585 e-flex e-con-boxed e-con e-parent\" data-id=\"394a585\" data-element_type=\"container\">\n\t\t\t\t\t<div class=\"e-con-inner\">\n\t\t\n\n\n\n\t\t<div class=\"elementor-element elementor-element-50b9dfd elementor-widget elementor-widget-accordion_oktane\" data-id=\"50b9dfd\" data-element_type=\"widget\" data-widget_type=\"accordion_oktane.default\">\n\t\t\t\t<div class=\"elementor-widget-container\">\n\t\t\t\t\t\n        <div class=\"Accordion\">\n            <div class=\"page-section page-section__wrapper\">\n                                    <div class=\"Accordion__item\">\n                        <div class=\"Accordion__content-wrapper\">\n                            <input type=\"checkbox\" id=\"faq-8461\" data-tab=\"1\" role=\"tabpanel\" aria-labelledby=\"accordion-title-8461\">\n                            <h4 class=\"Accordion__head-title\">\n                                <label for=\"faq-8461\">Table of Contents<\/label>\n                                <div class=\"Accordion__head-icon\">\n                                <\/div>\n                            <\/h4>\n                            <div class=\"Accordion__wysiwyg-content\">\n                                <div class=\"wp-content\">\n                                    <ul><li><a href=\"#manchette\">Headlines<\/a><\/li><li><a href=\"#Politique\">Healthcare Policy and Network Management<\/a><\/li><li><a href=\"#Etudes\">Studies, Discoveries and Medications<\/a><\/li><li><a href=\"#Autres\">Other Healthcare Professionals<\/a><\/li><li><a href=\"#Patients\">Patients and Personal Health<\/a><\/li><li><a href=\"#ailleurs\">Elsewhere in Qu\u00e9bec <\/a><\/li><li><a href=\"#Sante\">Healthcare in Canada and Beyond<\/a><\/li><li><a href=\"#Ecouter\">Listen<\/a><\/li><li><a href=\"#Caricature\">Caricatures and Social Media<\/a><\/li><\/ul>                                                                    <\/div>\n                            <\/div>\n                        <\/div>\n                    <\/div>\n                            <\/div>\n        <\/div>\n    \t\t\t\t<\/div>\n\t\t\t\t<\/div>\n\t\t\t\t\t<\/div>\n\t\t\t\t<\/div>\n\t\t<div data-particle_enable=\"false\" data-particle-mobile-disabled=\"false\" class=\"elementor-element elementor-element-5fbe63c e-flex e-con-boxed e-con e-parent\" data-id=\"5fbe63c\" data-element_type=\"container\">\n\t\t\t\t\t<div class=\"e-con-inner\">\n\t\t\t\t<div class=\"elementor-element elementor-element-85c94fb elementor-widget elementor-widget-menu-anchor\" data-id=\"85c94fb\" data-element_type=\"widget\" data-widget_type=\"menu-anchor.default\">\n\t\t\t\t<div class=\"elementor-widget-container\">\n\t\t\t\t\t\t\t<div class=\"elementor-menu-anchor\" id=\"manchette\"><\/div>\n\t\t\t\t\t\t<\/div>\n\t\t\t\t<\/div>\n\t\t\t\t<div class=\"elementor-element elementor-element-c8494f5 elementor-widget elementor-widget-wysiwyg_oktane\" data-id=\"c8494f5\" data-element_type=\"widget\" data-widget_type=\"wysiwyg_oktane.default\">\n\t\t\t\t<div class=\"elementor-widget-container\">\n\t\t\t\t\t\t\t<div class=\"wysiwyg\"\n        >\n            <div class=\"page-section page-section__wrapper\">\n                <div class=\"wysiwyg__wrapper\">\n                    <div class=\"wysiwyg__content wp-content\">\n                        <h2>Headlines<\/h2>                    <\/div>\n                <\/div>\n            <\/div>\n\t\t<\/div>\n\t\t\t\t\t\t<\/div>\n\t\t\t\t<\/div>\n\t\t\t\t<div class=\"elementor-element elementor-element-192f176 elementor-widget elementor-widget-wysiwyg_oktane\" data-id=\"192f176\" data-element_type=\"widget\" data-widget_type=\"wysiwyg_oktane.default\">\n\t\t\t\t<div class=\"elementor-widget-container\">\n\t\t\t\t\t\t\t<div class=\"wysiwyg\"\n        >\n            <div class=\"page-section page-section__wrapper\">\n                <div class=\"wysiwyg__wrapper\">\n                    <div class=\"wysiwyg__content wp-content\">\n                        <p><a href=\"https:\/\/www.lapresse.ca\/actualites\/sante\/2024-12-17\/debut-de-2025\/les-medecins-residents-prets-a-recourir-a-la-greve-s-il-le-faut.php\" target=\"_blank\" rel=\"noopener\"><strong> D\u00e9but de 2025\u00a0: Les m\u00e9decins r\u00e9sidents pr\u00eats \u00e0 recourir \u00e0 la gr\u00e8ve s\u2019il le faut<\/strong><\/a><br \/>La Presse<br \/>\u00a0<br \/><a href=\"https:\/\/www.newswire.ca\/fr\/news-releases\/bilan-de-l-annee-de-la-fmrq-les-negociations-entre-la-fmrq-et-le-ministre-de-la-sante-se-dirigent-vers-une-impasse-874467151.html\" target=\"_blank\" rel=\"noopener\"><strong>Bilan de l'ann\u00e9e de la FMRQ - Les n\u00e9gociations entre la FMRQ et le ministre de la Sant\u00e9 se dirigent vers une impasse<\/strong><\/a><br \/>Communiqu\u00e9 de la F\u00e9d\u00e9ration des m\u00e9decins r\u00e9sidents du Qu\u00e9bec (FMRQ)<br \/>\u00a0<br \/><a href=\"https:\/\/www.lapresse.ca\/actualites\/sante\/2024-12-18\/groupes-de-medecine-de-famille\/quebec-resserre-certaines-obligations.php\" target=\"_blank\" rel=\"noopener\"><strong>Groupes de m\u00e9decine de famille\u00a0: Qu\u00e9bec resserre certaines obligations<\/strong><\/a><br \/>La Presse<br \/>\u00a0<br \/><a href=\"https:\/\/www.journaldemontreal.com\/2024\/12\/19\/un-premier-noel-normal-en-cinq-ans-au-quebec-cest-un-retour-a-la-normalite--dr-mathieu-simon\" target=\"_blank\" rel=\"noopener\"><strong>COVID-19 et influenza: un premier No\u00ebl normal en cinq ans au Qu\u00e9bec<\/strong><\/a><br \/>Journal de Montr\u00e9al\u00a0<\/p>                    <\/div>\n                <\/div>\n            <\/div>\n\t\t<\/div>\n\t\t\t\t\t\t<\/div>\n\t\t\t\t<\/div>\n\t\t\t\t\t<\/div>\n\t\t\t\t<\/div>\n\t\t<div data-particle_enable=\"false\" data-particle-mobile-disabled=\"false\" class=\"elementor-element elementor-element-f2e0eb4 e-flex e-con-boxed e-con e-parent\" data-id=\"f2e0eb4\" data-element_type=\"container\">\n\t\t\t\t\t<div class=\"e-con-inner\">\n\t\t\t\t<div class=\"elementor-element elementor-element-80ff00d elementor-widget elementor-widget-menu-anchor\" data-id=\"80ff00d\" data-element_type=\"widget\" data-widget_type=\"menu-anchor.default\">\n\t\t\t\t<div class=\"elementor-widget-container\">\n\t\t\t\t\t\t\t<div class=\"elementor-menu-anchor\" id=\"Politique\"><\/div>\n\t\t\t\t\t\t<\/div>\n\t\t\t\t<\/div>\n\t\t\t\t<div class=\"elementor-element elementor-element-365a088 elementor-widget elementor-widget-wysiwyg_oktane\" data-id=\"365a088\" data-element_type=\"widget\" data-widget_type=\"wysiwyg_oktane.default\">\n\t\t\t\t<div class=\"elementor-widget-container\">\n\t\t\t\t\t\t\t<div class=\"wysiwyg\"\n        >\n            <div class=\"page-section page-section__wrapper\">\n                <div class=\"wysiwyg__wrapper\">\n                    <div class=\"wysiwyg__content wp-content\">\n                        <h2>Healthcare Policy and Network Management<\/h2>                    <\/div>\n                <\/div>\n            <\/div>\n\t\t<\/div>\n\t\t\t\t\t\t<\/div>\n\t\t\t\t<\/div>\n\t\t\t\t<div class=\"elementor-element elementor-element-4319768 elementor-widget elementor-widget-wysiwyg_oktane\" data-id=\"4319768\" data-element_type=\"widget\" data-widget_type=\"wysiwyg_oktane.default\">\n\t\t\t\t<div class=\"elementor-widget-container\">\n\t\t\t\t\t\t\t<div class=\"wysiwyg\"\n        >\n            <div class=\"page-section page-section__wrapper\">\n                <div class=\"wysiwyg__wrapper\">\n                    <div class=\"wysiwyg__content wp-content\">\n                        <p><a href=\"https:\/\/www.montrealgazette.com\/opinion\/columnists\/article618118.html\" target=\"_blank\" rel=\"noopener\"><strong> Government, Sant\u00e9 Qu\u00e9bec at odds over home-care cuts<\/strong><\/a><br \/>The Gazette<br \/>\u00a0<br \/><a href=\"https:\/\/www.lenouvelliste.ca\/actualites\/actualites-locales\/2024\/12\/16\/il-faut-parler-de-la-pilule-abortive-pour-la-faire-connaitre-estime-martine-biron-TOC5674TUVFWXGEVT2OPSWNLAU\/\" target=\"_blank\" rel=\"noopener\"><strong>Il faut parler de la pilule abortive pour la faire conna\u00eetre, estime Martine Biron <\/strong><\/a><br \/>Le Nouvelliste<\/p>                    <\/div>\n                <\/div>\n            <\/div>\n\t\t<\/div>\n\t\t\t\t\t\t<\/div>\n\t\t\t\t<\/div>\n\t\t\t\t\t<\/div>\n\t\t\t\t<\/div>\n\t\t<div data-particle_enable=\"false\" data-particle-mobile-disabled=\"false\" class=\"elementor-element elementor-element-2136413 e-flex e-con-boxed e-con e-parent\" data-id=\"2136413\" data-element_type=\"container\">\n\t\t\t\t\t<div class=\"e-con-inner\">\n\t\t\t\t<div class=\"elementor-element elementor-element-eede8d4 elementor-widget elementor-widget-menu-anchor\" data-id=\"eede8d4\" data-element_type=\"widget\" data-widget_type=\"menu-anchor.default\">\n\t\t\t\t<div class=\"elementor-widget-container\">\n\t\t\t\t\t\t\t<div class=\"elementor-menu-anchor\" id=\"Etudes\"><\/div>\n\t\t\t\t\t\t<\/div>\n\t\t\t\t<\/div>\n\t\t\t\t<div class=\"elementor-element elementor-element-cc3e37c elementor-widget elementor-widget-wysiwyg_oktane\" data-id=\"cc3e37c\" data-element_type=\"widget\" data-widget_type=\"wysiwyg_oktane.default\">\n\t\t\t\t<div class=\"elementor-widget-container\">\n\t\t\t\t\t\t\t<div class=\"wysiwyg\"\n        >\n            <div class=\"page-section page-section__wrapper\">\n                <div class=\"wysiwyg__wrapper\">\n                    <div class=\"wysiwyg__content wp-content\">\n                        <h2>Studies, Discoveries and Medications<\/h2>                    <\/div>\n                <\/div>\n            <\/div>\n\t\t<\/div>\n\t\t\t\t\t\t<\/div>\n\t\t\t\t<\/div>\n\t\t\t\t<div class=\"elementor-element elementor-element-26823cc elementor-widget elementor-widget-wysiwyg_oktane\" data-id=\"26823cc\" data-element_type=\"widget\" data-widget_type=\"wysiwyg_oktane.default\">\n\t\t\t\t<div class=\"elementor-widget-container\">\n\t\t\t\t\t\t\t<div class=\"wysiwyg\"\n        >\n            <div class=\"page-section page-section__wrapper\">\n                <div class=\"wysiwyg__wrapper\">\n                    <div class=\"wysiwyg__content wp-content\">\n                        <p><a href=\"https:\/\/www.lapresse.ca\/actualites\/sciences\/2024-12-17\/usage-de-l-hydroxychloroquine\/invalidation-d-une-etude-phare-sur-la-covid-19-publiee-par-un-medecin-francais.php\" target=\"_blank\" rel=\"noopener\"><strong> Usage de l\u2019hydroxychloroquine\u00a0: Invalidation d\u2019une \u00e9tude phare sur la COVID-19 publi\u00e9e par un m\u00e9decin fran\u00e7ais<\/strong><\/a><br \/>La Presse<\/p>                    <\/div>\n                <\/div>\n            <\/div>\n\t\t<\/div>\n\t\t\t\t\t\t<\/div>\n\t\t\t\t<\/div>\n\t\t\t\t\t<\/div>\n\t\t\t\t<\/div>\n\t\t<div data-particle_enable=\"false\" data-particle-mobile-disabled=\"false\" class=\"elementor-element elementor-element-d58b686 e-flex e-con-boxed e-con e-parent\" data-id=\"d58b686\" data-element_type=\"container\">\n\t\t\t\t\t<div class=\"e-con-inner\">\n\t\t\t\t<div class=\"elementor-element elementor-element-d2064af elementor-widget elementor-widget-menu-anchor\" data-id=\"d2064af\" data-element_type=\"widget\" data-widget_type=\"menu-anchor.default\">\n\t\t\t\t<div class=\"elementor-widget-container\">\n\t\t\t\t\t\t\t<div class=\"elementor-menu-anchor\" id=\"Autres\"><\/div>\n\t\t\t\t\t\t<\/div>\n\t\t\t\t<\/div>\n\t\t\t\t<div class=\"elementor-element elementor-element-6037e4e elementor-widget elementor-widget-wysiwyg_oktane\" data-id=\"6037e4e\" data-element_type=\"widget\" data-widget_type=\"wysiwyg_oktane.default\">\n\t\t\t\t<div class=\"elementor-widget-container\">\n\t\t\t\t\t\t\t<div class=\"wysiwyg\"\n        >\n            <div class=\"page-section page-section__wrapper\">\n                <div class=\"wysiwyg__wrapper\">\n                    <div class=\"wysiwyg__content wp-content\">\n                        <h2>Other Healthcare Professionals<\/h2>                    <\/div>\n                <\/div>\n            <\/div>\n\t\t<\/div>\n\t\t\t\t\t\t<\/div>\n\t\t\t\t<\/div>\n\t\t\t\t<div class=\"elementor-element elementor-element-06cbed9 elementor-widget elementor-widget-wysiwyg_oktane\" data-id=\"06cbed9\" data-element_type=\"widget\" data-widget_type=\"wysiwyg_oktane.default\">\n\t\t\t\t<div class=\"elementor-widget-container\">\n\t\t\t\t\t\t\t<div class=\"wysiwyg\"\n        >\n            <div class=\"page-section page-section__wrapper\">\n                <div class=\"wysiwyg__wrapper\">\n                    <div class=\"wysiwyg__content wp-content\">\n                        <p><a href=\"https:\/\/www.journaldemontreal.com\/2024\/12\/17\/un-projet-pilote-qui-devait-simplifier-les-soins-a-domicile-cause-des-bogues-informatiques-et-deux-fois-plus-de-paperasse\" target=\"_blank\" rel=\"noopener\"><strong> Un projet pilote qui devait simplifier les soins \u00e0 domicile cause des bogues informatiques et deux fois plus de paperasse<\/strong><\/a><br \/>Journal de Montr\u00e9al<\/p>                    <\/div>\n                <\/div>\n            <\/div>\n\t\t<\/div>\n\t\t\t\t\t\t<\/div>\n\t\t\t\t<\/div>\n\t\t\t\t\t<\/div>\n\t\t\t\t<\/div>\n\t\t<div data-particle_enable=\"false\" data-particle-mobile-disabled=\"false\" class=\"elementor-element elementor-element-8b2a2bc e-flex e-con-boxed e-con e-parent\" data-id=\"8b2a2bc\" data-element_type=\"container\">\n\t\t\t\t\t<div class=\"e-con-inner\">\n\t\t\t\t<div class=\"elementor-element elementor-element-24d7d12 elementor-widget elementor-widget-menu-anchor\" data-id=\"24d7d12\" data-element_type=\"widget\" data-widget_type=\"menu-anchor.default\">\n\t\t\t\t<div class=\"elementor-widget-container\">\n\t\t\t\t\t\t\t<div class=\"elementor-menu-anchor\" id=\"Patients\"><\/div>\n\t\t\t\t\t\t<\/div>\n\t\t\t\t<\/div>\n\t\t\t\t<div class=\"elementor-element elementor-element-1ac366d elementor-widget elementor-widget-wysiwyg_oktane\" data-id=\"1ac366d\" data-element_type=\"widget\" data-widget_type=\"wysiwyg_oktane.default\">\n\t\t\t\t<div class=\"elementor-widget-container\">\n\t\t\t\t\t\t\t<div class=\"wysiwyg\"\n        >\n            <div class=\"page-section page-section__wrapper\">\n                <div class=\"wysiwyg__wrapper\">\n                    <div class=\"wysiwyg__content wp-content\">\n                        <h2>Patients and Personal Health<\/h2>                    <\/div>\n                <\/div>\n            <\/div>\n\t\t<\/div>\n\t\t\t\t\t\t<\/div>\n\t\t\t\t<\/div>\n\t\t\t\t<div class=\"elementor-element elementor-element-5c79065 elementor-widget elementor-widget-wysiwyg_oktane\" data-id=\"5c79065\" data-element_type=\"widget\" data-widget_type=\"wysiwyg_oktane.default\">\n\t\t\t\t<div class=\"elementor-widget-container\">\n\t\t\t\t\t\t\t<div class=\"wysiwyg\"\n        >\n            <div class=\"page-section page-section__wrapper\">\n                <div class=\"wysiwyg__wrapper\">\n                    <div class=\"wysiwyg__content wp-content\">\n                        <p><a href=\"https:\/\/www.ledevoir.com\/opinion\/idees\/826247\/idees-tiktok-tdah-trend-maladies-mentales\" target=\"_blank\" rel=\"noopener\"><strong> TikTok, le TDAH et la \u2018trend\u2019 des maladies mentales <\/strong><\/a><br \/>Le Devoir<\/p>                    <\/div>\n                <\/div>\n            <\/div>\n\t\t<\/div>\n\t\t\t\t\t\t<\/div>\n\t\t\t\t<\/div>\n\t\t\t\t\t<\/div>\n\t\t\t\t<\/div>\n\t\t<div data-particle_enable=\"false\" data-particle-mobile-disabled=\"false\" class=\"elementor-element elementor-element-a95f006 e-flex e-con-boxed e-con e-parent\" data-id=\"a95f006\" data-element_type=\"container\">\n\t\t\t\t\t<div class=\"e-con-inner\">\n\t\t\t\t<div class=\"elementor-element elementor-element-0bb616a elementor-widget elementor-widget-menu-anchor\" data-id=\"0bb616a\" data-element_type=\"widget\" data-widget_type=\"menu-anchor.default\">\n\t\t\t\t<div class=\"elementor-widget-container\">\n\t\t\t\t\t\t\t<div class=\"elementor-menu-anchor\" id=\"ailleurs\"><\/div>\n\t\t\t\t\t\t<\/div>\n\t\t\t\t<\/div>\n\t\t\t\t<div class=\"elementor-element elementor-element-30d21b2 elementor-widget elementor-widget-wysiwyg_oktane\" data-id=\"30d21b2\" data-element_type=\"widget\" data-widget_type=\"wysiwyg_oktane.default\">\n\t\t\t\t<div class=\"elementor-widget-container\">\n\t\t\t\t\t\t\t<div class=\"wysiwyg\"\n        >\n            <div class=\"page-section page-section__wrapper\">\n                <div class=\"wysiwyg__wrapper\">\n                    <div class=\"wysiwyg__content wp-content\">\n                        <h2>Elsewhere in Qu\u00e9bec<\/h2>                    <\/div>\n                <\/div>\n            <\/div>\n\t\t<\/div>\n\t\t\t\t\t\t<\/div>\n\t\t\t\t<\/div>\n\t\t\t\t<div class=\"elementor-element elementor-element-531488d elementor-widget elementor-widget-wysiwyg_oktane\" data-id=\"531488d\" data-element_type=\"widget\" data-widget_type=\"wysiwyg_oktane.default\">\n\t\t\t\t<div class=\"elementor-widget-container\">\n\t\t\t\t\t\t\t<div class=\"wysiwyg\"\n        >\n            <div class=\"page-section page-section__wrapper\">\n                <div class=\"wysiwyg__wrapper\">\n                    <div class=\"wysiwyg__content wp-content\">\n                        <p><a href=\"https:\/\/www.tvanouvelles.ca\/2024\/12\/18\/nombreux-cas-de-sla-en-estrie-la-sante-publique-ouvre-une-enquete\" target=\"_blank\" rel=\"noopener\"><strong> Nombreux cas de SLA en Estrie: la Sant\u00e9 publique ouvre une enqu\u00eate<\/strong><\/a><br \/>TVA Nouvelles<\/p>                    <\/div>\n                <\/div>\n            <\/div>\n\t\t<\/div>\n\t\t\t\t\t\t<\/div>\n\t\t\t\t<\/div>\n\t\t\t\t\t<\/div>\n\t\t\t\t<\/div>\n\t\t<div data-particle_enable=\"false\" data-particle-mobile-disabled=\"false\" class=\"elementor-element elementor-element-2392efd e-flex e-con-boxed e-con e-parent\" data-id=\"2392efd\" data-element_type=\"container\">\n\t\t\t\t\t<div class=\"e-con-inner\">\n\t\t\t\t<div class=\"elementor-element elementor-element-e007452 elementor-widget elementor-widget-menu-anchor\" data-id=\"e007452\" data-element_type=\"widget\" data-widget_type=\"menu-anchor.default\">\n\t\t\t\t<div class=\"elementor-widget-container\">\n\t\t\t\t\t\t\t<div class=\"elementor-menu-anchor\" id=\"Sante\"><\/div>\n\t\t\t\t\t\t<\/div>\n\t\t\t\t<\/div>\n\t\t\t\t<div class=\"elementor-element elementor-element-bb3a497 elementor-widget elementor-widget-wysiwyg_oktane\" data-id=\"bb3a497\" data-element_type=\"widget\" data-widget_type=\"wysiwyg_oktane.default\">\n\t\t\t\t<div class=\"elementor-widget-container\">\n\t\t\t\t\t\t\t<div class=\"wysiwyg\"\n        >\n            <div class=\"page-section page-section__wrapper\">\n                <div class=\"wysiwyg__wrapper\">\n                    <div class=\"wysiwyg__content wp-content\">\n                        <h2>Healthcare in Canada and Beyond<\/h2>                    <\/div>\n                <\/div>\n            <\/div>\n\t\t<\/div>\n\t\t\t\t\t\t<\/div>\n\t\t\t\t<\/div>\n\t\t\t\t<div class=\"elementor-element elementor-element-02a2085 elementor-widget elementor-widget-wysiwyg_oktane\" data-id=\"02a2085\" data-element_type=\"widget\" data-widget_type=\"wysiwyg_oktane.default\">\n\t\t\t\t<div class=\"elementor-widget-container\">\n\t\t\t\t\t\t\t<div class=\"wysiwyg\"\n        >\n            <div class=\"page-section page-section__wrapper\">\n                <div class=\"wysiwyg__wrapper\">\n                    <div class=\"wysiwyg__content wp-content\">\n                        <p><a href=\"https:\/\/ici.radio-canada.ca\/nouvelle\/2127653\/doctors-manitoba-operation-seduction-trump\" target=\"_blank\" rel=\"noopener\"><strong> Doctors Manitoba veut s\u00e9duire des m\u00e9decins am\u00e9ricains qui redoutent le retour de Trump <\/strong><\/a><br \/>Radio-Canada<br \/>\u00a0<br \/><a href=\"https:\/\/www.westernwheel.ca\/beyond-local\/canada-sees-drop-in-number-of-family-physicians-for-the-first-time-in-decades-study-finds-9966731\" target=\"_blank\" rel=\"noopener\"><strong>Canada sees drop in number of family physicians for the first time in decades, study finds<\/strong><\/a><br \/>Western Wheel<br \/>\u00a0<br \/><a href=\"https:\/\/www.winnipegfreepress.com\/breakingnews\/2024\/12\/16\/doctors-manitoba-recruiting-south-of-border\" target=\"_blank\" rel=\"noopener\"><strong>Doctors Manitoba recruiting south of the border<\/strong><\/a><br \/>The Winnipeg Free Press<\/p>                    <\/div>\n                <\/div>\n            <\/div>\n\t\t<\/div>\n\t\t\t\t\t\t<\/div>\n\t\t\t\t<\/div>\n\t\t\t\t\t<\/div>\n\t\t\t\t<\/div>\n\t\t<div data-particle_enable=\"false\" data-particle-mobile-disabled=\"false\" class=\"elementor-element elementor-element-b7ecbbb e-flex e-con-boxed e-con e-parent\" data-id=\"b7ecbbb\" data-element_type=\"container\">\n\t\t\t\t\t<div class=\"e-con-inner\">\n\t\t\t\t<div class=\"elementor-element elementor-element-ba9461a elementor-widget elementor-widget-menu-anchor\" data-id=\"ba9461a\" data-element_type=\"widget\" data-widget_type=\"menu-anchor.default\">\n\t\t\t\t<div class=\"elementor-widget-container\">\n\t\t\t\t\t\t\t<div class=\"elementor-menu-anchor\" id=\"Ecouter\"><\/div>\n\t\t\t\t\t\t<\/div>\n\t\t\t\t<\/div>\n\t\t\t\t<div class=\"elementor-element elementor-element-23f28c3 elementor-widget elementor-widget-wysiwyg_oktane\" data-id=\"23f28c3\" data-element_type=\"widget\" data-widget_type=\"wysiwyg_oktane.default\">\n\t\t\t\t<div class=\"elementor-widget-container\">\n\t\t\t\t\t\t\t<div class=\"wysiwyg\"\n        >\n            <div class=\"page-section page-section__wrapper\">\n                <div class=\"wysiwyg__wrapper\">\n                    <div class=\"wysiwyg__content wp-content\">\n                        <h2>Listen<\/h2>                    <\/div>\n                <\/div>\n            <\/div>\n\t\t<\/div>\n\t\t\t\t\t\t<\/div>\n\t\t\t\t<\/div>\n\t\t\t\t<div class=\"elementor-element elementor-element-3409898 elementor-widget elementor-widget-wysiwyg_oktane\" data-id=\"3409898\" data-element_type=\"widget\" data-widget_type=\"wysiwyg_oktane.default\">\n\t\t\t\t<div class=\"elementor-widget-container\">\n\t\t\t\t\t\t\t<div class=\"wysiwyg\"\n        >\n            <div class=\"page-section page-section__wrapper\">\n                <div class=\"wysiwyg__wrapper\">\n                    <div class=\"wysiwyg__content wp-content\">\n                        <p><a href=\"https:\/\/www.985fm.ca\/audio\/667405\/quoi-faire-avec-mon-probleme-de-sante-un-guide-pour-aider-les-patients\" target=\"_blank\" rel=\"noopener\"><strong> \u2018Quoi faire avec mon probl\u00e8me de sant\u00e9\u2019 : un guide pour aider les patients<\/strong><\/a><br \/>Entrevue avec Dr R\u00e9al Barrette, coordonnateur m\u00e9dical de premi\u00e8re ligne, responsable du Guichet d\u2019acc\u00e8s m\u00e9decin de famille (GAMF) au CIUSSS de l\u2019Est-de-l'\u00eele-de-Montr\u00e9al<br \/>Extrait de l\u2019\u00e9mission de radio \u2018Lagac\u00e9 le matin\u2019 au 98,5 fm<br \/>\u00a0<br \/><a href=\"https:\/\/www.iheart.com\/podcast\/962-montreal-now-with-aaron-ra-96086768\/episode\/what-is-the-driving-force-behind-249352850\/\" target=\"_blank\" rel=\"noopener\"><strong>What is the driving force behind Quebec\u2019s emergency room crisis?<\/strong><\/a><br \/>Entrevue avec Aaron Derfel, journaliste pour le Montr\u00e9al<br \/>Extrait de l\u2019\u00e9mission de radio \u2018Montreal Now with Aaron Rand\u2019 sur CJAD 800<br \/>\u00a0<br \/><a href=\"https:\/\/ici.radio-canada.ca\/ohdio\/premiere\/emissions\/penelope\/segments\/rattrapage\/1943912\/dre-chantal-vallee-chocolat-pour-prevenir-diabete\" target=\"_blank\" rel=\"noopener\"><strong>Le chocolat pour pr\u00e9venir le diab\u00e8te ?<\/strong><\/a><br \/>Entrevue avec Dre Chantal Vall\u00e9e, interniste et cheffe du d\u00e9partement de m\u00e9decine sp\u00e9cialis\u00e9e de l\u2019h\u00f4pital Charles-Lemoyne<br \/>Extrait de l\u2019\u00e9mission de radio \u2018P\u00e9n\u00e9lope\u2019 sur Radio-Canada Premi\u00e8re<br \/>\u00a0<br \/><a href=\"https:\/\/ici.radio-canada.ca\/ohdio\/premiere\/emissions\/penelope\/segments\/rattrapage\/1943913\/denis-fortier-changements-depuis-25-ans-en-sante\" target=\"_blank\" rel=\"noopener\"><strong>Les 25 derni\u00e8res ann\u00e9es ont-elles chang\u00e9 votre rapport \u00e0 la sant\u00e9?\u00a0 <\/strong><\/a><br \/>Entrevue avec Denis Fortier, physioth\u00e9rapeute<br \/>Extrait de l\u2019\u00e9mission de radio \u2018P\u00e9n\u00e9lope\u2019 sur Radio-Canada Premi\u00e8re<br \/>\u00a0<br \/><a href=\"https:\/\/ici.radio-canada.ca\/ohdio\/premiere\/emissions\/penelope\/segments\/rattrapage\/1943914\/david-fortin-utilisation-diete-cetogene-dans-traitement-cancers\" target=\"_blank\" rel=\"noopener\"><strong>L\u2019utilisation de la di\u00e8te c\u00e9tog\u00e8ne dans le traitement des cancers<\/strong><\/a><br \/>Entrevue avec Dr David Fortin, neurochirurgien<br \/>Extrait de l\u2019\u00e9mission de radio \u2018P\u00e9n\u00e9lope\u2019 sur Radio-Canada Premi\u00e8re<br \/>\u00a0<br \/><a href=\"https:\/\/www.985fm.ca\/audio\/667206\/covid-longue-la-vie-d-avant-n-existe-plus\" target=\"_blank\" rel=\"noopener\"><strong>La maladie l'invalide depuis 9 mois - COVID longue: \u2018La vie d'avant n'existe plus\u2019<\/strong><\/a><br \/>Entrevue avec Dr Benoit Heppell, m\u00e9decin de famille \u00e0 Sherbrooke et M\u00e9lanie Champagne, dont la maladie l'invalide depuis 9 mois<br \/>Extrait de l\u2019\u00e9mission de radio \u2018Radio textos\u2019 au 98,5 fm<br \/>\u00a0<br \/><a href=\"https:\/\/www.qub.ca\/radio\/balado\/alexandre-dube?audio=1099475945\" target=\"_blank\" rel=\"noopener\"><strong>Un projet pilote visant \u00e0 simplifier le travail des infirmi\u00e8res fait\u2026 tout le contraire!<\/strong><\/a><br \/>Entrevue avec Hugo Duchaine, journaliste au Journal de Montr\u00e9al <br \/>Extrait de l\u2019\u00e9mission de radio \u2018Alexandre Dub\u00e9\u2019 sur Qub Radio<br \/>\u00a0<br \/><a href=\"https:\/\/ici.radio-canada.ca\/ohdio\/premiere\/emissions\/info-reveil\/segments\/rattrapage\/1942762\/docteur-andre-munger-retour-gaza-apres-une-mission-humanitaire\" target=\"_blank\" rel=\"noopener\"><strong>Dr Munger de retour de Gaza : \u2018comment peuvent-ils nous laisser vivre ce qu\u2019on vit?\u2019<\/strong><\/a><br \/>Entrevue avec Dr\u00a0Andr\u00e9 Munger, m\u00e9decin de famille de Rivi\u00e8re-du-Loup<br \/>Extrait de l\u2019\u00e9mission de radio \u2018Info-r\u00e9veil\u2019 sur Radio-Canada Premi\u00e8re<br \/>\u00a0<br \/><a href=\"https:\/\/www.fm1047.ca\/audio\/666881\/avec-quelles-conditions-mineures-un-pharmacien-peut-il-vous-aider\" target=\"_blank\" rel=\"noopener\"><strong>Avec quelles conditions mineures un pharmacien peut-il vous aider? <\/strong><\/a><br \/>Entrevue avec Jean-Fran\u00e7ois Rochette, pharmacien affili\u00e9 \u00e0 Acc\u00e8s Pharma<br \/>Extrait de l\u2019\u00e9mission de radio \u2018Radio textos\u2019 au 104,7 fm<br \/>\u00a0<br \/><a href=\"https:\/\/www.985fm.ca\/audio\/667392\/aucune-assistance-pour-son-mari-j-etais-devant-l-incomprehension-la-peur\" target=\"_blank\" rel=\"noopener\"><strong>Refus d'intervenir en dehors de l'urgence - Aucune assistance pour son mari : \u2018J'\u00e9tais devant l'incompr\u00e9hension, la peur\u2019<\/strong><\/a><br \/>Entrevue avec Louise Martineau De Passill\u00e9, elle et son mari ont v\u00e9cu une m\u00e9saventure \u00e0 l'H\u00f4pital de l'Enfant-J\u00e9sus CHU de Qu\u00e9bec<br \/>Extrait de l\u2019\u00e9mission de radio \u2018Lagac\u00e9 le matin\u2019 au 98,5 fm\u00a0<\/p>                    <\/div>\n                <\/div>\n            <\/div>\n\t\t<\/div>\n\t\t\t\t\t\t<\/div>\n\t\t\t\t<\/div>\n\t\t\t\t\t<\/div>\n\t\t\t\t<\/div>\n\t\t<div data-particle_enable=\"false\" data-particle-mobile-disabled=\"false\" class=\"elementor-element elementor-element-5a40346 e-flex e-con-boxed e-con e-parent\" data-id=\"5a40346\" data-element_type=\"container\">\n\t\t\t\t\t<div class=\"e-con-inner\">\n\t\t\t\t<div class=\"elementor-element elementor-element-8dd831d elementor-widget elementor-widget-menu-anchor\" data-id=\"8dd831d\" data-element_type=\"widget\" data-widget_type=\"menu-anchor.default\">\n\t\t\t\t<div class=\"elementor-widget-container\">\n\t\t\t\t\t\t\t<div class=\"elementor-menu-anchor\" id=\"Caricature\"><\/div>\n\t\t\t\t\t\t<\/div>\n\t\t\t\t<\/div>\n\t\t\t\t<div class=\"elementor-element elementor-element-7c812cb elementor-widget elementor-widget-wysiwyg_oktane\" data-id=\"7c812cb\" data-element_type=\"widget\" data-widget_type=\"wysiwyg_oktane.default\">\n\t\t\t\t<div class=\"elementor-widget-container\">\n\t\t\t\t\t\t\t<div class=\"wysiwyg\"\n        >\n            <div class=\"page-section page-section__wrapper\">\n                <div class=\"wysiwyg__wrapper\">\n                    <div class=\"wysiwyg__content wp-content\">\n                        <h2>Caricatures and Social Media<\/h2>                    <\/div>\n                <\/div>\n            <\/div>\n\t\t<\/div>\n\t\t\t\t\t\t<\/div>\n\t\t\t\t<\/div>\n\t\t\t\t<div class=\"elementor-element elementor-element-41ddf76 gallery-spacing-custom elementor-widget elementor-widget-image-gallery\" data-id=\"41ddf76\" data-element_type=\"widget\" data-widget_type=\"image-gallery.default\">\n\t\t\t\t<div class=\"elementor-widget-container\">\n\t\t\t\t\t\t\t<div class=\"elementor-image-gallery\">\n\t\t\t<div id='gallery-1' class='gallery galleryid-2738367 gallery-columns-1 gallery-size-large'><figure class='gallery-item'>\n\t\t\t<div class='gallery-icon landscape'>\n\t\t\t\t<a data-elementor-open-lightbox=\"yes\" data-elementor-lightbox-slideshow=\"41ddf76\" data-elementor-lightbox-title=\"tweet-cmq-1-min\" data-e-action-hash=\"#elementor-action%3Aaction%3Dlightbox%26settings%3DeyJpZCI6MjczODM1NywidXJsIjoiaHR0cHM6XC9cL3d3dy5hbW9tLm5ldFwvd3AtY29udGVudFwvdXBsb2Fkc1wvMjAyNFwvMTJcL3R3ZWV0LWNtcS0xLW1pbi0xLnBuZyIsInNsaWRlc2hvdyI6IjQxZGRmNzYifQ%3D%3D\" href='https:\/\/www.amom.net\/wp-content\/uploads\/2024\/12\/tweet-cmq-1-min-1.png'><img fetchpriority=\"high\" width=\"1024\" height=\"447\" src=\"https:\/\/www.amom.net\/wp-content\/uploads\/2024\/12\/tweet-cmq-1-min-1-1024x447.png\" class=\"attachment-large size-large\" alt=\"\" decoding=\"async\" srcset=\"https:\/\/www.amom.net\/wp-content\/uploads\/2024\/12\/tweet-cmq-1-min-1-1024x447.png 1024w, https:\/\/www.amom.net\/wp-content\/uploads\/2024\/12\/tweet-cmq-1-min-1-300x131.png 300w, https:\/\/www.amom.net\/wp-content\/uploads\/2024\/12\/tweet-cmq-1-min-1-768x335.png 768w, https:\/\/www.amom.net\/wp-content\/uploads\/2024\/12\/tweet-cmq-1-min-1-600x262.png 600w, https:\/\/www.amom.net\/wp-content\/uploads\/2024\/12\/tweet-cmq-1-min-1.png 1174w\" sizes=\"(max-width: 1024px) 100vw, 1024px\" \/><\/a>\n\t\t\t<\/div><\/figure><figure class='gallery-item'>\n\t\t\t<div class='gallery-icon landscape'>\n\t\t\t\t<a data-elementor-open-lightbox=\"yes\" data-elementor-lightbox-slideshow=\"41ddf76\" data-elementor-lightbox-title=\"tweet-cmq-2-min\" data-e-action-hash=\"#elementor-action%3Aaction%3Dlightbox%26settings%3DeyJpZCI6MjczODM1OSwidXJsIjoiaHR0cHM6XC9cL3d3dy5hbW9tLm5ldFwvd3AtY29udGVudFwvdXBsb2Fkc1wvMjAyNFwvMTJcL3R3ZWV0LWNtcS0yLW1pbi0xLnBuZyIsInNsaWRlc2hvdyI6IjQxZGRmNzYifQ%3D%3D\" href='https:\/\/www.amom.net\/wp-content\/uploads\/2024\/12\/tweet-cmq-2-min-1.png'><img width=\"1024\" height=\"1014\" src=\"https:\/\/www.amom.net\/wp-content\/uploads\/2024\/12\/tweet-cmq-2-min-1-1024x1014.png\" class=\"attachment-large size-large\" alt=\"\" decoding=\"async\" srcset=\"https:\/\/www.amom.net\/wp-content\/uploads\/2024\/12\/tweet-cmq-2-min-1-1024x1014.png 1024w, https:\/\/www.amom.net\/wp-content\/uploads\/2024\/12\/tweet-cmq-2-min-1-300x297.png 300w, https:\/\/www.amom.net\/wp-content\/uploads\/2024\/12\/tweet-cmq-2-min-1-150x150.png 150w, https:\/\/www.amom.net\/wp-content\/uploads\/2024\/12\/tweet-cmq-2-min-1-768x760.png 768w, https:\/\/www.amom.net\/wp-content\/uploads\/2024\/12\/tweet-cmq-2-min-1-600x594.png 600w, https:\/\/www.amom.net\/wp-content\/uploads\/2024\/12\/tweet-cmq-2-min-1-100x100.png 100w, https:\/\/www.amom.net\/wp-content\/uploads\/2024\/12\/tweet-cmq-2-min-1.png 1172w\" sizes=\"(max-width: 1024px) 100vw, 1024px\" \/><\/a>\n\t\t\t<\/div><\/figure><figure class='gallery-item'>\n\t\t\t<div class='gallery-icon landscape'>\n\t\t\t\t<a data-elementor-open-lightbox=\"yes\" data-elementor-lightbox-slideshow=\"41ddf76\" data-elementor-lightbox-title=\"tweet-dre-bernier-min\" data-e-action-hash=\"#elementor-action%3Aaction%3Dlightbox%26settings%3DeyJpZCI6MjczODM2MSwidXJsIjoiaHR0cHM6XC9cL3d3dy5hbW9tLm5ldFwvd3AtY29udGVudFwvdXBsb2Fkc1wvMjAyNFwvMTJcL3R3ZWV0LWRyZS1iZXJuaWVyLW1pbi0xLnBuZyIsInNsaWRlc2hvdyI6IjQxZGRmNzYifQ%3D%3D\" href='https:\/\/www.amom.net\/wp-content\/uploads\/2024\/12\/tweet-dre-bernier-min-1.png'><img width=\"1024\" height=\"841\" src=\"https:\/\/www.amom.net\/wp-content\/uploads\/2024\/12\/tweet-dre-bernier-min-1-1024x841.png\" class=\"attachment-large size-large\" alt=\"\" decoding=\"async\" srcset=\"https:\/\/www.amom.net\/wp-content\/uploads\/2024\/12\/tweet-dre-bernier-min-1-1024x841.png 1024w, https:\/\/www.amom.net\/wp-content\/uploads\/2024\/12\/tweet-dre-bernier-min-1-300x246.png 300w, https:\/\/www.amom.net\/wp-content\/uploads\/2024\/12\/tweet-dre-bernier-min-1-768x631.png 768w, https:\/\/www.amom.net\/wp-content\/uploads\/2024\/12\/tweet-dre-bernier-min-1-600x493.png 600w, https:\/\/www.amom.net\/wp-content\/uploads\/2024\/12\/tweet-dre-bernier-min-1.png 1174w\" sizes=\"(max-width: 1024px) 100vw, 1024px\" \/><\/a>\n\t\t\t<\/div><\/figure>\n\t\t<\/div>\n\t\t<\/div>\n\t\t\t\t\t\t<\/div>\n\t\t\t\t<\/div>\n\t\t\t\t\t<\/div>\n\t\t\t\t<\/div>\n\t\t\t\t<\/div>\n\t\t","protected":false},"excerpt":{"rendered":"<p>Table of Contents Headlines Healthcare Policy and Network Management Studies, Discoveries and Medications Other Healthcare Professionals Patients and Personal Health Elsewhere in Qu\u00e9bec Healthcare in Canada and Beyond Listen Caricatures and Social Media Headlines D\u00e9but de 2025\u00a0: Les m\u00e9decins r\u00e9sidents pr\u00eats \u00e0 recourir \u00e0 la gr\u00e8ve s\u2019il le faut La Presse Bilan de l&#8217;ann\u00e9e de [&hellip;]<\/p>\n","protected":false},"author":252,"featured_media":0,"comment_status":"open","ping_status":"open","sticky":false,"template":"","format":"standard","meta":{"_acf_changed":false,"footnotes":""},"categories":[103],"tags":[],"class_list":["post-2738367","post","type-post","status-publish","format-standard","hentry","category-press-reviews"],"acf":[],"yoast_head":"<!-- This site is optimized with the Yoast SEO plugin v26.8 - https:\/\/yoast.com\/product\/yoast-seo-wordpress\/ -->\n<title>Start of 2025: Resident doctors ready to strike if necessary - Association des m\u00e9decins omnipraticiens de Montr\u00e9al<\/title>\n<meta name=\"robots\" content=\"index, follow, max-snippet:-1, max-image-preview:large, max-video-preview:-1\" \/>\n<link rel=\"canonical\" href=\"https:\/\/www.amom.net\/en\/start-of-2025-resident-doctors-ready-to-strike-if-necessary\/\" \/>\n<meta property=\"og:locale\" content=\"en_US\" \/>\n<meta property=\"og:type\" content=\"article\" \/>\n<meta property=\"og:title\" content=\"Start of 2025: Resident doctors ready to strike if necessary - Association des m\u00e9decins omnipraticiens de Montr\u00e9al\" \/>\n<meta property=\"og:description\" content=\"Table of Contents Headlines Healthcare Policy and Network Management Studies, Discoveries and Medications Other Healthcare Professionals Patients and Personal Health Elsewhere in Qu\u00e9bec Healthcare in Canada and Beyond Listen Caricatures and Social Media Headlines D\u00e9but de 2025\u00a0: Les m\u00e9decins r\u00e9sidents pr\u00eats \u00e0 recourir \u00e0 la gr\u00e8ve s\u2019il le faut La Presse Bilan de l&#8217;ann\u00e9e de [&hellip;]\" \/>\n<meta property=\"og:url\" content=\"https:\/\/www.amom.net\/en\/start-of-2025-resident-doctors-ready-to-strike-if-necessary\/\" \/>\n<meta property=\"og:site_name\" content=\"Association des m\u00e9decins omnipraticiens de Montr\u00e9al\" \/>\n<meta property=\"article:publisher\" content=\"https:\/\/www.facebook.com\/profile.php?id=100064821276218\" \/>\n<meta property=\"article:published_time\" content=\"2024-12-18T16:31:21+00:00\" \/>\n<meta property=\"article:modified_time\" content=\"2024-12-18T17:07:48+00:00\" \/>\n<meta property=\"og:image\" content=\"https:\/\/www.amom.net\/wp-content\/uploads\/2024\/12\/tweet-cmq-1-min-1-1024x447.png\" \/>\n<meta name=\"author\" content=\"Catherine Vachon, responsable des communications\" \/>\n<meta name=\"twitter:card\" content=\"summary_large_image\" \/>\n<meta name=\"twitter:label1\" content=\"Written by\" \/>\n\t<meta name=\"twitter:data1\" content=\"Catherine Vachon, responsable des communications\" \/>\n\t<meta name=\"twitter:label2\" content=\"Est. reading time\" \/>\n\t<meta name=\"twitter:data2\" content=\"4 minutes\" \/>\n<script type=\"application\/ld+json\" class=\"yoast-schema-graph\">{\"@context\":\"https:\/\/schema.org\",\"@graph\":[{\"@type\":\"Article\",\"@id\":\"https:\/\/www.amom.net\/en\/start-of-2025-resident-doctors-ready-to-strike-if-necessary\/#article\",\"isPartOf\":{\"@id\":\"https:\/\/www.amom.net\/en\/start-of-2025-resident-doctors-ready-to-strike-if-necessary\/\"},\"author\":{\"name\":\"Catherine Vachon, responsable des communications\",\"@id\":\"https:\/\/www.amom.net\/#\/schema\/person\/bdf6b293e92f24f62c11388c92549978\"},\"headline\":\"Start of 2025: Resident doctors ready to strike if necessary\",\"datePublished\":\"2024-12-18T16:31:21+00:00\",\"dateModified\":\"2024-12-18T17:07:48+00:00\",\"mainEntityOfPage\":{\"@id\":\"https:\/\/www.amom.net\/en\/start-of-2025-resident-doctors-ready-to-strike-if-necessary\/\"},\"wordCount\":717,\"commentCount\":0,\"publisher\":{\"@id\":\"https:\/\/www.amom.net\/#organization\"},\"image\":{\"@id\":\"https:\/\/www.amom.net\/en\/start-of-2025-resident-doctors-ready-to-strike-if-necessary\/#primaryimage\"},\"thumbnailUrl\":\"https:\/\/www.amom.net\/wp-content\/uploads\/2024\/12\/tweet-cmq-1-min-1-1024x447.png\",\"articleSection\":[\"Press\u00a0Reviews\"],\"inLanguage\":\"en-US\",\"potentialAction\":[{\"@type\":\"CommentAction\",\"name\":\"Comment\",\"target\":[\"https:\/\/www.amom.net\/en\/start-of-2025-resident-doctors-ready-to-strike-if-necessary\/#respond\"]}]},{\"@type\":\"WebPage\",\"@id\":\"https:\/\/www.amom.net\/en\/start-of-2025-resident-doctors-ready-to-strike-if-necessary\/\",\"url\":\"https:\/\/www.amom.net\/en\/start-of-2025-resident-doctors-ready-to-strike-if-necessary\/\",\"name\":\"Start of 2025: Resident doctors ready to strike if necessary - Association des m\u00e9decins omnipraticiens de Montr\u00e9al\",\"isPartOf\":{\"@id\":\"https:\/\/www.amom.net\/#website\"},\"primaryImageOfPage\":{\"@id\":\"https:\/\/www.amom.net\/en\/start-of-2025-resident-doctors-ready-to-strike-if-necessary\/#primaryimage\"},\"image\":{\"@id\":\"https:\/\/www.amom.net\/en\/start-of-2025-resident-doctors-ready-to-strike-if-necessary\/#primaryimage\"},\"thumbnailUrl\":\"https:\/\/www.amom.net\/wp-content\/uploads\/2024\/12\/tweet-cmq-1-min-1-1024x447.png\",\"datePublished\":\"2024-12-18T16:31:21+00:00\",\"dateModified\":\"2024-12-18T17:07:48+00:00\",\"breadcrumb\":{\"@id\":\"https:\/\/www.amom.net\/en\/start-of-2025-resident-doctors-ready-to-strike-if-necessary\/#breadcrumb\"},\"inLanguage\":\"en-US\",\"potentialAction\":[{\"@type\":\"ReadAction\",\"target\":[\"https:\/\/www.amom.net\/en\/start-of-2025-resident-doctors-ready-to-strike-if-necessary\/\"]}]},{\"@type\":\"ImageObject\",\"inLanguage\":\"en-US\",\"@id\":\"https:\/\/www.amom.net\/en\/start-of-2025-resident-doctors-ready-to-strike-if-necessary\/#primaryimage\",\"url\":\"https:\/\/www.amom.net\/wp-content\/uploads\/2024\/12\/tweet-cmq-1-min-1-1024x447.png\",\"contentUrl\":\"https:\/\/www.amom.net\/wp-content\/uploads\/2024\/12\/tweet-cmq-1-min-1-1024x447.png\"},{\"@type\":\"BreadcrumbList\",\"@id\":\"https:\/\/www.amom.net\/en\/start-of-2025-resident-doctors-ready-to-strike-if-necessary\/#breadcrumb\",\"itemListElement\":[{\"@type\":\"ListItem\",\"position\":1,\"name\":\"Accueil\",\"item\":\"https:\/\/www.amom.net\/\"},{\"@type\":\"ListItem\",\"position\":2,\"name\":\"Start of 2025: Resident doctors ready to strike if necessary\"}]},{\"@type\":\"WebSite\",\"@id\":\"https:\/\/www.amom.net\/#website\",\"url\":\"https:\/\/www.amom.net\/\",\"name\":\"Association des m\u00e9decins omnipraticiens de Montr\u00e9al\",\"description\":\"\",\"publisher\":{\"@id\":\"https:\/\/www.amom.net\/#organization\"},\"potentialAction\":[{\"@type\":\"SearchAction\",\"target\":{\"@type\":\"EntryPoint\",\"urlTemplate\":\"https:\/\/www.amom.net\/?s={search_term_string}\"},\"query-input\":{\"@type\":\"PropertyValueSpecification\",\"valueRequired\":true,\"valueName\":\"search_term_string\"}}],\"inLanguage\":\"en-US\"},{\"@type\":\"Organization\",\"@id\":\"https:\/\/www.amom.net\/#organization\",\"name\":\"Association des m\u00e9decins omnipraticiens de Montr\u00e9al\",\"url\":\"https:\/\/www.amom.net\/\",\"logo\":{\"@type\":\"ImageObject\",\"inLanguage\":\"en-US\",\"@id\":\"https:\/\/www.amom.net\/#\/schema\/logo\/image\/\",\"url\":\"https:\/\/www.amom.net\/wp-content\/uploads\/2023\/09\/logo-amom-1.svg\",\"contentUrl\":\"https:\/\/www.amom.net\/wp-content\/uploads\/2023\/09\/logo-amom-1.svg\",\"width\":281,\"height\":129,\"caption\":\"Association des m\u00e9decins omnipraticiens de Montr\u00e9al\"},\"image\":{\"@id\":\"https:\/\/www.amom.net\/#\/schema\/logo\/image\/\"},\"sameAs\":[\"https:\/\/www.facebook.com\/profile.php?id=100064821276218\"]},{\"@type\":\"Person\",\"@id\":\"https:\/\/www.amom.net\/#\/schema\/person\/bdf6b293e92f24f62c11388c92549978\",\"name\":\"Catherine Vachon, responsable des communications\",\"image\":{\"@type\":\"ImageObject\",\"inLanguage\":\"en-US\",\"@id\":\"https:\/\/www.amom.net\/#\/schema\/person\/image\/\",\"url\":\"https:\/\/secure.gravatar.com\/avatar\/875f8cc9ba46e8298385f0b18b815b56a1ef0cdde318a62dd90e2b5b83f44a30?s=96&d=mm&r=g\",\"contentUrl\":\"https:\/\/secure.gravatar.com\/avatar\/875f8cc9ba46e8298385f0b18b815b56a1ef0cdde318a62dd90e2b5b83f44a30?s=96&d=mm&r=g\",\"caption\":\"Catherine Vachon, responsable des communications\"},\"url\":\"https:\/\/www.amom.net\/en\/author\/cvachon\/\"}]}<\/script>\n<!-- \/ Yoast SEO plugin. -->","yoast_head_json":{"title":"Start of 2025: Resident doctors ready to strike if necessary - Association des m\u00e9decins omnipraticiens de Montr\u00e9al","robots":{"index":"index","follow":"follow","max-snippet":"max-snippet:-1","max-image-preview":"max-image-preview:large","max-video-preview":"max-video-preview:-1"},"canonical":"https:\/\/www.amom.net\/en\/start-of-2025-resident-doctors-ready-to-strike-if-necessary\/","og_locale":"en_US","og_type":"article","og_title":"Start of 2025: Resident doctors ready to strike if necessary - Association des m\u00e9decins omnipraticiens de Montr\u00e9al","og_description":"Table of Contents Headlines Healthcare Policy and Network Management Studies, Discoveries and Medications Other Healthcare Professionals Patients and Personal Health Elsewhere in Qu\u00e9bec Healthcare in Canada and Beyond Listen Caricatures and Social Media Headlines D\u00e9but de 2025\u00a0: Les m\u00e9decins r\u00e9sidents pr\u00eats \u00e0 recourir \u00e0 la gr\u00e8ve s\u2019il le faut La Presse Bilan de l&#8217;ann\u00e9e de [&hellip;]","og_url":"https:\/\/www.amom.net\/en\/start-of-2025-resident-doctors-ready-to-strike-if-necessary\/","og_site_name":"Association des m\u00e9decins omnipraticiens de Montr\u00e9al","article_publisher":"https:\/\/www.facebook.com\/profile.php?id=100064821276218","article_published_time":"2024-12-18T16:31:21+00:00","article_modified_time":"2024-12-18T17:07:48+00:00","og_image":[{"url":"https:\/\/www.amom.net\/wp-content\/uploads\/2024\/12\/tweet-cmq-1-min-1-1024x447.png","type":"","width":"","height":""}],"author":"Catherine Vachon, responsable des communications","twitter_card":"summary_large_image","twitter_misc":{"Written by":"Catherine Vachon, responsable des communications","Est. reading time":"4 minutes"},"schema":{"@context":"https:\/\/schema.org","@graph":[{"@type":"Article","@id":"https:\/\/www.amom.net\/en\/start-of-2025-resident-doctors-ready-to-strike-if-necessary\/#article","isPartOf":{"@id":"https:\/\/www.amom.net\/en\/start-of-2025-resident-doctors-ready-to-strike-if-necessary\/"},"author":{"name":"Catherine Vachon, responsable des communications","@id":"https:\/\/www.amom.net\/#\/schema\/person\/bdf6b293e92f24f62c11388c92549978"},"headline":"Start of 2025: Resident doctors ready to strike if necessary","datePublished":"2024-12-18T16:31:21+00:00","dateModified":"2024-12-18T17:07:48+00:00","mainEntityOfPage":{"@id":"https:\/\/www.amom.net\/en\/start-of-2025-resident-doctors-ready-to-strike-if-necessary\/"},"wordCount":717,"commentCount":0,"publisher":{"@id":"https:\/\/www.amom.net\/#organization"},"image":{"@id":"https:\/\/www.amom.net\/en\/start-of-2025-resident-doctors-ready-to-strike-if-necessary\/#primaryimage"},"thumbnailUrl":"https:\/\/www.amom.net\/wp-content\/uploads\/2024\/12\/tweet-cmq-1-min-1-1024x447.png","articleSection":["Press\u00a0Reviews"],"inLanguage":"en-US","potentialAction":[{"@type":"CommentAction","name":"Comment","target":["https:\/\/www.amom.net\/en\/start-of-2025-resident-doctors-ready-to-strike-if-necessary\/#respond"]}]},{"@type":"WebPage","@id":"https:\/\/www.amom.net\/en\/start-of-2025-resident-doctors-ready-to-strike-if-necessary\/","url":"https:\/\/www.amom.net\/en\/start-of-2025-resident-doctors-ready-to-strike-if-necessary\/","name":"Start of 2025: Resident doctors ready to strike if necessary - Association des m\u00e9decins omnipraticiens de Montr\u00e9al","isPartOf":{"@id":"https:\/\/www.amom.net\/#website"},"primaryImageOfPage":{"@id":"https:\/\/www.amom.net\/en\/start-of-2025-resident-doctors-ready-to-strike-if-necessary\/#primaryimage"},"image":{"@id":"https:\/\/www.amom.net\/en\/start-of-2025-resident-doctors-ready-to-strike-if-necessary\/#primaryimage"},"thumbnailUrl":"https:\/\/www.amom.net\/wp-content\/uploads\/2024\/12\/tweet-cmq-1-min-1-1024x447.png","datePublished":"2024-12-18T16:31:21+00:00","dateModified":"2024-12-18T17:07:48+00:00","breadcrumb":{"@id":"https:\/\/www.amom.net\/en\/start-of-2025-resident-doctors-ready-to-strike-if-necessary\/#breadcrumb"},"inLanguage":"en-US","potentialAction":[{"@type":"ReadAction","target":["https:\/\/www.amom.net\/en\/start-of-2025-resident-doctors-ready-to-strike-if-necessary\/"]}]},{"@type":"ImageObject","inLanguage":"en-US","@id":"https:\/\/www.amom.net\/en\/start-of-2025-resident-doctors-ready-to-strike-if-necessary\/#primaryimage","url":"https:\/\/www.amom.net\/wp-content\/uploads\/2024\/12\/tweet-cmq-1-min-1-1024x447.png","contentUrl":"https:\/\/www.amom.net\/wp-content\/uploads\/2024\/12\/tweet-cmq-1-min-1-1024x447.png"},{"@type":"BreadcrumbList","@id":"https:\/\/www.amom.net\/en\/start-of-2025-resident-doctors-ready-to-strike-if-necessary\/#breadcrumb","itemListElement":[{"@type":"ListItem","position":1,"name":"Accueil","item":"https:\/\/www.amom.net\/"},{"@type":"ListItem","position":2,"name":"Start of 2025: Resident doctors ready to strike if necessary"}]},{"@type":"WebSite","@id":"https:\/\/www.amom.net\/#website","url":"https:\/\/www.amom.net\/","name":"Association des m\u00e9decins omnipraticiens de Montr\u00e9al","description":"","publisher":{"@id":"https:\/\/www.amom.net\/#organization"},"potentialAction":[{"@type":"SearchAction","target":{"@type":"EntryPoint","urlTemplate":"https:\/\/www.amom.net\/?s={search_term_string}"},"query-input":{"@type":"PropertyValueSpecification","valueRequired":true,"valueName":"search_term_string"}}],"inLanguage":"en-US"},{"@type":"Organization","@id":"https:\/\/www.amom.net\/#organization","name":"Association des m\u00e9decins omnipraticiens de Montr\u00e9al","url":"https:\/\/www.amom.net\/","logo":{"@type":"ImageObject","inLanguage":"en-US","@id":"https:\/\/www.amom.net\/#\/schema\/logo\/image\/","url":"https:\/\/www.amom.net\/wp-content\/uploads\/2023\/09\/logo-amom-1.svg","contentUrl":"https:\/\/www.amom.net\/wp-content\/uploads\/2023\/09\/logo-amom-1.svg","width":281,"height":129,"caption":"Association des m\u00e9decins omnipraticiens de Montr\u00e9al"},"image":{"@id":"https:\/\/www.amom.net\/#\/schema\/logo\/image\/"},"sameAs":["https:\/\/www.facebook.com\/profile.php?id=100064821276218"]},{"@type":"Person","@id":"https:\/\/www.amom.net\/#\/schema\/person\/bdf6b293e92f24f62c11388c92549978","name":"Catherine Vachon, responsable des communications","image":{"@type":"ImageObject","inLanguage":"en-US","@id":"https:\/\/www.amom.net\/#\/schema\/person\/image\/","url":"https:\/\/secure.gravatar.com\/avatar\/875f8cc9ba46e8298385f0b18b815b56a1ef0cdde318a62dd90e2b5b83f44a30?s=96&d=mm&r=g","contentUrl":"https:\/\/secure.gravatar.com\/avatar\/875f8cc9ba46e8298385f0b18b815b56a1ef0cdde318a62dd90e2b5b83f44a30?s=96&d=mm&r=g","caption":"Catherine Vachon, responsable des communications"},"url":"https:\/\/www.amom.net\/en\/author\/cvachon\/"}]}},"_links":{"self":[{"href":"https:\/\/www.amom.net\/en\/wp-json\/wp\/v2\/posts\/2738367","targetHints":{"allow":["GET"]}}],"collection":[{"href":"https:\/\/www.amom.net\/en\/wp-json\/wp\/v2\/posts"}],"about":[{"href":"https:\/\/www.amom.net\/en\/wp-json\/wp\/v2\/types\/post"}],"author":[{"embeddable":true,"href":"https:\/\/www.amom.net\/en\/wp-json\/wp\/v2\/users\/252"}],"replies":[{"embeddable":true,"href":"https:\/\/www.amom.net\/en\/wp-json\/wp\/v2\/comments?post=2738367"}],"version-history":[{"count":5,"href":"https:\/\/www.amom.net\/en\/wp-json\/wp\/v2\/posts\/2738367\/revisions"}],"predecessor-version":[{"id":2738372,"href":"https:\/\/www.amom.net\/en\/wp-json\/wp\/v2\/posts\/2738367\/revisions\/2738372"}],"wp:attachment":[{"href":"https:\/\/www.amom.net\/en\/wp-json\/wp\/v2\/media?parent=2738367"}],"wp:term":[{"taxonomy":"category","embeddable":true,"href":"https:\/\/www.amom.net\/en\/wp-json\/wp\/v2\/categories?post=2738367"},{"taxonomy":"post_tag","embeddable":true,"href":"https:\/\/www.amom.net\/en\/wp-json\/wp\/v2\/tags?post=2738367"}],"curies":[{"name":"wp","href":"https:\/\/api.w.org\/{rel}","templated":true}]}}